{"id":30357,"date":"2023-01-31T16:05:29","date_gmt":"2023-01-31T15:05:29","guid":{"rendered":"https:\/\/www.vdsm.net\/wronline\/?p=30357"},"modified":"2023-01-31T16:05:42","modified_gmt":"2023-01-31T15:05:42","slug":"kick-off-des-vr-chain-forschungsprojekts-bei-vetter","status":"publish","type":"post","link":"https:\/\/www.vdsm.net\/wronline\/kick-off-des-vr-chain-forschungsprojekts-bei-vetter\/","title":{"rendered":"Kick-off des VR-Chain Forschungsprojekts bei VETTER"},"content":{"rendered":"<p>Am 25. und 26. Januar fand die Kick-Off Veranstaltung des BMBF-gef\u00f6rderten Forschungsprojekts VR-Chain bei der VETTER Krantechnik GmbH in Haiger statt. Das Projekt kn\u00fcpft geistig an das bisherige Forschungsprojekt aSTAR an und wird nun Virtual Reality zusammen mit 3D Scan Technologien als neue Form der Kollaboration erforschen. Mit dem neuen Forschungsprojekt wird die gesamte Wertsch\u00f6pfungskette von Lieferanten, \u00fcber Hersteller und Dienstleister bis zum Kunden adressiert. Die Forschung und die zu entwickelnde Technologie sollen dabei die nachhaltige Vernetzung in der Wertsch\u00f6pfungsketten fokussieren, indem der Raum f\u00fcr virtuelle Kollaboration, Diskussion, Gestaltung, Dokumentation und Innovation geschaffen wird.<\/p>\n<p>Die Kick-off Veranstaltung erm\u00f6glichte ein pers\u00f6nliches Kennenlernen der Projektpartner und des Projekttr\u00e4gers. Im Fokus der Veranstaltung stand die Projektorganisation und die Planung der ersten Arbeitspakete. Im VR-Chain Projekt ist neben der VETTER Krantechnik GmbH die AERO-LIFT Vakuumtechnik GmbH als Anwendungsunternehmen dabei. F\u00fcr die Entwicklung der VR- und Scan2VR-L\u00f6sung ist die UReality zust\u00e4ndig, w\u00e4hrend das ISF M\u00fcnchen und die Universit\u00e4t Bremen das Projekt als wissenschaftliche Partner begleiten.<\/p>\n<p>Text und Foto: <a href=\"https:\/\/www.vettercranes.com\" target=\"_blank\" rel=\"noopener\">VETTER Krantechnik GmbH\u00a0<\/a><\/p>\n<p>&nbsp;<\/p>\n","protected":false},"excerpt":{"rendered":"<p>Am 25. und 26. Januar fand die Kick-Off Veranstaltung des BMBF-gef\u00f6rderten Forschungsprojekts VR-Chain bei der VETTER Krantechnik GmbH in Haiger statt. Das Projekt kn\u00fcpft geistig&#8230;<\/p>\n","protected":false},"author":6,"featured_media":30362,"comment_status":"open","ping_status":"open","sticky":false,"template":"","format":"standard","meta":{"_jetpack_memberships_contains_paid_content":false,"footnotes":""},"categories":[1,32,30,10],"tags":[],"class_list":["post-30357","post","type-post","status-publish","format-standard","has-post-thumbnail","hentry","category-aktuell","category-infos","category-vermischtes","category-unternehmen"],"jetpack_featured_media_url":"https:\/\/www.vdsm.net\/wronline\/wp-content\/uploads\/2023\/01\/Vetter-Krantechnik_VR-Chain_WEB.jpg","jetpack_sharing_enabled":true,"_links":{"self":[{"href":"https:\/\/www.vdsm.net\/wronline\/wp-json\/wp\/v2\/posts\/30357","targetHints":{"allow":["GET"]}}],"collection":[{"href":"https:\/\/www.vdsm.net\/wronline\/wp-json\/wp\/v2\/posts"}],"about":[{"href":"https:\/\/www.vdsm.net\/wronline\/wp-json\/wp\/v2\/types\/post"}],"author":[{"embeddable":true,"href":"https:\/\/www.vdsm.net\/wronline\/wp-json\/wp\/v2\/users\/6"}],"replies":[{"embeddable":true,"href":"https:\/\/www.vdsm.net\/wronline\/wp-json\/wp\/v2\/comments?post=30357"}],"version-history":[{"count":3,"href":"https:\/\/www.vdsm.net\/wronline\/wp-json\/wp\/v2\/posts\/30357\/revisions"}],"predecessor-version":[{"id":30363,"href":"https:\/\/www.vdsm.net\/wronline\/wp-json\/wp\/v2\/posts\/30357\/revisions\/30363"}],"wp:featuredmedia":[{"embeddable":true,"href":"https:\/\/www.vdsm.net\/wronline\/wp-json\/wp\/v2\/media\/30362"}],"wp:attachment":[{"href":"https:\/\/www.vdsm.net\/wronline\/wp-json\/wp\/v2\/media?parent=30357"}],"wp:term":[{"taxonomy":"category","embeddable":true,"href":"https:\/\/www.vdsm.net\/wronline\/wp-json\/wp\/v2\/categories?post=30357"},{"taxonomy":"post_tag","embeddable":true,"href":"https:\/\/www.vdsm.net\/wronline\/wp-json\/wp\/v2\/tags?post=30357"}],"curies":[{"name":"wp","href":"https:\/\/api.w.org\/{rel}","templated":true}]}}