{"id":30350,"date":"2023-01-31T08:24:49","date_gmt":"2023-01-31T07:24:49","guid":{"rendered":"https:\/\/www.vdsm.net\/wronline\/?p=30350"},"modified":"2023-01-31T10:31:21","modified_gmt":"2023-01-31T09:31:21","slug":"fortschritt-bei-talbruecke-bueschergrund","status":"publish","type":"post","link":"https:\/\/www.vdsm.net\/wronline\/fortschritt-bei-talbruecke-bueschergrund\/","title":{"rendered":"Fortschritt bei Talbr\u00fccke B\u00fcschergrund"},"content":{"rendered":"<p>Auf Antrag der Autobahn Westfalen hat das Fernstra\u00dfen Bundesamt (FBA) festgestellt, dass f\u00fcr den Ersatzneubau der Talbr\u00fccke B\u00fcschergrund Planfeststellung und Plangenehmigung entfallen. Die ersten Bauvorbereitungen starten nun bereits am 31. Januar 2023 mit der Freimachung des Baufeldes. \u201eEs ist wichtig, dass wir diese Arbeiten jetzt zeitnah ausf\u00fchren k\u00f6nnen, um einen Baubeginn der Hauptbauma\u00dfnahme im Herbst dieses Jahres zu erm\u00f6glichen\u201c, erkl\u00e4rt der Leiter der Au\u00dfenstelle Netphen, Marco Gr\u00e4b. Denn: Laut Bundesnaturschutzgesetz sind F\u00e4llarbeiten grunds\u00e4tzlich nur von Oktober bis Ende Februar erlaubt. Der Umfang dieser Arbeiten ist jedoch \u00fcberschaubar, da ein Gro\u00dfteil der B\u00e4ume im Umfeld der Br\u00fccke bereits aufgrund des Borkenk\u00e4ferbefalls gef\u00e4llt wurden. Parallel zu den bauvorbereitenden Arbeiten unter der Br\u00fccke finalisiert die Autobahn Westfalen die Ausschreibungsunterlagen f\u00fcr den eigentlichen Ersatzneubau der Talbr\u00fccke B\u00fcschergrund. Die Einleitung des Vergabeverfahrens wird dann in K\u00fcrze erfolgen.<\/p>\n<p>Der Ersatzneubau der Talbr\u00fccke B\u00fcschergrund ist dringend erforderlich, da eine Nachrechnung ergeben hatte, dass das Bauwerk insbesondere aufgrund der gestiegenen Verkehrsbelastungen nicht mehr den heutigen statischen Anforderungen gerecht wird. Zur Entlastung der Br\u00fccke wurde daher bereits ein Lkw-\u00dcberholverbot angeordnet.<\/p>\n<p>Text: Autobahn Westfalen, Foto: kalhh\/Pixabay<\/p>\n","protected":false},"excerpt":{"rendered":"<p>Auf Antrag der Autobahn Westfalen hat das Fernstra\u00dfen Bundesamt (FBA) festgestellt, dass f\u00fcr den Ersatzneubau der Talbr\u00fccke B\u00fcschergrund Planfeststellung und Plangenehmigung entfallen. Die ersten Bauvorbereitungen&#8230;<\/p>\n","protected":false},"author":7,"featured_media":30351,"comment_status":"open","ping_status":"open","sticky":false,"template":"","format":"standard","meta":{"_jetpack_memberships_contains_paid_content":false,"footnotes":""},"categories":[1,32,30],"tags":[],"class_list":["post-30350","post","type-post","status-publish","format-standard","has-post-thumbnail","hentry","category-aktuell","category-infos","category-vermischtes"],"jetpack_featured_media_url":"https:\/\/www.vdsm.net\/wronline\/wp-content\/uploads\/2023\/01\/sign-319990_1920.jpg","jetpack_sharing_enabled":true,"_links":{"self":[{"href":"https:\/\/www.vdsm.net\/wronline\/wp-json\/wp\/v2\/posts\/30350","targetHints":{"allow":["GET"]}}],"collection":[{"href":"https:\/\/www.vdsm.net\/wronline\/wp-json\/wp\/v2\/posts"}],"about":[{"href":"https:\/\/www.vdsm.net\/wronline\/wp-json\/wp\/v2\/types\/post"}],"author":[{"embeddable":true,"href":"https:\/\/www.vdsm.net\/wronline\/wp-json\/wp\/v2\/users\/7"}],"replies":[{"embeddable":true,"href":"https:\/\/www.vdsm.net\/wronline\/wp-json\/wp\/v2\/comments?post=30350"}],"version-history":[{"count":1,"href":"https:\/\/www.vdsm.net\/wronline\/wp-json\/wp\/v2\/posts\/30350\/revisions"}],"predecessor-version":[{"id":30352,"href":"https:\/\/www.vdsm.net\/wronline\/wp-json\/wp\/v2\/posts\/30350\/revisions\/30352"}],"wp:featuredmedia":[{"embeddable":true,"href":"https:\/\/www.vdsm.net\/wronline\/wp-json\/wp\/v2\/media\/30351"}],"wp:attachment":[{"href":"https:\/\/www.vdsm.net\/wronline\/wp-json\/wp\/v2\/media?parent=30350"}],"wp:term":[{"taxonomy":"category","embeddable":true,"href":"https:\/\/www.vdsm.net\/wronline\/wp-json\/wp\/v2\/categories?post=30350"},{"taxonomy":"post_tag","embeddable":true,"href":"https:\/\/www.vdsm.net\/wronline\/wp-json\/wp\/v2\/tags?post=30350"}],"curies":[{"name":"wp","href":"https:\/\/api.w.org\/{rel}","templated":true}]}}