{"id":30338,"date":"2023-01-27T10:00:08","date_gmt":"2023-01-27T09:00:08","guid":{"rendered":"https:\/\/www.vdsm.net\/wronline\/?p=30338"},"modified":"2023-01-27T10:00:08","modified_gmt":"2023-01-27T09:00:08","slug":"arbeitsagentur-und-bildungsberatung-bieten-gemeinsame-online-veranstaltung-zur-karriereplanung","status":"publish","type":"post","link":"https:\/\/www.vdsm.net\/wronline\/arbeitsagentur-und-bildungsberatung-bieten-gemeinsame-online-veranstaltung-zur-karriereplanung\/","title":{"rendered":"Arbeitsagentur und Bildungsberatung bieten gemeinsame Online-Veranstaltung zur Karriereplanung"},"content":{"rendered":"<p>Unter dem Titel \u201eF\u00e4higkeiten und Fertigkeiten erkennen\u201c, laden Agentur f\u00fcr Arbeit Siegen und die Bildungsberatung des Kreises Siegen-Wittgenstein am 9. Februar um 15.30 Uhr zu einer virtuellen Informationsveranstaltung ein. Im Mittelpunkt der Veranstaltung steht die individuelle Berufs- und Karriereplanung. Den Teilnehmenden werden interessante Angebote und M\u00f6glichkeiten aufgezeigt, aus den eigenen Kompetenzen und St\u00e4rken zielgerichtete berufliche M\u00f6glichkeiten zu entwickeln. So werden Onlinetools der Bundesagentur vorgestellt und der NRW-Talentkompass, der im Beratungsangebot \u201ePerspektive im\u00a0Erwerbsleben\u201c Anwendung findet.<\/p>\n<p>\u201eDie heutige Berufswelt ist gepr\u00e4gt von einem stetigen Wandel und setzt eine hohe Flexibilit\u00e4t voraus. W\u00e4hrend Besch\u00e4ftigte fr\u00fcher oft von der Ausbildung bis zum Ruhestand im selben Beruf und Unternehmen gearbeitet haben, sind heute h\u00e4ufige Wechsel von Beruf und Branche g\u00e4ngige Praxis\u201c, so Sebastian Schmidt von der Agentur f\u00fcr Arbeit. \u201eBei diesen wichtigen Weichenstellungen lassen wir jedoch niemanden allein. Die Berufsberatung im Erwerbsleben der Bundesagentur und die Bildungsberatung des Kreises Siegen-Wittgenstein bieten Unterst\u00fctzung und Beratung an. In der Onlineveranstaltung wollen wir Sie informieren und mit Ihnen in den Austausch kommen\u201c, erg\u00e4nzt Bj\u00f6rn Freiburg, Berufsberater der Siegener Arbeitsagentur.<\/p>\n<p>Interessierte Personen, auch au\u00dferhalb Siegen-Wittgensteins, sind herzlich eingeladen sich bis zum <strong>8. Februar <\/strong>unter <a href=\"mailto:Siegen.381-Berufsberatung-im-Erwerbsleben@arbeitsagentur.de\">Siegen.381-Berufsberatung-im-Erwerbsleben@arbeitsagentur.de<\/a> f\u00fcr die Veranstaltung anzumelden. Im Anschluss erhalten alle Interessenten einen Zugangslink per Mail.\u00a0Die Veranstaltung ist kostenlos und findet \u00fcber das Programm Skype for Business statt. Ein Download der App ist f\u00fcr die Teilnahme erforderlich.<\/p>\n<p>Text: Agentur f\u00fcr Arbeit Siegen<\/p>\n","protected":false},"excerpt":{"rendered":"<p>Unter dem Titel \u201eF\u00e4higkeiten und Fertigkeiten erkennen\u201c, laden Agentur f\u00fcr Arbeit Siegen und die Bildungsberatung des Kreises Siegen-Wittgenstein am 9. Februar um 15.30 Uhr zu&#8230;<\/p>\n","protected":false},"author":6,"featured_media":2674,"comment_status":"open","ping_status":"open","sticky":false,"template":"","format":"standard","meta":{"_jetpack_memberships_contains_paid_content":false,"footnotes":""},"categories":[16,32,30,34],"tags":[],"class_list":["post-30338","post","type-post","status-publish","format-standard","has-post-thumbnail","hentry","category-arbeitsmarkt","category-infos","category-vermischtes","category-termine"],"jetpack_featured_media_url":"https:\/\/www.vdsm.net\/wronline\/wp-content\/uploads\/2015\/08\/wronline-header-arbeitsmarkt.jpg","jetpack_sharing_enabled":true,"_links":{"self":[{"href":"https:\/\/www.vdsm.net\/wronline\/wp-json\/wp\/v2\/posts\/30338","targetHints":{"allow":["GET"]}}],"collection":[{"href":"https:\/\/www.vdsm.net\/wronline\/wp-json\/wp\/v2\/posts"}],"about":[{"href":"https:\/\/www.vdsm.net\/wronline\/wp-json\/wp\/v2\/types\/post"}],"author":[{"embeddable":true,"href":"https:\/\/www.vdsm.net\/wronline\/wp-json\/wp\/v2\/users\/6"}],"replies":[{"embeddable":true,"href":"https:\/\/www.vdsm.net\/wronline\/wp-json\/wp\/v2\/comments?post=30338"}],"version-history":[{"count":2,"href":"https:\/\/www.vdsm.net\/wronline\/wp-json\/wp\/v2\/posts\/30338\/revisions"}],"predecessor-version":[{"id":30340,"href":"https:\/\/www.vdsm.net\/wronline\/wp-json\/wp\/v2\/posts\/30338\/revisions\/30340"}],"wp:featuredmedia":[{"embeddable":true,"href":"https:\/\/www.vdsm.net\/wronline\/wp-json\/wp\/v2\/media\/2674"}],"wp:attachment":[{"href":"https:\/\/www.vdsm.net\/wronline\/wp-json\/wp\/v2\/media?parent=30338"}],"wp:term":[{"taxonomy":"category","embeddable":true,"href":"https:\/\/www.vdsm.net\/wronline\/wp-json\/wp\/v2\/categories?post=30338"},{"taxonomy":"post_tag","embeddable":true,"href":"https:\/\/www.vdsm.net\/wronline\/wp-json\/wp\/v2\/tags?post=30338"}],"curies":[{"name":"wp","href":"https:\/\/api.w.org\/{rel}","templated":true}]}}