{"id":30304,"date":"2023-01-24T10:06:49","date_gmt":"2023-01-24T09:06:49","guid":{"rendered":"https:\/\/www.vdsm.net\/wronline\/?p=30304"},"modified":"2023-01-24T10:06:49","modified_gmt":"2023-01-24T09:06:49","slug":"arbeiten-an-mobilitaetsstrategie-fuer-suedwestfalen-haben-begonnen","status":"publish","type":"post","link":"https:\/\/www.vdsm.net\/wronline\/arbeiten-an-mobilitaetsstrategie-fuer-suedwestfalen-haben-begonnen\/","title":{"rendered":"Arbeiten an Mobilit\u00e4tsstrategie f\u00fcr S\u00fcdwestfalen haben begonnen"},"content":{"rendered":"<p>Das Planungsb\u00fcro ist gefunden, die ersten Erkenntnisse zusammengetragen und nun ist auch erstmals der Mobilit\u00e4tsbeirat zusammengekommen: Die Arbeiten an einer Mobilit\u00e4tsstrategie f\u00fcr S\u00fcdwestfalen sind mit Volldampf angelaufen. Am Jahresende soll die Strategie stehen. Bis dahin planen das Planungsb\u00fcro Planersociet\u00e4t und die S\u00fcdwestfalen Agentur GmbH noch zahlreiche Veranstaltungen.<\/p>\n<p>In vielen Orten und Kreisen in S\u00fcdwestfalen sind bereits Vorhaben und Mobilit\u00e4ts-Konzepte entwickelt oder umgesetzt worden. Diese gilt es zu vernetzen und eine gemeinsame Leitlinie zu finden, wie Mobilit\u00e4t in S\u00fcdwestfalen k\u00fcnftig aussehen soll. Daf\u00fcr ist die Mobilit\u00e4tsstrategie gedacht. Sie bildet einen Rahmen f\u00fcr zuk\u00fcnftige Projekte. \u201eWir wollen in der Region gemeinsame Ziele ausmachen, anschlie\u00dfend gezielt Themen vertiefen \u2013 beispielsweise On-Demand-Verkehre, neue Ans\u00e4tze f\u00fcr Wirtschaftsverkehre oder den beruflichen Pendelverkehr \u2013 und daran konkrete Projekte anschlie\u00dfen\u201c, blickt Hubertus Winterberg, Gesch\u00e4ftsf\u00fchrer der S\u00fcdwestfalen Agentur GmbH, auf das Jahr 2023. Denn noch in diesem Jahr soll die Strategie erstellt werden.<\/p>\n<p>Mobilit\u00e4t endet nicht an Kreisgrenzen. Deshalb werden auch die Arbeiten f\u00fcr die Strategie im Verbund angegangen. Erstmals hat sich nun der Beirat des Vorhabens in den R\u00e4umlichkeiten der S\u00fcdwestfalen Agentur GmbH in Olpe getroffen. Der Mobilit\u00e4tsbeirat k\u00fcmmert sich darum, dass bestehende Projekte und Erkenntnisse aus S\u00fcdwestfalen ber\u00fccksichtigt und keine Mobilit\u00e4ts-Aspekte bei der Strategie vergessen werden. In dem Beirat sitzen unter anderem Vertreterinnen und Vertretern aus Kommunen, Verkehrsverb\u00fcnden und -institutionen, aus der Wirtschaft, dem Tourismus und dem Umweltsektor, von Bezirksregierung und dem NRW-Verkehrsministerium.<\/p>\n<p style=\"margin-bottom: 12.0pt;\">\u201eDie Facetten von Mobilit\u00e4t in S\u00fcdwestfalen sind vielf\u00e4ltig\u201c, erkl\u00e4rt Mario Ziogas, Projektmanager f\u00fcr Mobilit\u00e4t bei der REGIONALE 2025 in der S\u00fcdwestfalen Agentur GmbH. \u201eWir ben\u00f6tigen L\u00f6sungen f\u00fcr abgelegene oder d\u00fcnn besiedelte Gebiete, aber auch nachhaltige Alternativen f\u00fcr die letzte Meile in der Stadt und im Dorf. Die Wirtschaft wiederum hat andere Erwartungen als die mehreren Millionen Menschen, die jedes Jahr in ihrer Freizeit ins Sauerland oder nach Siegen-Wittgenstein kommen. Die Mobilit\u00e4tsstrategie muss dies alles ber\u00fccksichtigen.\u201c<\/p>\n<p>Fast ein Dutzend Veranstaltungen und Treffen planen die Planersociet\u00e4t als beauftragtes Planungsb\u00fcro und die S\u00fcdwestfalen Agentur GmbH daher in den kommenden Monaten. F\u00fcr den Dialog mit den Expertinnen und Experten, Institutionen und den Menschen aus der Region sind verschiedene Formate angedacht. So sollen m\u00f6glichst viele Blickwinkel und Perspektiven f\u00fcr die Mobilit\u00e4tsstrategie einflie\u00dfen. Noch im ersten Quartal ist ein \u00f6ffentliches Forum geplant, wo Projekt, Prozess, Ziele und erste Ergebnisse vorgestellt werden. Weitere Informationen finden sich unter<br \/>\n<a href=\"https:\/\/infos.suedwestfalen.com\/c\/79617877\/11b08f94430-roy21q\" target=\"_blank\" rel=\"noopener\">www.regionale-suedwestfalen.com\/mobilitaet<\/a><\/p>\n<p><em><span style=\"font-family: 'Calibri',sans-serif;\">Die Mobilit\u00e4tsstrategie wird gef\u00f6rdert durch das Ministerium f\u00fcr Umwelt, Naturschutz und Verkehr des Landes Nordrhein-Westfalen im Rahmen der REGIONALE 2025 in S\u00fcdwestfalen.<\/span><\/em><\/p>\n<p>Text:\u00a0<a href=\"https:\/\/www.suedwestfalen-agentur.com\/\" target=\"_blank\" rel=\"noopener\">S\u00fcdwestfalen Agentur<\/a>; Foto: Stephan M\u00fcller \/ S\u00fcdwestfalen Agentur<\/p>\n","protected":false},"excerpt":{"rendered":"<p>Das Planungsb\u00fcro ist gefunden, die ersten Erkenntnisse zusammengetragen und nun ist auch erstmals der Mobilit\u00e4tsbeirat zusammengekommen: Die Arbeiten an einer Mobilit\u00e4tsstrategie f\u00fcr S\u00fcdwestfalen sind mit&#8230;<\/p>\n","protected":false},"author":6,"featured_media":30305,"comment_status":"open","ping_status":"open","sticky":false,"template":"","format":"standard","meta":{"_jetpack_memberships_contains_paid_content":false,"footnotes":""},"categories":[32,30,11],"tags":[],"class_list":["post-30304","post","type-post","status-publish","format-standard","has-post-thumbnail","hentry","category-infos","category-vermischtes","category-regionale-wirtschaft"],"jetpack_featured_media_url":"https:\/\/www.vdsm.net\/wronline\/wp-content\/uploads\/2023\/01\/Mobilitaetsstrategie_Beirat_Gruppenbild-e1674545403473.webp","jetpack_sharing_enabled":true,"_links":{"self":[{"href":"https:\/\/www.vdsm.net\/wronline\/wp-json\/wp\/v2\/posts\/30304","targetHints":{"allow":["GET"]}}],"collection":[{"href":"https:\/\/www.vdsm.net\/wronline\/wp-json\/wp\/v2\/posts"}],"about":[{"href":"https:\/\/www.vdsm.net\/wronline\/wp-json\/wp\/v2\/types\/post"}],"author":[{"embeddable":true,"href":"https:\/\/www.vdsm.net\/wronline\/wp-json\/wp\/v2\/users\/6"}],"replies":[{"embeddable":true,"href":"https:\/\/www.vdsm.net\/wronline\/wp-json\/wp\/v2\/comments?post=30304"}],"version-history":[{"count":5,"href":"https:\/\/www.vdsm.net\/wronline\/wp-json\/wp\/v2\/posts\/30304\/revisions"}],"predecessor-version":[{"id":30310,"href":"https:\/\/www.vdsm.net\/wronline\/wp-json\/wp\/v2\/posts\/30304\/revisions\/30310"}],"wp:featuredmedia":[{"embeddable":true,"href":"https:\/\/www.vdsm.net\/wronline\/wp-json\/wp\/v2\/media\/30305"}],"wp:attachment":[{"href":"https:\/\/www.vdsm.net\/wronline\/wp-json\/wp\/v2\/media?parent=30304"}],"wp:term":[{"taxonomy":"category","embeddable":true,"href":"https:\/\/www.vdsm.net\/wronline\/wp-json\/wp\/v2\/categories?post=30304"},{"taxonomy":"post_tag","embeddable":true,"href":"https:\/\/www.vdsm.net\/wronline\/wp-json\/wp\/v2\/tags?post=30304"}],"curies":[{"name":"wp","href":"https:\/\/api.w.org\/{rel}","templated":true}]}}