{"id":30300,"date":"2023-01-23T15:07:46","date_gmt":"2023-01-23T14:07:46","guid":{"rendered":"https:\/\/www.vdsm.net\/wronline\/?p=30300"},"modified":"2023-01-23T15:07:57","modified_gmt":"2023-01-23T14:07:57","slug":"standort-staerken-aufbruch-wagen-wirtschaft-und-gewerkschaften-fordern-gemeinsam-mehr-tempo-fuer-die-region","status":"publish","type":"post","link":"https:\/\/www.vdsm.net\/wronline\/standort-staerken-aufbruch-wagen-wirtschaft-und-gewerkschaften-fordern-gemeinsam-mehr-tempo-fuer-die-region\/","title":{"rendered":"Standort st\u00e4rken \u2013 Aufbruch wagen: Wirtschaft und Gewerkschaften fordern gemeinsam mehr Tempo f\u00fcr die Region"},"content":{"rendered":"<p>\u201eMehr Tempo\u201c \u2013 wie ein roter Faden zog sich diese Losung durch die gemeinsam veranstaltete Strukturkonferenz von DGB S\u00fcdwestfalen, den Arbeitgeberverb\u00e4nden Siegen-Wittgenstein und Olpe, der IG Metall Siegen und der IG Metall Olpe, der Kreishandwerkerschaft Westfalen-S\u00fcd, ver.di S\u00fcdwestfalen und der IHK Siegen. Rund 250 Vertreter aus Unternehmerschaft und Betriebsr\u00e4ten hatten sich im Eichener Hamer in Kreuztal zusammengefunden, um ein deutliches Signal zu setzen, das auch \u00fcberregional wahrgenommen werden d\u00fcrfte: Die Kreise Siegen-Wittgenstein und Olpe sind ein starker Wirtschaftsstandort, der vor einer gewaltigen Transformation steht, die nahezu alle Bereiche erfasst. Um die damit verbundenen Herausforderungen zu bew\u00e4ltigen, gilt es, sich auf die St\u00e4rken der Region zu besinnen, allen voran die F\u00e4higkeit zur Innovation und zur Kooperation. Aber: Ohne politische Unterst\u00fctzung aus D\u00fcsseldorf und Berlin wird dies der Region absehbar nicht gelingen.<\/p>\n<p>Gleich mehrfach wurde deutlich: Hier neigt man nicht dazu, auf andere zu warten, sondern man hat beste Voraussetzungen, den Weg in die Zukunft eigenst\u00e4ndig zu beschreiten. Hierf\u00fcr jedoch muss Politik die richtigen Rahmenbedingungen schaffen und dabei vor allem mehr Tempo erm\u00f6glichen. Beispiel Verkehrswege: Sie stellen l\u00e4ngst ein wichtiges R\u00fcckgrat des Wirtschaftsraumes dar. Wo Unternehmen bislang mit Zuverl\u00e4ssigkeit in Produkten und Service gl\u00e4nzen konnten, macht der Zustand von Stra\u00dfen und Schienen es zunehmend unm\u00f6glich, diesen Standard aufrechtzuerhalten. Kommen Lieferungen nicht rechtzeitig, f\u00fchrt dies zu teuren Stillst\u00e4nden in der Fertigung.<\/p>\n<div id=\"attachment_30302\" style=\"width: 310px\" class=\"wp-caption alignright\"><a href=\"https:\/\/www.vdsm.net\/wronline\/wp-content\/uploads\/2023\/01\/006-23-Strukturkonferenz-Plenum-Thomas-Range_WEB.jpg\"><img loading=\"lazy\" decoding=\"async\" aria-describedby=\"caption-attachment-30302\" class=\"size-medium wp-image-30302\" src=\"https:\/\/www.vdsm.net\/wronline\/wp-content\/uploads\/2023\/01\/006-23-Strukturkonferenz-Plenum-Thomas-Range_WEB-300x200.jpg\" alt=\"\" width=\"300\" height=\"200\" srcset=\"https:\/\/www.vdsm.net\/wronline\/wp-content\/uploads\/2023\/01\/006-23-Strukturkonferenz-Plenum-Thomas-Range_WEB-300x200.jpg 300w, https:\/\/www.vdsm.net\/wronline\/wp-content\/uploads\/2023\/01\/006-23-Strukturkonferenz-Plenum-Thomas-Range_WEB-768x512.jpg 768w, https:\/\/www.vdsm.net\/wronline\/wp-content\/uploads\/2023\/01\/006-23-Strukturkonferenz-Plenum-Thomas-Range_WEB.jpg 777w\" sizes=\"auto, (max-width: 300px) 100vw, 300px\" \/><\/a><p id=\"caption-attachment-30302\" class=\"wp-caption-text\">Bei der Strukturkonferenz im Eichener Hamer herrschte gro\u00dfer Andrang.<\/p><\/div>\n<p>Die Bahn ist hierbei offenkundig nur scheinbar eine Alternative: Es fehlen Personal und Wagons. Zudem ist die Infrastruktur h\u00e4ufig nicht hinreichend ausgebaut. Hier sind die politischen Entscheidungstr\u00e4ger gefordert, denn die Betriebe verlieren jetzt ihre Zukunftsf\u00e4higkeit, nicht erst morgen oder \u00fcbermorgen. Kostenentlastungen f\u00fcr die Unternehmen k\u00f6nnen sich auf Strecke durchaus volkswirtschaftlich rechnen. Auch im Transportgewerbe geht es l\u00e4ngst nicht nur um das Thema Kosten: Es fehlen Fachkr\u00e4fte an allen Ecken und Kanten. Eindringlich wurde f\u00fcr Vereinfachungen bei Schwertransporten geworben. Die in Teilen absurde Genehmigungs-B\u00fcrokratie verhindert es, die politisch gesetzten Ziele im Bereich der Energiewende, des sozialen Wohnungsbaus und der Infrastrukturerneuerung zu erreichen.<\/p>\n<p>Beispiel Fachkr\u00e4fte: Der politisch unterst\u00fctzte Drang zur Akademisierung macht vielen Betrieben das Leben schwer \u2013 und auch die vollgesperrte Autobahn tr\u00e4gt ihren Teil dazu bei, die Personalnot zu versch\u00e4rfen. Der Fachkr\u00e4ftemarkt n\u00f6rdlich von L\u00fcdenscheid ist praktisch komplett weggebrochen. Das trifft das verarbeitende Gewerbe genauso wie das Handwerk und die Dienstleistungen. Hinzu kommt: Lehren werden abgebrochen, wo f\u00fcr den Ausbildungsberuf Berufsschulen in Hagen oder Dortmund besucht werden m\u00fcssen. Hier lautet die Erwartung an die Politik: generell eine Beschulung vor Ort erm\u00f6glichen, wenigstens solange die Autobahn gesperrt ist!<\/p>\n<p>Aber die Konferenz ermunterte auch, die Transformation als Herausforderung anzunehmen. Nach wie vor gibt es in der Region viele kluge K\u00f6pfe mit kreativen Ideen. Der Wohlstand und damit das \u201eMitspracherecht\u201c in der Welt k\u00f6nnen erhalten werden, wenn die Pfunde eingesetzt werden und nicht nur in den Unternehmen, sondern auch in den \u00f6ffentlichen Verwaltungen der n\u00f6tige Mut aufgebracht wird, so der Tenor. Besser gel\u00e4nge dies freilich, wenn der lang ersehnte Quantensprung im Ausbau der digitalen Infrastruktur erreicht w\u00fcrde. Der Blick ins Ausland zeigt, dass Deutschland hier viel aufzuholen hat.<\/p>\n<p>Statt komplizierter Vorgaben zur Gaspreisbremse brauchen nicht nur die energieintensiven Betriebe in der Region endlich den lange angek\u00fcndigten Industriestrompreis. Etliche Unternehmen stehen im internationalen Wettbewerb und k\u00e4mpfen jeden Tag mit den Wettbewerbsnachteilen infolge der hohen Energiekosten. Und auch das wurde deutlich: L\u00e4ngst nicht jede politische Vorgabe tr\u00e4gt dem Rechnung, was technisch m\u00f6glich ist.<\/p>\n<p>Mehrere Appelle richteten sich am Ende in Richtung Politik: Die Rahmenbedingungen f\u00fcr wirtschaftliches Handeln so zu gestalten, dass sie nicht schlechter sind als in den L\u00e4ndern, mit denen die Unternehmen im Wettbewerb stehen. Dem h\u00e4ufig propagierten B\u00fcrokratieabbau sp\u00fcrbar Taten folgen zu lassen. Mehr politische Aufmerksamkeit auf Beton, Asphalt, Br\u00fccken und Fl\u00e4chen zu legen. Eine Deindustrialisierung mit den richtigen Weichenstellungen abzuwenden. Und vor allem: die wesentlichen strukturpolitischen Themen im Interesse der Region und ihrer Menschen partei\u00fcbergreifend streitfrei zu stellen und die Geschlossenheit von Kammern, Gewerkschaften und Arbeitgeberverb\u00e4nden in der Region zu \u00fcbernehmen. \u201eWeniger \u00fcbereinander reden, sondern mehr miteinander handeln\u201c, lautete ein abschlie\u00dfender Aufruf.<\/p>\n<p>Text: <a href=\"https:\/\/www.ihk-siegen.de\/\" target=\"_blank\" rel=\"noopener\">IHK Siegen<\/a>; Fotos: Thomas Range<\/p>\n","protected":false},"excerpt":{"rendered":"<p>\u201eMehr Tempo\u201c \u2013 wie ein roter Faden zog sich diese Losung durch die gemeinsam veranstaltete Strukturkonferenz von DGB S\u00fcdwestfalen, den Arbeitgeberverb\u00e4nden Siegen-Wittgenstein und Olpe, der&#8230;<\/p>\n","protected":false},"author":6,"featured_media":30301,"comment_status":"open","ping_status":"open","sticky":false,"template":"","format":"standard","meta":{"_jetpack_memberships_contains_paid_content":false,"footnotes":""},"categories":[1,32,30,11],"tags":[],"class_list":["post-30300","post","type-post","status-publish","format-standard","has-post-thumbnail","hentry","category-aktuell","category-infos","category-vermischtes","category-regionale-wirtschaft"],"jetpack_featured_media_url":"https:\/\/www.vdsm.net\/wronline\/wp-content\/uploads\/2023\/01\/006-23-Strukturkonferenz-Banner-Thomas-Range_WEB.jpg","jetpack_sharing_enabled":true,"_links":{"self":[{"href":"https:\/\/www.vdsm.net\/wronline\/wp-json\/wp\/v2\/posts\/30300","targetHints":{"allow":["GET"]}}],"collection":[{"href":"https:\/\/www.vdsm.net\/wronline\/wp-json\/wp\/v2\/posts"}],"about":[{"href":"https:\/\/www.vdsm.net\/wronline\/wp-json\/wp\/v2\/types\/post"}],"author":[{"embeddable":true,"href":"https:\/\/www.vdsm.net\/wronline\/wp-json\/wp\/v2\/users\/6"}],"replies":[{"embeddable":true,"href":"https:\/\/www.vdsm.net\/wronline\/wp-json\/wp\/v2\/comments?post=30300"}],"version-history":[{"count":1,"href":"https:\/\/www.vdsm.net\/wronline\/wp-json\/wp\/v2\/posts\/30300\/revisions"}],"predecessor-version":[{"id":30303,"href":"https:\/\/www.vdsm.net\/wronline\/wp-json\/wp\/v2\/posts\/30300\/revisions\/30303"}],"wp:featuredmedia":[{"embeddable":true,"href":"https:\/\/www.vdsm.net\/wronline\/wp-json\/wp\/v2\/media\/30301"}],"wp:attachment":[{"href":"https:\/\/www.vdsm.net\/wronline\/wp-json\/wp\/v2\/media?parent=30300"}],"wp:term":[{"taxonomy":"category","embeddable":true,"href":"https:\/\/www.vdsm.net\/wronline\/wp-json\/wp\/v2\/categories?post=30300"},{"taxonomy":"post_tag","embeddable":true,"href":"https:\/\/www.vdsm.net\/wronline\/wp-json\/wp\/v2\/tags?post=30300"}],"curies":[{"name":"wp","href":"https:\/\/api.w.org\/{rel}","templated":true}]}}