{"id":30236,"date":"2023-01-12T08:29:18","date_gmt":"2023-01-12T07:29:18","guid":{"rendered":"https:\/\/www.vdsm.net\/wronline\/?p=30236"},"modified":"2023-01-12T08:15:50","modified_gmt":"2023-01-12T07:15:50","slug":"firmenlauf-nach-corona-in-alter-groesse-zurueck","status":"publish","type":"post","link":"https:\/\/www.vdsm.net\/wronline\/firmenlauf-nach-corona-in-alter-groesse-zurueck\/","title":{"rendered":"Firmenlauf: Nach Corona in alter Gr\u00f6\u00dfe zur\u00fcck"},"content":{"rendered":"<p>Mit einer gro\u00dfen Pressekonferenz in den R\u00e4umen der Volksbank in S\u00fcdwestfalen gaben \u00fcber 30 Vertreterinnen und Vertreter von Sponsoren, Landrat Andreas M\u00fcller und B\u00fcrgermeister Steffen Mues den Startschuss zur Vorbereitung auf die zwei gr\u00f6\u00dften Breitensportveranstaltungen der Region. Nach drei Jahren Pause ist f\u00fcr den 14. Juni 2023 wieder ein gemeinsamer sportlicher Tag mit vielen tausend Menschen auf dem Weidenauer Bismarckplatz geplant. Vormittags soll der 11. Siegerl\u00e4nder Volksbank-Sch\u00fclerlauf stattfinden, abends wollen Tausende den 20. Siegerl\u00e4nder AOK-Firmenlauf feiern. Erstmals als Partner dabei sind auch die Arbeitgeberverb\u00e4nde Siegen-Wittgenstein, die den Restart des Firmenlaufs unterst\u00fctzen wollen.<\/p>\n<p>Nach dem Ende der Pandemie k\u00f6nnen Sch\u00fclerlauf und Firmenlauf nun wieder im urspr\u00fcnglichen Format stattfinden und die Veranstalter hoffen auf eine \u00e4hnliche Resonanz wie vor Corona. Mit Zuversicht geht :anlauf an die Planungen, betont Martin Hoffmann: \u201eDie letzten drei Jahre haben wir mit gro\u00dfem Einsatz unsere Sch\u00fclerl\u00e4ufe und Firmenl\u00e4ufe durchgef\u00fchrt. Beide Veranstaltungen waren weit mehr als Alternativen. M\u00f6glich waren sie durch die gro\u00dfartige Unterst\u00fctzung unserer Partner und Sponsoren, die von den Pl\u00e4nen \u00fcberzeugt waren und uns ihr Vertrauen aussprachen. Die neuen Konzepte von 2020 bis 2022 waren aber auch erfolgreich, weil viele Menschen aktiv die Ideen von Volksbank-Sch\u00fclerlauf und AOK-Firmenlauf aufgenommen haben. In einer schwierigen Zeit haben wir es sogar geschafft, die Veranstaltungen weiterzuentwickeln. Wir konnten neue Schulen und Firmen zur Teilnahme begeistern und ebenfalls neue Partner begr\u00fc\u00dfen, f\u00fcr die beide Veranstaltungen mehr als nur Werbeplattformen sind.\u201c<\/p>\n<p><strong>Sch\u00fclerlauf wieder im gewohnten Format<\/strong><\/p>\n<p>Beim 11. Volksbank-Sch\u00fclerlauf soll an das Veranstaltungsformat von 2019 und fr\u00fcher angeschlossen werden. Rund 50 Schulen mit etwa 7.000 Sch\u00fclerinnen und Sch\u00fclern werden am Vormittag des Firmenlaufs auf dem Bismarckplatz und rund um das Weidenauer Hallenbad erwartet. Um 10 Uhr geht es bis 13 Uhr in insgesamt sieben L\u00e4ufe f\u00fcr die Grundschulen und weiterf\u00fchrenden Schulen \u00fcber die Strecke von 1 und 3 km. Geplant ist zudem ein Rahmenprogramm f\u00fcr alle Altersstufen.<\/p>\n<p><strong>Firmenlauf mit Jubil\u00e4ums-Aktionen und vielen Neuerungen<\/strong><\/p>\n<p>Themenschwerpunkt des Firmenlaufs 2023 ist das Jubil\u00e4um \u201e20 Jahre Siegerl\u00e4nder AOK-Firmenlauf\u201c. Erinnert werden soll an die Premiere am 9. Juli 2004 mit 2.500 Starterinnen und Startern. Trotz extrem widriger Bedingungen, Durcheinander im Start-Zielbereich und einem eher chaotischen Abend begann damit die Erfolgsgeschichte der gr\u00f6\u00dften Breitensportveranstaltung der Region. Den Startschuss wird in diesem Jahr \u00fcbrigens wieder, wie 2004, J\u00fcrgen Althaus, der damalige stellv. Landrat geben. Als Dankesch\u00f6n versteht der Veranstalter auch, dass alle Multiplikatorinnen und Multiplikatoren des ersten Laufs in diesem Jahr kostenlos starten k\u00f6nnen und die Teilnehmerinnen und Teilnehmer der Premiere, wenn sie seit 2004 zehnmal dabei waren und 2023 erneut an den Start gehen, ein exklusives Retro-Shirt geschenkt bekommen.<\/p>\n<p>Erstmals wird 2023 beim AOK-Firmenlauf eine elektronische Zeitmessung eingesetzt. Damit soll aber nicht der Wettkampfcharakter in den Vordergrund gestellt werden. Ganz im Gegenteil: Eine \u00fcber die Startnummer gemessene Nettozeit entspannt die Situation im Startbereich. F\u00fcr die Multiplikatorinnen und Multiplikatoren ist es zudem eine Arbeitserleichterung, da keine Zeiten per Hand eingegeben werden m\u00fcssen und die Aktiven eigenst\u00e4ndig ihre Urkunden ausdrucken k\u00f6nnen. \u00dcbrigens unterst\u00fctzen die gesetzlichen Krankenkassen den AOK-Firmenlauf, denn deren Mitglieder erhalten nach Vorlage der Urkunde einen Bonus.<\/p>\n<p>Erstmals wird es in diesem Jahr personalisierte Startnummer geben. Den eigenen Vornamen auf der Startnummer zu lesen und von fremden zuschauenden Menschen angefeuert zu werden, kennt man demn\u00e4chst nicht mehr nur von den gro\u00dfen Stadtmarathons.<\/p>\n<p>Auch in diesem Jahr werden alle Teilnehmer die Finisher\u2013Medaille <em>\u201eIch war dabei\u201c<\/em> im Ziel erhalten, denn neben der Startnummer, der Urkunde, dem Finisher-Shirt und einem kostenlosen Foto ist die Medaille eine weitere besondere Erinnerung an den Firmenlauf.<\/p>\n<p><strong>Was l\u00e4uft 2023 sonst noch?<\/strong><\/p>\n<p>Nach der guten Resonanz in den vergangenen Jahren ist die Teilnahme am 20. Siegerl\u00e4nder AOK-Firmenlauf vom 14. bis zum 20. Juni auch individuell, an jedem anderen Ort m\u00f6glich. Ein Angebot f\u00fcr alle Interessierten, die nicht am 14. Juni am Bismarckplatz an den Start gehen k\u00f6nnen, Teil des gro\u00dfen Events zu werden. Erstmals finden in diesem Jahr kostenlose Einsteigerkurse Laufen und Walking in Verbindung mit dem Lauftreff <em>Inklusive Begegnungen<\/em> statt. Start ist in der Woche nach den Osterferien. AOK-Firmenlauf und Volksbank-Sch\u00fclerlauf sind 2023 erneut Teil der Kampagne des AWO Kreisverbandes &#8222;Wir machen mit. Inklusion l\u00e4uft!&#8220;. Seit Jahren ist sind die Themen Barrierefreiheit und Inklusion Bestandteil beider Veranstaltungen. Auch 2023 wird es wieder etliche Sonderwertungen geben. Pr\u00e4miert wird der originelle Auftritt und gesucht wird die \u201eFitte Firma\u201c. Nat\u00fcrlich ist der AOK-Firmenlauf in erster Linie eine Breitensportveranstaltung an der alle interessierten Menschen teilnehmen k\u00f6nnen. Aber die ambitionierten L\u00e4uferinnen und L\u00e4ufer aus der Region sind nat\u00fcrlich ebenfalls eingeladen. Nach den ersten erfolgreichen Auflagen der Absolute Run Firmenlauf-Meisterschaft, werden im Rahmen des Laufs am 14. Juni erneut die Schnellsten gesucht.<\/p>\n<p><strong>Soziales Engagement<\/strong><\/p>\n<p>Der Siegerl\u00e4nder AOK-Firmenlauf ist bekanntlich mehr als eine Sportveranstaltung und hat in der Vergangenheit Ma\u00dfst\u00e4be gesetzt, die \u00fcberregional zur Kenntnis genommen wurden. Seit 2012 wird die gr\u00f6\u00dfte Breitensportveranstaltung in der Region klimaneutral und seit 2018 barrierefrei durchgef\u00fchrt.<\/p>\n<p>Zwei Euro pro Starterin und Starter gehen auch in diesem Jahr wieder als Spende bzw. Unterst\u00fctzung an diverse Projekte &amp; Initiativen:<\/p>\n<ul>\n<li>Klimaschutzprojekt f\u00fcr nicht vermeidbare CO2 &#8211; Emissionen in Zusammenhang mit dem AOK-Firmenlauf und dem Volksbank-Sch\u00fclerlauf<\/li>\n<li>Weiterf\u00fchrung des Projekts \u201eSch\u00fclerlauf-Wald\u201c am Rosterberg<\/li>\n<li>Unterst\u00fctzung der Aktivit\u00e4ten beim Volksbank-Sch\u00fclerlauf<\/li>\n<li>Inklusive Sportangebote des Vereins Inklusive Begegnungen &amp; f\u00fcr das B\u00fcro Schlachthausstra\u00dfe<\/li>\n<\/ul>\n<p><strong>Infotreffen zum Sch\u00fclerlauf und Firmenlauf<\/strong><\/p>\n<p>Sowohl Volksbank-Sch\u00fclerlauf als auch AOK-Firmenlauf w\u00fcrden ohne die engagierten Lehrkr\u00e4fte in den Schulen und die Multiplikatorinnen und Multiplikatoren in den Unternehmen nicht so eine gro\u00dfe Resonanz erhalten. Dem Veranstalter ist deshalb eine Kommunikation mit den Engagierten in den Firmen und Schulen ganz wichtig.<\/p>\n<p>Das Firmenlauf-Infotreffen f\u00fcr Multiplikatorinnen und Multiplikatoren findet am Mittwoch, 1. Februar um 17 Uhr im Hotel B\u00fcrger statt.<\/p>\n<p>Eine Woche sp\u00e4ter, ist am 8. Februar um 16 Uhr in der Bismarckhalle ein Sch\u00fclerlauf-Infotreffen geplant.<\/p>\n<p>Die Ausschreibung mit den Infos zum Ablauf der Veranstaltungen, den Startgeb\u00fchren und Leistungen des Veranstalters sowie weitere Informationen unter <a href=\"http:\/\/www.siegerlaender-aok-firmenlauf.de\">www.siegerlaender-aok-firmenlauf.de<\/a> und <a href=\"http:\/\/www.volksbank-schuelerlauf.de\">www.volksbank-schuelerlauf.de<\/a><\/p>\n<p>Text\/Foto: Anlauf Siegen<\/p>\n","protected":false},"excerpt":{"rendered":"<p>Mit einer gro\u00dfen Pressekonferenz in den R\u00e4umen der Volksbank in S\u00fcdwestfalen gaben \u00fcber 30 Vertreterinnen und Vertreter von Sponsoren, Landrat Andreas M\u00fcller und B\u00fcrgermeister Steffen&#8230;<\/p>\n","protected":false},"author":7,"featured_media":30237,"comment_status":"open","ping_status":"open","sticky":false,"template":"","format":"standard","meta":{"_jetpack_memberships_contains_paid_content":false,"footnotes":""},"categories":[1,32,30],"tags":[],"class_list":["post-30236","post","type-post","status-publish","format-standard","has-post-thumbnail","hentry","category-aktuell","category-infos","category-vermischtes"],"jetpack_featured_media_url":"https:\/\/www.vdsm.net\/wronline\/wp-content\/uploads\/2023\/01\/PRESSEFOTO_02_PK_Firmenlauf_Schuelerlauf_2023--scaled.jpg","jetpack_sharing_enabled":true,"_links":{"self":[{"href":"https:\/\/www.vdsm.net\/wronline\/wp-json\/wp\/v2\/posts\/30236","targetHints":{"allow":["GET"]}}],"collection":[{"href":"https:\/\/www.vdsm.net\/wronline\/wp-json\/wp\/v2\/posts"}],"about":[{"href":"https:\/\/www.vdsm.net\/wronline\/wp-json\/wp\/v2\/types\/post"}],"author":[{"embeddable":true,"href":"https:\/\/www.vdsm.net\/wronline\/wp-json\/wp\/v2\/users\/7"}],"replies":[{"embeddable":true,"href":"https:\/\/www.vdsm.net\/wronline\/wp-json\/wp\/v2\/comments?post=30236"}],"version-history":[{"count":2,"href":"https:\/\/www.vdsm.net\/wronline\/wp-json\/wp\/v2\/posts\/30236\/revisions"}],"predecessor-version":[{"id":30239,"href":"https:\/\/www.vdsm.net\/wronline\/wp-json\/wp\/v2\/posts\/30236\/revisions\/30239"}],"wp:featuredmedia":[{"embeddable":true,"href":"https:\/\/www.vdsm.net\/wronline\/wp-json\/wp\/v2\/media\/30237"}],"wp:attachment":[{"href":"https:\/\/www.vdsm.net\/wronline\/wp-json\/wp\/v2\/media?parent=30236"}],"wp:term":[{"taxonomy":"category","embeddable":true,"href":"https:\/\/www.vdsm.net\/wronline\/wp-json\/wp\/v2\/categories?post=30236"},{"taxonomy":"post_tag","embeddable":true,"href":"https:\/\/www.vdsm.net\/wronline\/wp-json\/wp\/v2\/tags?post=30236"}],"curies":[{"name":"wp","href":"https:\/\/api.w.org\/{rel}","templated":true}]}}