{"id":30212,"date":"2023-01-05T09:21:27","date_gmt":"2023-01-05T08:21:27","guid":{"rendered":"https:\/\/www.vdsm.net\/wronline\/?p=30212"},"modified":"2023-01-05T09:28:13","modified_gmt":"2023-01-05T08:28:13","slug":"frank-clemens-bleibt-kreishandwerksmeister","status":"publish","type":"post","link":"https:\/\/www.vdsm.net\/wronline\/frank-clemens-bleibt-kreishandwerksmeister\/","title":{"rendered":"Frank Clemens bleibt Kreishandwerksmeister"},"content":{"rendered":"<p>Bei der Delegiertenversammlung der Kreishandwerkerschaft Westfalen-S\u00fcd, die k\u00fcrzlich in den R\u00e4umlichkeiten der Siegerlandhalle stattfand, standen unter anderem Vorstandswahlen auf dem Programm: Dachdeckermeister Frank Clemens aus Olpe wurde einstimmig in seinem Amt als Kreishandwerksmeister best\u00e4tigt und auch sein Stellvertreter Karl-Friedrich Bublitz aus Siegen wurde einstimmig wiedergew\u00e4hlt. Andrea Simon, Obermeisterin der Friseur-Innung Westfalen-S\u00fcd, sorgte f\u00fcr ein Novum: Sie wurde als erste und einzige Frau in den Vorstand der Handwerksorganisation gew\u00e4hlt.<\/p>\n<p><strong>Frank Clemens sieht 2023 neben vielen Herausforderungen auch Chancen<\/strong><\/p>\n<p>\u201eEs ist sch\u00f6n, dass wir uns nach Covid endlich wieder in Pr\u00e4senz treffen k\u00f6nnen. Allerdings befinden wir uns nun direkt in der n\u00e4chsten Krise: Der Ukraine-Krieg und seine Folgen im Hinblick auf die Energieversorgung und teilweise extreme Preissteigerungen besch\u00e4ftigen uns alle. Die Umst\u00e4nde im Handwerk sind beschwerlich. Besonders hart hat es das B\u00e4ckerhandwerk getroffen. Angesichts der Konkurrenz zum Discounter k\u00f6nnen die teilweise massiv gestiegenen Kosten f\u00fcr Vorprodukte und Energie nur in geringem Ma\u00dfe an die Kundinnen und Kunden weitergegeben werden. Das kann existenzgef\u00e4hrdend sein. Dass die Konjunkturaussichten tr\u00fcb sind, wundert nicht. Insbesondere im Bauhandwerk wird mit einem Konjunkturr\u00fcckgang im Jahr 2023 gerechnet. Nichtsdestotrotz bietet diese Situation auch Chancen, denn die Vorgabe, bis 2045 klimaneutral zu sein, ist nur gemeinsam mit dem Handwerk realisierbar \u2013 und das gewerke\u00fcbergreifend\u201c, res\u00fcmierte der Kreishandwerksmeister das Jahr 2022.<\/p>\n<p>Als Gast war Hendrik Schmitt vor Ort und nutzte die Gelegenheit sich als Hauptgesch\u00e4ftsf\u00fchrer der Handwerkskammer S\u00fcdwestfalen pers\u00f6nlich bei den Innungsvertreterinnen und -vertretern vorzustellen. Der 46-j\u00e4hrige umriss die Themen, die die Handwerkskammer mit Sitz in Arnsberg derzeit besonders besch\u00e4ftigen: die aktuelle Krise mit all ihren Folgen, die Sperrung der A45 mit ihren massiven Auswirkungen auf Lieferstrecken und damit auf die Betriebe in der Region sowie das gro\u00dfe Thema B\u00fcrokratieabbau. \u201eWir verwalten uns zu Tode\u201c, brachte Hendrik Schmitt es auf den Punkt und nannte einige Paradebeispiele daf\u00fcr. Die Aufgabe der Stunde sei es, selbst mitzuarbeiten, um L\u00f6sungen zu finden, die machbar sind. Auch im Hinblick auf die Energiekrise. \u201eZusammen \u2013 nur so geht\u00b4s\u201c, so der Hauptgesch\u00e4ftsf\u00fchrer.<\/p>\n<p><strong>Vorstandswahl: Verabschiedung von Reiner Gerhard<\/strong><\/p>\n<p>Die turnusm\u00e4\u00dfigen Neuwahlen, die nur wenige Ver\u00e4nderungen zur Folge hatten, verliefen einvernehmlich. Kreishandwerksmeister Frank Clemens aus Olpe wurde in seinem Amt einstimmig best\u00e4tigt. Zu seinem Stellvertreter wurde erneut Karl-Friedrich Bublitz aus Siegen gew\u00e4hlt. Auch er bekam die volle Stimmenanzahl der Delegierten. Kreislehrlingswart bleibt Frank Hanses aus Kirchhundem. Auch die anderen Vorstandsmitglieder wurden einstimmig im Amt best\u00e4tigt. Das neue Gesicht im Vorstand der Kreishandwerkerschaft ist Andrea Simon. Die Obermeisterin der Friseur-Innung Westfalen-S\u00fcd ist damit die erste und auch bislang einzige Frau im Vorstand. Sie ersetzt Reiner Gerhard, der aus Altersgr\u00fcnden auf eigenen Wunsch nach rund 23 Jahren sein Vorstandsamt niedergelegt hat. KH-Gesch\u00e4ftsf\u00fchrer Stefan Simon und Frank Clemens nutzten die Gelegenheit, Reiner Gerhard, f\u00fcr sein jahrzehntelanges Engagement im Ehrenamt zu danken und \u00fcberreichten ihm einen Pr\u00e4sentkorb. Seit 1999 war der Friseurmeister Mitglied im Vorstand der Kreishandwerkerschaft. Bereits 2015 wurde Reiner Gerhard, der auch Vize-Pr\u00e4sident der Handwerkskammer und Ehrenobermeister der Friseur-Innung Westfalen-S\u00fcd ist, mit der goldenen Ehrennadel ausgezeichnet.<\/p>\n<p><strong>Der aktuelle Vorstand im \u00dcberblick:<\/strong> Kreishandwerksmeister Frank Clemens (Dachdecker-Innung Kreis Olpe), stellvertretender Kreishandwerksmeister Karl-Friedrich Bublitz (Fachinnung S-H-K Siegen-Wittgenstein), Robert Pal (Kfz-Innung Westfalen-S\u00fcd), Bernd Elter (Elektro-Innung Siegen), Andrea Simon (Friseur-Innung Westfalen-S\u00fcd), Harald G\u00f6rnig (Metalltechnik-Innung Westfalen-S\u00fcd), Klaus Reuter (Tischler-Innung Westfalen-S\u00fcd), Georg Sangermann (B\u00e4cker-Innung Westfalen-S\u00fcd), Sven Z\u00f6ller (Maler- und Lackierer-Innung Westfalen-S\u00fcd), Ralph Werthebach (Bauinnung Westfalen-S\u00fcd), Stefan Jaeger (IT-Innung Westfalen-S\u00fcd) und Kreislehrlingswart (beratendes Mitglied) Frank Hanses (Elektro-Innung Kreis Olpe).<\/p>\n","protected":false},"excerpt":{"rendered":"<p>Bei der Delegiertenversammlung der Kreishandwerkerschaft Westfalen-S\u00fcd, die k\u00fcrzlich in den R\u00e4umlichkeiten der Siegerlandhalle stattfand, standen unter anderem Vorstandswahlen auf dem Programm: Dachdeckermeister Frank Clemens aus&#8230;<\/p>\n","protected":false},"author":7,"featured_media":30213,"comment_status":"open","ping_status":"open","sticky":false,"template":"","format":"standard","meta":{"_jetpack_memberships_contains_paid_content":false,"footnotes":""},"categories":[1,32,30],"tags":[],"class_list":["post-30212","post","type-post","status-publish","format-standard","has-post-thumbnail","hentry","category-aktuell","category-infos","category-vermischtes"],"jetpack_featured_media_url":"https:\/\/www.vdsm.net\/wronline\/wp-content\/uploads\/2023\/01\/Vorstand_KH-scaled.jpg","jetpack_sharing_enabled":true,"_links":{"self":[{"href":"https:\/\/www.vdsm.net\/wronline\/wp-json\/wp\/v2\/posts\/30212","targetHints":{"allow":["GET"]}}],"collection":[{"href":"https:\/\/www.vdsm.net\/wronline\/wp-json\/wp\/v2\/posts"}],"about":[{"href":"https:\/\/www.vdsm.net\/wronline\/wp-json\/wp\/v2\/types\/post"}],"author":[{"embeddable":true,"href":"https:\/\/www.vdsm.net\/wronline\/wp-json\/wp\/v2\/users\/7"}],"replies":[{"embeddable":true,"href":"https:\/\/www.vdsm.net\/wronline\/wp-json\/wp\/v2\/comments?post=30212"}],"version-history":[{"count":1,"href":"https:\/\/www.vdsm.net\/wronline\/wp-json\/wp\/v2\/posts\/30212\/revisions"}],"predecessor-version":[{"id":30214,"href":"https:\/\/www.vdsm.net\/wronline\/wp-json\/wp\/v2\/posts\/30212\/revisions\/30214"}],"wp:featuredmedia":[{"embeddable":true,"href":"https:\/\/www.vdsm.net\/wronline\/wp-json\/wp\/v2\/media\/30213"}],"wp:attachment":[{"href":"https:\/\/www.vdsm.net\/wronline\/wp-json\/wp\/v2\/media?parent=30212"}],"wp:term":[{"taxonomy":"category","embeddable":true,"href":"https:\/\/www.vdsm.net\/wronline\/wp-json\/wp\/v2\/categories?post=30212"},{"taxonomy":"post_tag","embeddable":true,"href":"https:\/\/www.vdsm.net\/wronline\/wp-json\/wp\/v2\/tags?post=30212"}],"curies":[{"name":"wp","href":"https:\/\/api.w.org\/{rel}","templated":true}]}}