{"id":3020,"date":"2015-12-04T13:58:59","date_gmt":"2015-12-04T12:58:59","guid":{"rendered":"http:\/\/www.vdsm.net\/wronline\/?p=3020"},"modified":"2015-12-04T13:58:59","modified_gmt":"2015-12-04T12:58:59","slug":"sprechstunde-zum-beruflichen-wiedereinstieg-am-14-dezember-in-siegen","status":"publish","type":"post","link":"https:\/\/www.vdsm.net\/wronline\/sprechstunde-zum-beruflichen-wiedereinstieg-am-14-dezember-in-siegen\/","title":{"rendered":"Sprechstunde zum beruflichen Wiedereinstieg am 14. Dezember in Siegen"},"content":{"rendered":"<p>Wertvolle Tipps zum beruflichen Wiederstieg bietet die Sprechstunde der Beauftragten f\u00fcr Chancengleichheit am Arbeitsmarkt der Agentur f\u00fcr Arbeit Siegen, Birgit Riemer-Schnabel. Die Sprechstunde von Birgit Riemer-Schnabel ist am Montag, den 14.12.2015 im Raum E.93 des Berufsinformationszentrum (BiZ) der Agentur f\u00fcr Arbeit Siegen, Emilienstr. 45. Birgit Riemer-Schnabel steht Interessierten zwischen 13.00 Uhr und 15.30 Uhr zur Verf\u00fcgung. Eine Anmeldung ist nicht erforderlich.<\/p>\n<p>\u201eWer aufgrund einer Familienphase oder aus anderen Gr\u00fcnden seine berufliche Laufbahn unterbrochen hat und nun wieder einsteigen will, ist h\u00e4ufig verunsichert. Es besteht der Wunsch nach einem Wiedereinstieg, aber manchmal scheinen die H\u00fcrden un\u00fcberwindbar\u201c, wei\u00df Birgit Riemer-Schnabel. \u201eDeswegen biete ich in meiner vertraulichen und individuellen Sprechstunde Antworten auf ganz pers\u00f6nliche Fragen. Gemeinsam erarbeiten wir Perspektiven und gehen Ihren beruflichen Wiedereinstieg an, kommen Sie vorbei!\u201c<\/p>\n<p>\u00dcber die Sprechstunde bietet sich Interessierten auch die M\u00f6glichkeit, Zugang zum Vermittlungsteam \u201eDritte Karriere\u201c zu bekommen. Die beiden Vermittlerinnen betreuen Personen, die ausgebildete Fachkr\u00e4fte sind, aber f\u00fcr die Familien-Karriere ihre Berufst\u00e4tigkeit beendet haben. \u201eMit dem beruflichen Wiedereinstieg k\u00f6nnen sie zur finanziellen Absicherung ihrer Familie beitragen und beruflich Anschluss halten\u201c, erl\u00e4utert Riemer-Schnabel die Dritte Karriere.<\/p>\n","protected":false},"excerpt":{"rendered":"<p>Wertvolle Tipps zum beruflichen Wiederstieg bietet die Sprechstunde der Beauftragten f\u00fcr Chancengleichheit am Arbeitsmarkt der Agentur f\u00fcr Arbeit Siegen, Birgit Riemer-Schnabel. Die Sprechstunde von Birgit&#8230;<\/p>\n","protected":false},"author":2,"featured_media":2674,"comment_status":"open","ping_status":"open","sticky":false,"template":"","format":"standard","meta":{"_jetpack_memberships_contains_paid_content":false,"footnotes":""},"categories":[16],"tags":[],"class_list":["post-3020","post","type-post","status-publish","format-standard","has-post-thumbnail","hentry","category-arbeitsmarkt"],"jetpack_featured_media_url":"https:\/\/www.vdsm.net\/wronline\/wp-content\/uploads\/2015\/08\/wronline-header-arbeitsmarkt.jpg","jetpack_sharing_enabled":true,"_links":{"self":[{"href":"https:\/\/www.vdsm.net\/wronline\/wp-json\/wp\/v2\/posts\/3020","targetHints":{"allow":["GET"]}}],"collection":[{"href":"https:\/\/www.vdsm.net\/wronline\/wp-json\/wp\/v2\/posts"}],"about":[{"href":"https:\/\/www.vdsm.net\/wronline\/wp-json\/wp\/v2\/types\/post"}],"author":[{"embeddable":true,"href":"https:\/\/www.vdsm.net\/wronline\/wp-json\/wp\/v2\/users\/2"}],"replies":[{"embeddable":true,"href":"https:\/\/www.vdsm.net\/wronline\/wp-json\/wp\/v2\/comments?post=3020"}],"version-history":[{"count":1,"href":"https:\/\/www.vdsm.net\/wronline\/wp-json\/wp\/v2\/posts\/3020\/revisions"}],"predecessor-version":[{"id":3021,"href":"https:\/\/www.vdsm.net\/wronline\/wp-json\/wp\/v2\/posts\/3020\/revisions\/3021"}],"wp:featuredmedia":[{"embeddable":true,"href":"https:\/\/www.vdsm.net\/wronline\/wp-json\/wp\/v2\/media\/2674"}],"wp:attachment":[{"href":"https:\/\/www.vdsm.net\/wronline\/wp-json\/wp\/v2\/media?parent=3020"}],"wp:term":[{"taxonomy":"category","embeddable":true,"href":"https:\/\/www.vdsm.net\/wronline\/wp-json\/wp\/v2\/categories?post=3020"},{"taxonomy":"post_tag","embeddable":true,"href":"https:\/\/www.vdsm.net\/wronline\/wp-json\/wp\/v2\/tags?post=3020"}],"curies":[{"name":"wp","href":"https:\/\/api.w.org\/{rel}","templated":true}]}}