{"id":30197,"date":"2023-01-03T09:02:47","date_gmt":"2023-01-03T08:02:47","guid":{"rendered":"https:\/\/www.vdsm.net\/wronline\/?p=30197"},"modified":"2023-01-03T09:17:14","modified_gmt":"2023-01-03T08:17:14","slug":"energiemonitor-siegen-wittgenstein-zeigt-regenerative-stromerzeugung-und-lokalen-verbrauch","status":"publish","type":"post","link":"https:\/\/www.vdsm.net\/wronline\/energiemonitor-siegen-wittgenstein-zeigt-regenerative-stromerzeugung-und-lokalen-verbrauch\/","title":{"rendered":"EnergieMonitor Siegen-Wittgenstein zeigt regenerative Stromerzeugung und lokalen Verbrauch"},"content":{"rendered":"<p>\u201eWo steht Siegen-Wittgenstein bei der Energiewende? Wie viel Strom wird bei uns vor Ort z.B. regenerativ erzeugt und verbraucht?\u201c, fragt Landrat Andreas M\u00fcller. Antworten gibt der Kreis jetzt mit dem EnergieMonitor Siegen-Wittgenstein. \u201eDieser erm\u00f6glicht allen Interessierten jederzeit einen aktuellen Einblick in die Energieversorgung unserer Heimat\u201c, so der Landrat. Der EnergieMonitor ist ein Online-Dashboard der Kreisverwaltung und der Westenergie AG. Der Link zum Dashboard befindet sich unter <a href=\"http:\/\/www.siegen-wittgenstein.de\" target=\"_blank\" rel=\"noopener\">www.siegen-wittgenstein.de<\/a> in der Rubrik \u201eSchlaglichter\u201c. Ein direkter Zugang ist auch \u00fcber <a href=\"http:\/\/www.energiemonitor.de\/siegen-wittgenstein\" target=\"_blank\" rel=\"noopener\">www.energiemonitor.de\/siegen-wittgenstein<\/a> m\u00f6glich.<\/p>\n<p>\u201eGemeinsam mit allen B\u00fcrgerinnen und B\u00fcrgern die Energiewende positiv gestalten, mehr regenerativen Strom regional erzeugen und hier vor Ort verbrauchen \u2013 das sind zentrale Klimaschutzziele des Kreises\u201c, betont der Landrat: \u201eDas innovative Online-Tool, das wir jetzt gemeinsam mit Westenergie etabliert haben, visualisiert die aktuelle Eigenversorgung im gesamten Kreisgebiet und informiert zudem \u00fcber den Anteil von regenerativem Strom im Energiemix\u201c, so M\u00fcller.<\/p>\n<p>Der EnergieMonitor zeigt quasi in Echtzeit, wie viel Strom vor Ort in Siegen-Wittgenstein aktuell erzeugt und verbraucht wird. So sehen die Nutzer zu jeder Tages- und Jahreszeit auf einen Blick, wie hoch der Grad der Eigenversorgung ist und aus welchen Quellen die Energie stammt. Zudem erm\u00f6glichen Vergleichswerte vorangegangener Tage, Woche und Monate R\u00fcckschl\u00fcsse \u00fcber die stetige Entwicklung der Energiewende in Siegen-Wittgenstein. \u201eSo k\u00f6nnen wir tats\u00e4chlich nachvollziehen, ob wir mit zus\u00e4tzlichen Solar- oder Windkraftanlagen unsere energetische Eigenversorgung st\u00e4rken und zugleich den CO<sub>2<\/sub>-Aussto\u00df mindern\u201c, erl\u00e4utert der Landrat.<\/p>\n<p>\u201eDie Energiewende ist eine der gr\u00f6\u00dften Herausforderungen unserer Zeit. Wer auf Kurs bleiben will, braucht vor allem eines: Transparenz\u201c, erl\u00e4utert Achim Loos, Kommunalmanager bei Westenergie AG, bei der Pr\u00e4sentation des Dashboards: \u201eDer Monitor gibt detaillierten Aufschluss \u00fcber Stromverbr\u00e4uche in Siegen-Wittgenstein sowie die regional erzeugten Mengen.\u201c<\/p>\n<p>Landrat Andreas M\u00fcller ist stolz darauf, dass Siegen-Wittgenstein als einer der ersten Kreise in der Region das Instrument des EnergieMonitors nutzt. Die Daten aktualisieren sich im Viertelstundentakt. \u201eAm Ende eines jeden Tages k\u00f6nnen wir k\u00fcnftig Bilanz ziehen: Wie gr\u00fcn war der \u00f6rtliche Energiemix heute? Diese Transparenz kann auch motivieren, sich mit eigenen Projekten an der Energiewende zu beteiligen und damit unsere \u00d6kobilanz weiter zu verbessern\u201c, ist M\u00fcller zuversichtlich. Denn die eingeschlagene Richtung ist klar: \u201eUnsere Energiezukunft ist dezentral. St\u00e4dte und Gemeinden, aber auch Privatpersonen und lokale Unternehmen spielen daher eine immer gr\u00f6\u00dfere Rolle bei der Energieversorgung!\u201c, betont der Landrat: \u201eDer EnergieMonitor wird jederzeit zeigen, wie erfolgreich wir auf diesem Weg sind.\u201c<\/p>\n<p>Text und Grafik: <a href=\"https:\/\/www.siegen-wittgenstein.de\/\" target=\"_blank\" rel=\"noopener\">Kreis Siegen-Wittgenstein<\/a> und Westenergie AG<\/p>\n","protected":false},"excerpt":{"rendered":"<p>\u201eWo steht Siegen-Wittgenstein bei der Energiewende? Wie viel Strom wird bei uns vor Ort z.B. regenerativ erzeugt und verbraucht?\u201c, fragt Landrat Andreas M\u00fcller. Antworten gibt&#8230;<\/p>\n","protected":false},"author":6,"featured_media":30198,"comment_status":"open","ping_status":"open","sticky":false,"template":"","format":"standard","meta":{"_jetpack_memberships_contains_paid_content":false,"footnotes":""},"categories":[32,30,11],"tags":[],"class_list":["post-30197","post","type-post","status-publish","format-standard","has-post-thumbnail","hentry","category-infos","category-vermischtes","category-regionale-wirtschaft"],"jetpack_featured_media_url":"https:\/\/www.vdsm.net\/wronline\/wp-content\/uploads\/2023\/01\/EnergieMonitor_WEB.jpg","jetpack_sharing_enabled":true,"_links":{"self":[{"href":"https:\/\/www.vdsm.net\/wronline\/wp-json\/wp\/v2\/posts\/30197","targetHints":{"allow":["GET"]}}],"collection":[{"href":"https:\/\/www.vdsm.net\/wronline\/wp-json\/wp\/v2\/posts"}],"about":[{"href":"https:\/\/www.vdsm.net\/wronline\/wp-json\/wp\/v2\/types\/post"}],"author":[{"embeddable":true,"href":"https:\/\/www.vdsm.net\/wronline\/wp-json\/wp\/v2\/users\/6"}],"replies":[{"embeddable":true,"href":"https:\/\/www.vdsm.net\/wronline\/wp-json\/wp\/v2\/comments?post=30197"}],"version-history":[{"count":3,"href":"https:\/\/www.vdsm.net\/wronline\/wp-json\/wp\/v2\/posts\/30197\/revisions"}],"predecessor-version":[{"id":30201,"href":"https:\/\/www.vdsm.net\/wronline\/wp-json\/wp\/v2\/posts\/30197\/revisions\/30201"}],"wp:featuredmedia":[{"embeddable":true,"href":"https:\/\/www.vdsm.net\/wronline\/wp-json\/wp\/v2\/media\/30198"}],"wp:attachment":[{"href":"https:\/\/www.vdsm.net\/wronline\/wp-json\/wp\/v2\/media?parent=30197"}],"wp:term":[{"taxonomy":"category","embeddable":true,"href":"https:\/\/www.vdsm.net\/wronline\/wp-json\/wp\/v2\/categories?post=30197"},{"taxonomy":"post_tag","embeddable":true,"href":"https:\/\/www.vdsm.net\/wronline\/wp-json\/wp\/v2\/tags?post=30197"}],"curies":[{"name":"wp","href":"https:\/\/api.w.org\/{rel}","templated":true}]}}