{"id":30181,"date":"2023-01-02T09:10:11","date_gmt":"2023-01-02T08:10:11","guid":{"rendered":"https:\/\/www.vdsm.net\/wronline\/?p=30181"},"modified":"2023-01-02T09:10:32","modified_gmt":"2023-01-02T08:10:32","slug":"industrie-eine-staerkere-stimme-geben","status":"publish","type":"post","link":"https:\/\/www.vdsm.net\/wronline\/industrie-eine-staerkere-stimme-geben\/","title":{"rendered":"\u201eIndustrie eine st\u00e4rkere Stimme geben\u201c"},"content":{"rendered":"<p>\u201eDie vielbeschworene \u201aZeitenwende\u2018 birgt eine riesige Gestaltungschance. Um sie zu nutzen, brauchen wir Optimismus und neuen Mut f\u00fcr ehrlich nachhaltige, auch unbequeme, vor allem aber schnelle Entscheidungen in der Politik!\u201c Eindringlich warb der frisch gew\u00e4hlte Bundesvorsitzende der Jungen Union, Johannes Winkel, in seiner Rede vor der IHK-Vollversammlung f\u00fcr neue politische Akzente bei Energiepolitik und Klimawandel sowie in den demografischen Weichenstellungen.<\/p>\n<p>Nach Ausrufung der \u201eZeitenwende\u201c durch die Regierung sei die hierf\u00fcr notwendige politische Priorisierungsdebatte ausgeblieben. Ein Umstand, den IHK-Vizepr\u00e4sident Christian F. Kocherscheidt (EJOT Holding GmbH &amp; Co. KG), der die Sitzung der Vollversammlung in Vertretung f\u00fcr IHK-Pr\u00e4sident Walter Viegener leitete, unterstreichen konnte: \u201eNach Beginn des russischen Angriffskrieges haben viele Unternehmen ihre Kosten auf den Pr\u00fcfstand gestellt und sich strategisch neu ausgerichtet. Das vermissen wir in der Politik!\u201c<\/p>\n<div id=\"attachment_30183\" style=\"width: 310px\" class=\"wp-caption alignright\"><a href=\"https:\/\/www.vdsm.net\/wronline\/wp-content\/uploads\/2023\/01\/093-22-Vortrag-Winkel_WEB.jpg\"><img loading=\"lazy\" decoding=\"async\" aria-describedby=\"caption-attachment-30183\" class=\"size-medium wp-image-30183\" src=\"https:\/\/www.vdsm.net\/wronline\/wp-content\/uploads\/2023\/01\/093-22-Vortrag-Winkel_WEB-300x200.jpg\" alt=\"\" width=\"300\" height=\"200\" srcset=\"https:\/\/www.vdsm.net\/wronline\/wp-content\/uploads\/2023\/01\/093-22-Vortrag-Winkel_WEB-300x200.jpg 300w, https:\/\/www.vdsm.net\/wronline\/wp-content\/uploads\/2023\/01\/093-22-Vortrag-Winkel_WEB-768x512.jpg 768w, https:\/\/www.vdsm.net\/wronline\/wp-content\/uploads\/2023\/01\/093-22-Vortrag-Winkel_WEB.jpg 777w\" sizes=\"auto, (max-width: 300px) 100vw, 300px\" \/><\/a><p id=\"caption-attachment-30183\" class=\"wp-caption-text\">Johannes Winkel, Bundesvorsitzender der Jungen Union, referierte vor den Mitgliedern der IHK-Vollversammlung.<\/p><\/div>\n<p>Um den Belangen der h\u00e4ufig industriestarken l\u00e4ndlichen R\u00e4ume eine st\u00e4rkere Stimme zu geben, sieht Johannes Winkel die Union und vor allem auch die Junge Union in einer Vorreiterrolle. \u00dcberhaupt will er die Jugendorganisation von CDU und CSU als Vordenker in den gro\u00dfen Fragen der jungen Generation verstanden wissen, die nicht ihrer Perspektiven beraubt werden d\u00fcrfe. \u201eEin Drittel des Bundeshaushaltes flie\u00dft Jahr f\u00fcr Jahr in ein Rentensystem, das sich eigentlich selbst tragen soll. Das ist Geld, das meiner Generation f\u00fcr wichtige Innovationen fehlen wird\u201c, betonte der 31-J\u00e4hrige.<\/p>\n<p>Viel zu lange schon werde nachhaltiges Handeln auf Klimafragen beschr\u00e4nkt. \u201eNeben einer \u00f6kologischen gibt es auch eine \u00f6konomische Nachhaltigkeit.\u201c \u00dcber Klima- und energiepolitische Themen w\u00fcrde in Deutschland vorzugsweise eine \u201eVerzichtsdebatte\u201c gef\u00fchrt \u2013 unter v\u00f6lliger Ausblendung der innovativen Kraft der Marktwirtschaft. Alternativ werde eine \u201eVorbilddebatte\u201c gef\u00fchrt, obwohl in Deutschland m\u00f6gliche Entwicklungen in den meisten anderen L\u00e4ndern der Erde nicht umgesetzt werden k\u00f6nnten.<\/p>\n<p>\u201eKlimapolitik und Energiepolitik m\u00fcssen zusammen gedacht und vor allem in einen internationalen Zusammenhang gestellt werden. Es gibt kein \u201adeutsches Klima\u2018! Fracking-Gas aus den USA einzuf\u00fchren, aber gleichzeitig die Anwendung der Technik in Deutschland zu verteufeln, ist die Kr\u00f6nung der Doppelmoral!\u201c Viel zu lange sei die Grundlastabsicherung in der Energiediskussion vernachl\u00e4ssigt worden, bem\u00e4ngelte Johannes Winkel und schloss in seine Kritik auch die Vorg\u00e4ngerregierung in Berlin ein. Er unterst\u00fctze daher nicht nur den Ausbau Erneuerbarer Energien, sondern auch eine offenere Diskussion \u00fcber Kernenergie und eine st\u00e4rkere Forschung bei der Kernfusion.<\/p>\n<p><strong>Industriepolitik im politischen Berlin ohne gro\u00dfe Rolle <\/strong><\/p>\n<p>Der geb\u00fcrtige Kreuztaler kennt den industriestarken heimischen Wirtschaftsraum gut. Seine Erkenntnis: \u201eIm politischen Berlin spielt Industriepolitik keine gro\u00dfe Rolle!\u201c Die gesellschaftliche Gruppe mit der kleinsten Lobby sei die der Auszubildenden. \u201eWir brauchen eine neue gesellschaftliche Wertsch\u00e4tzung f\u00fcr die betriebliche Ausbildung!\u201c F\u00fcr das kommende Jahr k\u00fcndigte Johannes Winkel hierzu eine bundesweite Kampagne der Jungen Union an. Mit Blick auf die Fachkr\u00e4fteversorgung forderte der Unionspolitiker zudem eine neue Form der Migrationspolitik: \u201eEin modernes Einwanderungsland definiert die eigenen Interessen und orientiert sich dabei auch an der Wirtschaft. Was wir nicht brauchen, ist eine Einwanderung in unsere Sozialsysteme!\u201c<\/p>\n<p>In der anschlie\u00dfenden Diskussion untermauerte Michael H. Heinz (M. H. Heinz Assekuranzmakler) seinen Eindruck, dass Generationenthemen politisch aufgeschoben w\u00fcrden: \u201eBei meinen Gespr\u00e4chen im Bundestag stelle ich fest, dass die notwendigen Ver\u00e4nderungen wie Mehltau auf den Themen Rentenpolitik und Altersversorgung liegen. Hier nicht zu handeln, ist unverantwortlich.\u201c<\/p>\n<p>Johannes Winkel warb vor den Mitgliedern der IHK-Vollversammlung daf\u00fcr, \u00fcber das Renteneintrittsalter und auch das Rentenniveau zu sprechen. Zudem m\u00fcsse der Frage nachgegangen werden, warum so wenige Familien gegr\u00fcndet werden. Das sei unbequem und dennoch richtig, denn: \u201eEs ist nicht Aufgabe der Politik, blo\u00df die \u00f6ffentliche Meinung zu verwalten!\u201c<\/p>\n<p>Text und Fotos: <a href=\"https:\/\/www.ihk-siegen.de\/\" target=\"_blank\" rel=\"noopener\">IHK Siegen<\/a><\/p>\n","protected":false},"excerpt":{"rendered":"<p>\u201eDie vielbeschworene \u201aZeitenwende\u2018 birgt eine riesige Gestaltungschance. Um sie zu nutzen, brauchen wir Optimismus und neuen Mut f\u00fcr ehrlich nachhaltige, auch unbequeme, vor allem aber&#8230;<\/p>\n","protected":false},"author":6,"featured_media":30182,"comment_status":"open","ping_status":"open","sticky":false,"template":"","format":"standard","meta":{"_jetpack_memberships_contains_paid_content":false,"footnotes":""},"categories":[1,32,30,11],"tags":[],"class_list":["post-30181","post","type-post","status-publish","format-standard","has-post-thumbnail","hentry","category-aktuell","category-infos","category-vermischtes","category-regionale-wirtschaft"],"jetpack_featured_media_url":"https:\/\/www.vdsm.net\/wronline\/wp-content\/uploads\/2023\/01\/093-22-Gruppenfoto_WEB.jpg","jetpack_sharing_enabled":true,"_links":{"self":[{"href":"https:\/\/www.vdsm.net\/wronline\/wp-json\/wp\/v2\/posts\/30181","targetHints":{"allow":["GET"]}}],"collection":[{"href":"https:\/\/www.vdsm.net\/wronline\/wp-json\/wp\/v2\/posts"}],"about":[{"href":"https:\/\/www.vdsm.net\/wronline\/wp-json\/wp\/v2\/types\/post"}],"author":[{"embeddable":true,"href":"https:\/\/www.vdsm.net\/wronline\/wp-json\/wp\/v2\/users\/6"}],"replies":[{"embeddable":true,"href":"https:\/\/www.vdsm.net\/wronline\/wp-json\/wp\/v2\/comments?post=30181"}],"version-history":[{"count":2,"href":"https:\/\/www.vdsm.net\/wronline\/wp-json\/wp\/v2\/posts\/30181\/revisions"}],"predecessor-version":[{"id":30185,"href":"https:\/\/www.vdsm.net\/wronline\/wp-json\/wp\/v2\/posts\/30181\/revisions\/30185"}],"wp:featuredmedia":[{"embeddable":true,"href":"https:\/\/www.vdsm.net\/wronline\/wp-json\/wp\/v2\/media\/30182"}],"wp:attachment":[{"href":"https:\/\/www.vdsm.net\/wronline\/wp-json\/wp\/v2\/media?parent=30181"}],"wp:term":[{"taxonomy":"category","embeddable":true,"href":"https:\/\/www.vdsm.net\/wronline\/wp-json\/wp\/v2\/categories?post=30181"},{"taxonomy":"post_tag","embeddable":true,"href":"https:\/\/www.vdsm.net\/wronline\/wp-json\/wp\/v2\/tags?post=30181"}],"curies":[{"name":"wp","href":"https:\/\/api.w.org\/{rel}","templated":true}]}}