{"id":30117,"date":"2022-12-15T13:29:10","date_gmt":"2022-12-15T12:29:10","guid":{"rendered":"https:\/\/www.vdsm.net\/wronline\/?p=30117"},"modified":"2022-12-15T13:41:00","modified_gmt":"2022-12-15T12:41:00","slug":"industrie-in-deutschland-nicht-willkommen","status":"publish","type":"post","link":"https:\/\/www.vdsm.net\/wronline\/industrie-in-deutschland-nicht-willkommen\/","title":{"rendered":"\u201eIndustrie in Deutschland nicht willkommen\u201c"},"content":{"rendered":"<p>Lange wurde \u00fcber die Strom- und Gaspreisbremse sowie deren Ausgestaltung debattiert \u2013 zu lange, sagt ein gro\u00dfer Teil der Unternehmen in Siegen-Wittgenstein im Rahmen einer Blitzumfrage der Arbeitgeberverb\u00e4nde Siegen-Wittgenstein (AGV). Die Kritik richtet sich aber auch gegen die nun geplante Umsetzung. \u201eMan kann den Eindruck gewinnen, dass einmal mehr Symbolpolitik betrieben wurde\u201c, sagt AGV-Gesch\u00e4ftsf\u00fchrer Dr. Thorsten Doublet: \u201eErst l\u00e4sst die Ampelkoalition sich f\u00fcr die Hilfen feiern und jetzt entfalten Strom- und Gaspreisbremse an der Basis nicht ihre Wirkung.\u201c Doch gerade in den Industrieunternehmen \u2013 auch in der Region \u2013 werde das Geld verdient, das Wohlstand in Deutschland trotz Dauer-Krisenmodus sichere: \u201eUnsere mittelst\u00e4ndischen Unternehmen stehen zu ihren Mitarbeitern, aber sie sind auch auf praktikable L\u00f6sungen bei der Nutzung der Energiepreisbremse angewiesen!\u201c<\/p>\n<div id=\"attachment_30118\" style=\"width: 310px\" class=\"wp-caption alignright\"><a href=\"https:\/\/www.vdsm.net\/wronline\/wp-content\/uploads\/2022\/12\/Frage1.jpg\"><img loading=\"lazy\" decoding=\"async\" aria-describedby=\"caption-attachment-30118\" class=\"size-medium wp-image-30118\" src=\"https:\/\/www.vdsm.net\/wronline\/wp-content\/uploads\/2022\/12\/Frage1-300x208.jpg\" alt=\"\" width=\"300\" height=\"208\" srcset=\"https:\/\/www.vdsm.net\/wronline\/wp-content\/uploads\/2022\/12\/Frage1-300x208.jpg 300w, https:\/\/www.vdsm.net\/wronline\/wp-content\/uploads\/2022\/12\/Frage1-1024x708.jpg 1024w, https:\/\/www.vdsm.net\/wronline\/wp-content\/uploads\/2022\/12\/Frage1-768x531.jpg 768w, https:\/\/www.vdsm.net\/wronline\/wp-content\/uploads\/2022\/12\/Frage1-1536x1062.jpg 1536w, https:\/\/www.vdsm.net\/wronline\/wp-content\/uploads\/2022\/12\/Frage1-2048x1417.jpg 2048w\" sizes=\"auto, (max-width: 300px) 100vw, 300px\" \/><\/a><p id=\"caption-attachment-30118\" class=\"wp-caption-text\">Viele Unternehmer sind mit der Strom- und Gaspreisbremse unzufrieden.<\/p><\/div>\n<p><strong>Strom- und Gaspreisbremse: Es hat viel zu lange gedauert<\/strong><\/p>\n<p>Im Rahmen der Blitzumfrage wollten die heimischen Arbeitgeberverb\u00e4nde von ihren Mitgliedsunternehmen wissen: \u201eSind Sie mit dem grunds\u00e4tzlichen Vorhaben zur Einf\u00fchrung der Strom- und Gaspreisbremse zufrieden?\u201c Nur jedes f\u00fcnfte Unternehmen, das sich an der Umfrage beteiligte, antwortete darauf mit \u201eJa\u201c. Stattdessen bem\u00e4ngelt \u00fcber die H\u00e4lfte der Firmen, dass der Findungsprozess innerhalb der Ampelkoalition viel zu lang gedauert habe (51 Prozent). Weitere 20 Prozent halten den Umfang der Unterst\u00fctzung f\u00fcr zu gering.<\/p>\n<p>Skeptisch sind die Unternehmer auch, was die jetzt geplante Umsetzung f\u00fcr die Industrie angeht. Die Kopplung der Hilfen an k\u00fcnftige Betriebsergebnisse sei ein gro\u00dfes Problem, sind sich 59 Prozent der Umfrageteilnehmer sicher. Alexander Buch von der Walzengie\u00dferei Karl Buch in Weidenau pr\u00e4zisiert: \u201eDurch die geplante Kopplung an das EBITDA (Gewinn vor Zinsen, Steuern und Abschreibungen) werden die ,Hilfen\u2018 nicht durchg\u00e4ngig wirksam werden. In der zurzeit geplanten Ausgestaltung verdeutlicht die Gas- und Strompreisbremse nur, dass Industrie und insbesondere energieintensive Unternehmen in Deutschland nicht willkommen sind, obwohl genau hier ein Gro\u00dfteil der Wertsch\u00f6pfung entsteht.\u201c<\/p>\n<p><strong>Gro\u00dfe Kritik an Verfahren zur Standort- und Besch\u00e4ftigungssicherung<\/strong><\/p>\n<p>Noch heftiger wird von den Machern an der Basis das Verfahren zur Standort- und Besch\u00e4ftigungssicherung kritisiert. Dieses halten sogar 64 Prozent der Umfrageteilnehmer f\u00fcr zu kompliziert (Mehrfachnennung m\u00f6glich).<\/p>\n<div id=\"attachment_30121\" style=\"width: 310px\" class=\"wp-caption alignright\"><a href=\"https:\/\/www.vdsm.net\/wronline\/wp-content\/uploads\/2022\/12\/Frage2.jpg\"><img loading=\"lazy\" decoding=\"async\" aria-describedby=\"caption-attachment-30121\" class=\"size-medium wp-image-30121\" src=\"https:\/\/www.vdsm.net\/wronline\/wp-content\/uploads\/2022\/12\/Frage2-300x174.jpg\" alt=\"\" width=\"300\" height=\"174\" srcset=\"https:\/\/www.vdsm.net\/wronline\/wp-content\/uploads\/2022\/12\/Frage2-300x174.jpg 300w, https:\/\/www.vdsm.net\/wronline\/wp-content\/uploads\/2022\/12\/Frage2-1024x595.jpg 1024w, https:\/\/www.vdsm.net\/wronline\/wp-content\/uploads\/2022\/12\/Frage2-768x446.jpg 768w, https:\/\/www.vdsm.net\/wronline\/wp-content\/uploads\/2022\/12\/Frage2-1536x893.jpg 1536w, https:\/\/www.vdsm.net\/wronline\/wp-content\/uploads\/2022\/12\/Frage2-2048x1191.jpg 2048w\" sizes=\"auto, (max-width: 300px) 100vw, 300px\" \/><\/a><p id=\"caption-attachment-30121\" class=\"wp-caption-text\">Vielen Umfrageteilnehmern ist das Verfahren zur Standort- und Besch\u00e4ftigungssicherung zu kompliziert.<\/p><\/div>\n<p>F\u00fcr Jan Roland Osterrath, Gesch\u00e4ftsf\u00fchrer des gleichnamigen Unternehmens an der Wahlbachsm\u00fchle in Bad Laasphe und gleichzeitig Vorstandsmitglied beim Verband der Siegerl\u00e4nder Metallindustriellen, geht der gesamte Mechanismus gar in eine falsche Richtung: \u201eBei der Strom- und Gaspreisbremse handelt es sich um ein planwirtschaftliches Instrument, das in meinen Augen viel zu teuer ist. Stattdessen m\u00fcsste die Angebotsseite gef\u00f6rdert werden.\u201c<\/p>\n<p>Thorsten Doublet abschlie\u00dfend: \u201eWenn es nicht gelingt, die Verfahren f\u00fcr die Unternehmen deutlich zu entschlacken und zu vereinfachen, droht die heimische Industrie einmal mehr im internationalen Wettbewerb abgeh\u00e4ngt zu werden!\u201c<\/p>\n<p>&nbsp;<\/p>\n<p>Text\/Grafiken: AGV Siegen-Wittgenstein, Foto: Pixabay<\/p>\n","protected":false},"excerpt":{"rendered":"<p>Lange wurde \u00fcber die Strom- und Gaspreisbremse sowie deren Ausgestaltung debattiert \u2013 zu lange, sagt ein gro\u00dfer Teil der Unternehmen in Siegen-Wittgenstein im Rahmen einer&#8230;<\/p>\n","protected":false},"author":7,"featured_media":30120,"comment_status":"open","ping_status":"open","sticky":false,"template":"","format":"standard","meta":{"_jetpack_memberships_contains_paid_content":false,"footnotes":""},"categories":[1,30,10,11],"tags":[],"class_list":["post-30117","post","type-post","status-publish","format-standard","has-post-thumbnail","hentry","category-aktuell","category-vermischtes","category-unternehmen","category-regionale-wirtschaft"],"jetpack_featured_media_url":"https:\/\/www.vdsm.net\/wronline\/wp-content\/uploads\/2022\/12\/power-pole-3304946-scaled.jpg","jetpack_sharing_enabled":true,"_links":{"self":[{"href":"https:\/\/www.vdsm.net\/wronline\/wp-json\/wp\/v2\/posts\/30117","targetHints":{"allow":["GET"]}}],"collection":[{"href":"https:\/\/www.vdsm.net\/wronline\/wp-json\/wp\/v2\/posts"}],"about":[{"href":"https:\/\/www.vdsm.net\/wronline\/wp-json\/wp\/v2\/types\/post"}],"author":[{"embeddable":true,"href":"https:\/\/www.vdsm.net\/wronline\/wp-json\/wp\/v2\/users\/7"}],"replies":[{"embeddable":true,"href":"https:\/\/www.vdsm.net\/wronline\/wp-json\/wp\/v2\/comments?post=30117"}],"version-history":[{"count":4,"href":"https:\/\/www.vdsm.net\/wronline\/wp-json\/wp\/v2\/posts\/30117\/revisions"}],"predecessor-version":[{"id":30124,"href":"https:\/\/www.vdsm.net\/wronline\/wp-json\/wp\/v2\/posts\/30117\/revisions\/30124"}],"wp:featuredmedia":[{"embeddable":true,"href":"https:\/\/www.vdsm.net\/wronline\/wp-json\/wp\/v2\/media\/30120"}],"wp:attachment":[{"href":"https:\/\/www.vdsm.net\/wronline\/wp-json\/wp\/v2\/media?parent=30117"}],"wp:term":[{"taxonomy":"category","embeddable":true,"href":"https:\/\/www.vdsm.net\/wronline\/wp-json\/wp\/v2\/categories?post=30117"},{"taxonomy":"post_tag","embeddable":true,"href":"https:\/\/www.vdsm.net\/wronline\/wp-json\/wp\/v2\/tags?post=30117"}],"curies":[{"name":"wp","href":"https:\/\/api.w.org\/{rel}","templated":true}]}}