{"id":30110,"date":"2022-12-12T17:01:11","date_gmt":"2022-12-12T16:01:11","guid":{"rendered":"https:\/\/www.vdsm.net\/wronline\/?p=30110"},"modified":"2022-12-12T17:01:11","modified_gmt":"2022-12-12T16:01:11","slug":"internationale-zusammenarbeit-zwischen-fablabs","status":"publish","type":"post","link":"https:\/\/www.vdsm.net\/wronline\/internationale-zusammenarbeit-zwischen-fablabs\/","title":{"rendered":"Internationale Zusammenarbeit zwischen FabLabs"},"content":{"rendered":"<p>Aus Siegen einen 3D-Drucker in Frankreich bedienen; mit italienischen Forscherinnen und Forschern gemeinsam einen Prototyp entwickeln \u2013 das soll k\u00fcnftig noch einfacher m\u00f6glich sein. Innerhalb der ATHENA-Hochschulallianz kooperieren ab sofort f\u00fcnf <a href=\"https:\/\/fablab-siegen.de\/\" target=\"_blank\" rel=\"noopener\">FabLabs<\/a>, Makerspaces und Design Factories miteinander. Dies sind Kreativ- und High-Tech-Werkst\u00e4tten, die allen interessierten Laien sowie Experten offenstehen. Dort kann man mit Hilfe modernster Technik Prototypen herstellen sowie Fertigungsverfahren ausprobieren und anwenden, zum Beispiel 3D-Drucker, Laser-Cutter oder CNC-Fr\u00e4sen. Das Ziel der internationalen Kooperation der FabLabs ist es, gemeinsame Lehrangebote zu entwickeln, sowohl f\u00fcr Studierende als auch f\u00fcr B\u00fcrger und Unternehmen. Au\u00dferdem sollen die Kontakte zur Industrie der jeweiligen Regionen f\u00fcr alle teilnehmenden Hochschulen zug\u00e4nglich gemacht werden. Unter dem Namen \u201eCo-Creation Hub\u201c soll k\u00fcnftig eine Schnittstelle zwischen den Universit\u00e4ten, den jeweiligen St\u00e4dten oder geographischen R\u00e4umen und den umliegenden Industrien entstehen. Bisher sind Hochschulen und Regionen in Deutschland, Frankreich, Litauen, \u00d6sterreich und Portugal dabei. K\u00fcnftig sollen weitere \u00e4hnliche Einrichtungen an den ATHENA-Partnerstandorten in Slowenien und Spanien dem Netzwerk hinzugef\u00fcgt werden. Au\u00dferdem sollen neue Kreativ-Werkst\u00e4tten mit der Hilfe des Co-Creation Hubs vorbereitet und ab September 2023 eingerichtet werden.<\/p>\n<div id=\"attachment_30112\" style=\"width: 286px\" class=\"wp-caption alignright\"><a href=\"https:\/\/www.vdsm.net\/wronline\/wp-content\/uploads\/2022\/12\/FabLab_medien-scaled.jpg\"><img loading=\"lazy\" decoding=\"async\" aria-describedby=\"caption-attachment-30112\" class=\"size-medium wp-image-30112\" src=\"https:\/\/www.vdsm.net\/wronline\/wp-content\/uploads\/2022\/12\/FabLab_medien-276x300.jpg\" alt=\"\" width=\"276\" height=\"300\" srcset=\"https:\/\/www.vdsm.net\/wronline\/wp-content\/uploads\/2022\/12\/FabLab_medien-276x300.jpg 276w, https:\/\/www.vdsm.net\/wronline\/wp-content\/uploads\/2022\/12\/FabLab_medien-941x1024.jpg 941w, https:\/\/www.vdsm.net\/wronline\/wp-content\/uploads\/2022\/12\/FabLab_medien-768x835.jpg 768w, https:\/\/www.vdsm.net\/wronline\/wp-content\/uploads\/2022\/12\/FabLab_medien-1412x1536.jpg 1412w, https:\/\/www.vdsm.net\/wronline\/wp-content\/uploads\/2022\/12\/FabLab_medien-1883x2048.jpg 1883w\" sizes=\"auto, (max-width: 276px) 100vw, 276px\" \/><\/a><p id=\"caption-attachment-30112\" class=\"wp-caption-text\">In Siegen wurde \u00fcber die Zusammenarbeit gesprochen.<\/p><\/div>\n<p><strong>Gemeinsame Lehrangebote durch ATHENA-Allianz<\/strong><\/p>\n<p>Die R\u00e4umlichkeiten, Lerninhalte und Ausr\u00fcstungen der FabLabs, Makerspaces und Design Factories sollen k\u00fcnftig gemeinsam genutzt werden, beispielsweise f\u00fcr angewandte Forschung in gemeinsamen Projekten. Forscherinnen und Forscher k\u00f6nnten zum Beispiel Prototypen an bestimmten Universit\u00e4ten erstellen, die wiederum von Forschern der anderen Hochschulen genutzt werden k\u00f6nnten. Teilweise sind jetzt schon Prozesse aus der Ferne steuerbar. \u201eWissenschaft wird durch die m\u00f6gliche ferngesteuerte Erstellung von Produkten im wahrsten Sinne des Wortes begreifbar, und das \u00fcber die Grenzen hinaus\u201c, erkl\u00e4rt Ruger Winnegge, Koordinator an der Uni Siegen f\u00fcr die ATHENA-Hochschulallianz.<\/p>\n<p>Auch weitere Uni-Besch\u00e4ftigte, B\u00fcrgerinnen und B\u00fcrger sowie Studierende h\u00e4tten k\u00fcnftig die Gelegenheit, alle kooperierenden FabLabs zu nutzen. Speziell f\u00fcr Studierende soll es gemeinsam gestaltete Lernfelder f\u00fcr projektbasiertes Lernen geben. Mit einbezogen werden die Mobilit\u00e4tsangebote von Erasmus+, um Reisen zu den Partnerinstituten zu erm\u00f6glichen und den kulturellen Austausch in Europa zu f\u00f6rdern. F\u00fcr Sommer 2023 wird ein Wettbewerb von \u201eMaker Teams\u201c aus den Partner-FabLabs angedacht. Die \u201eMaker Teams\u201c sind ein Auftakt f\u00fcr eine m\u00f6gliche Reihe zu einem neuen Maker-Austauschprogramm. Dar\u00fcber hinaus soll es einen Start-up Support aus den FabLabs heraus auf regionaler und internationaler Ebene geben. Das FabLab der Uni Siegen gibt es bereits seit 2015, zu finden im Herzen Siegens an der Sandstra\u00dfe 26. Es steht allen Personen \u2013 uni-intern wie -extern, mit und ohne Vorwissen \u2013 zur Verf\u00fcgung. Die Nutzung ist kostenlos.<br \/>\nDie Kooperation der FabLabs entsteht innerhalb der ATHENA-Hochschulallianz. Sie ist ein transnationaler, europ\u00e4ischer Zusammenschluss, der europ\u00e4ische Werte und Identit\u00e4t hervorhebt und die Qualit\u00e4t und Wettbewerbsf\u00e4higkeit der europ\u00e4ischen Hochschulbildung revolutioniert. Die Uni Siegen geh\u00f6rt seit 2020 zu den gr\u00fcndenden Mitgliedern.<\/p>\n<p>Text\/Fotos: Uni Siegen<\/p>\n","protected":false},"excerpt":{"rendered":"<p>Aus Siegen einen 3D-Drucker in Frankreich bedienen; mit italienischen Forscherinnen und Forschern gemeinsam einen Prototyp entwickeln \u2013 das soll k\u00fcnftig noch einfacher m\u00f6glich sein. Innerhalb&#8230;<\/p>\n","protected":false},"author":7,"featured_media":30111,"comment_status":"open","ping_status":"open","sticky":false,"template":"","format":"standard","meta":{"_jetpack_memberships_contains_paid_content":false,"footnotes":""},"categories":[1,8,30],"tags":[],"class_list":["post-30110","post","type-post","status-publish","format-standard","has-post-thumbnail","hentry","category-aktuell","category-ausbildung","category-vermischtes"],"jetpack_featured_media_url":"https:\/\/www.vdsm.net\/wronline\/wp-content\/uploads\/2022\/12\/FabLabGruppe_medien-scaled.jpg","jetpack_sharing_enabled":true,"_links":{"self":[{"href":"https:\/\/www.vdsm.net\/wronline\/wp-json\/wp\/v2\/posts\/30110","targetHints":{"allow":["GET"]}}],"collection":[{"href":"https:\/\/www.vdsm.net\/wronline\/wp-json\/wp\/v2\/posts"}],"about":[{"href":"https:\/\/www.vdsm.net\/wronline\/wp-json\/wp\/v2\/types\/post"}],"author":[{"embeddable":true,"href":"https:\/\/www.vdsm.net\/wronline\/wp-json\/wp\/v2\/users\/7"}],"replies":[{"embeddable":true,"href":"https:\/\/www.vdsm.net\/wronline\/wp-json\/wp\/v2\/comments?post=30110"}],"version-history":[{"count":1,"href":"https:\/\/www.vdsm.net\/wronline\/wp-json\/wp\/v2\/posts\/30110\/revisions"}],"predecessor-version":[{"id":30113,"href":"https:\/\/www.vdsm.net\/wronline\/wp-json\/wp\/v2\/posts\/30110\/revisions\/30113"}],"wp:featuredmedia":[{"embeddable":true,"href":"https:\/\/www.vdsm.net\/wronline\/wp-json\/wp\/v2\/media\/30111"}],"wp:attachment":[{"href":"https:\/\/www.vdsm.net\/wronline\/wp-json\/wp\/v2\/media?parent=30110"}],"wp:term":[{"taxonomy":"category","embeddable":true,"href":"https:\/\/www.vdsm.net\/wronline\/wp-json\/wp\/v2\/categories?post=30110"},{"taxonomy":"post_tag","embeddable":true,"href":"https:\/\/www.vdsm.net\/wronline\/wp-json\/wp\/v2\/tags?post=30110"}],"curies":[{"name":"wp","href":"https:\/\/api.w.org\/{rel}","templated":true}]}}