{"id":30108,"date":"2022-12-12T11:06:54","date_gmt":"2022-12-12T10:06:54","guid":{"rendered":"https:\/\/www.vdsm.net\/wronline\/?p=30108"},"modified":"2022-12-12T11:06:54","modified_gmt":"2022-12-12T10:06:54","slug":"schwerbehinderte-menschen-bis-31-maerz-melden","status":"publish","type":"post","link":"https:\/\/www.vdsm.net\/wronline\/schwerbehinderte-menschen-bis-31-maerz-melden\/","title":{"rendered":"Schwerbehinderte Menschen bis 31. M\u00e4rz melden"},"content":{"rendered":"<p>Arbeitgeber mit durchschnittlich mindestens 20 Arbeitspl\u00e4tzen sind gesetzlich verpflichtet, auf mindestens f\u00fcnf Prozent der Arbeitspl\u00e4tze schwerbehinderte Menschen zu besch\u00e4ftigen. Die Frist zur Abgabe der Besch\u00e4ftigungsdaten l\u00e4uft bis zum 31. M\u00e4rz 2023. Diese Frist kann laut Pressemitteilung der Arbeitsagentur nicht verl\u00e4ngert werden. Am schnellsten geht es elektronisch. Die Besch\u00e4ftigungs- und Anzeigepflicht gelte auch f\u00fcr Unternehmen, die im laufenden Jahr von Kurzarbeit betroffen waren. Um die Anzeige zu erstellen, k\u00f6nnen Unternehmen und Arbeitgeber die kostenfreie Software IW-Elan nutzen. Diese steht auf der Homepage www.iw-elan.de unter der Rubrik \u201eDownload\u201c zur Verf\u00fcgung oder kann als CD-ROM unter der Rubrik \u201eService\u201c bestellt werden. Kommen Arbeitgeber der Besch\u00e4ftigungspflicht nicht nach, ist eine sogenannte Ausgleichsabgabe zu zahlen. Diese Abgabe wird auf Grundlage der jahresdurchschnittlichen Besch\u00e4ftigungsquote ermittelt. Falls eine Ausgleichsabgabe gezahlt werden muss, kann dies ebenso \u00fcber die Software berechnet werden.<\/p>\n","protected":false},"excerpt":{"rendered":"<p>Arbeitgeber mit durchschnittlich mindestens 20 Arbeitspl\u00e4tzen sind gesetzlich verpflichtet, auf mindestens f\u00fcnf Prozent der Arbeitspl\u00e4tze schwerbehinderte Menschen zu besch\u00e4ftigen. Die Frist zur Abgabe der Besch\u00e4ftigungsdaten&#8230;<\/p>\n","protected":false},"author":7,"featured_media":5336,"comment_status":"open","ping_status":"open","sticky":false,"template":"","format":"standard","meta":{"_jetpack_memberships_contains_paid_content":false,"footnotes":""},"categories":[1,16],"tags":[],"class_list":["post-30108","post","type-post","status-publish","format-standard","has-post-thumbnail","hentry","category-aktuell","category-arbeitsmarkt"],"jetpack_featured_media_url":"https:\/\/www.vdsm.net\/wronline\/wp-content\/uploads\/2017\/01\/arbeitsagentur.jpg","jetpack_sharing_enabled":true,"_links":{"self":[{"href":"https:\/\/www.vdsm.net\/wronline\/wp-json\/wp\/v2\/posts\/30108","targetHints":{"allow":["GET"]}}],"collection":[{"href":"https:\/\/www.vdsm.net\/wronline\/wp-json\/wp\/v2\/posts"}],"about":[{"href":"https:\/\/www.vdsm.net\/wronline\/wp-json\/wp\/v2\/types\/post"}],"author":[{"embeddable":true,"href":"https:\/\/www.vdsm.net\/wronline\/wp-json\/wp\/v2\/users\/7"}],"replies":[{"embeddable":true,"href":"https:\/\/www.vdsm.net\/wronline\/wp-json\/wp\/v2\/comments?post=30108"}],"version-history":[{"count":1,"href":"https:\/\/www.vdsm.net\/wronline\/wp-json\/wp\/v2\/posts\/30108\/revisions"}],"predecessor-version":[{"id":30109,"href":"https:\/\/www.vdsm.net\/wronline\/wp-json\/wp\/v2\/posts\/30108\/revisions\/30109"}],"wp:featuredmedia":[{"embeddable":true,"href":"https:\/\/www.vdsm.net\/wronline\/wp-json\/wp\/v2\/media\/5336"}],"wp:attachment":[{"href":"https:\/\/www.vdsm.net\/wronline\/wp-json\/wp\/v2\/media?parent=30108"}],"wp:term":[{"taxonomy":"category","embeddable":true,"href":"https:\/\/www.vdsm.net\/wronline\/wp-json\/wp\/v2\/categories?post=30108"},{"taxonomy":"post_tag","embeddable":true,"href":"https:\/\/www.vdsm.net\/wronline\/wp-json\/wp\/v2\/tags?post=30108"}],"curies":[{"name":"wp","href":"https:\/\/api.w.org\/{rel}","templated":true}]}}