{"id":30078,"date":"2022-12-02T09:24:41","date_gmt":"2022-12-02T08:24:41","guid":{"rendered":"https:\/\/www.vdsm.net\/wronline\/?p=30078"},"modified":"2022-12-02T09:24:41","modified_gmt":"2022-12-02T08:24:41","slug":"lkw-fahrverbote-ihk-fordert-einbindung-der-wirtschaft","status":"publish","type":"post","link":"https:\/\/www.vdsm.net\/wronline\/lkw-fahrverbote-ihk-fordert-einbindung-der-wirtschaft\/","title":{"rendered":"Lkw-Fahrverbote: IHK fordert Einbindung der Wirtschaft"},"content":{"rendered":"<p>Die drei Industrie- und Handelskammern Arnsberg, Hagen und Siegen fordern die Einbindung der regionalen Wirtschaft bei der Planung und Umsetzung von Lkw-Fahrverboten in und um L\u00fcdenscheid. Die Hauptgesch\u00e4ftsf\u00fchrer J\u00f6rg Nolte (IHK Arnsberg), Dr. Ralf Geruschkat (SIHK zu Hagen) und Klaus Gr\u00e4bener (IHK Siegen) erkl\u00e4ren dazu gemeinsam: \u201eWir haben schon im Sp\u00e4tsommer darum gebeten, dass jede weitere Ma\u00dfnahme zur Entlastung von Menschen und Unternehmen an den Umleitungsstrecken eng mit der regionalen Wirtschaft abgestimmt werden sollte. Jetzt wurden wir von den Berichten im Verkehrsausschuss des Landtags in L\u00fcdenscheid \u00fcberrascht, dass die Umsetzung von Lkw-Fahrverboten bereits in greifbarer N\u00e4he sei. Die enge Verflechtung der Wertsch\u00f6pfungsketten in NRWs st\u00e4rkster Industrieregion ist mit der A45-Vollsperrung bereits stark gest\u00f6rt und belastet. Es darf keinesfalls zu weiteren unbeabsichtigten St\u00f6rungen in den Verkehrsstr\u00f6men der regionalen Wirtschaft kommen, die auch immer die Wettbewerbsf\u00e4higkeit der Unternehmen belasten, in denen die Menschen der Region ihre Arbeitspl\u00e4tze haben. Uns fehlt bislang die Fantasie, wie verhindert werden soll, dass sich die Probleme lediglich an andere Orte der Region verlagern. Zugleich muss sichergestellt werden, dass ein Lkw beispielsweise von Hagen nach Siegen nicht \u00fcber K\u00f6ln fahren muss. Jeder weitere Eingriff in die v\u00f6llig \u00fcberlastete Infrastruktur in der gesamten Region muss deshalb extrem sensibel erfolgen. Um daf\u00fcr die passenden L\u00f6sungen auch aus der Sicht der Wirtschaft zu erarbeiten, bieten wir nochmals unsere Mitarbeit an und vermitteln auch gerne den Kontakt zu den Praktikern in den Speditionen und Unternehmen der Region.\u201c<\/p>\n","protected":false},"excerpt":{"rendered":"<p>Die drei Industrie- und Handelskammern Arnsberg, Hagen und Siegen fordern die Einbindung der regionalen Wirtschaft bei der Planung und Umsetzung von Lkw-Fahrverboten in und um&#8230;<\/p>\n","protected":false},"author":7,"featured_media":30079,"comment_status":"open","ping_status":"open","sticky":false,"template":"","format":"standard","meta":{"_jetpack_memberships_contains_paid_content":false,"footnotes":""},"categories":[1,30,10,11],"tags":[],"class_list":["post-30078","post","type-post","status-publish","format-standard","has-post-thumbnail","hentry","category-aktuell","category-vermischtes","category-unternehmen","category-regionale-wirtschaft"],"jetpack_featured_media_url":"https:\/\/www.vdsm.net\/wronline\/wp-content\/uploads\/2022\/12\/autobahn_lkw_mitschild-scaled.jpg","jetpack_sharing_enabled":true,"_links":{"self":[{"href":"https:\/\/www.vdsm.net\/wronline\/wp-json\/wp\/v2\/posts\/30078","targetHints":{"allow":["GET"]}}],"collection":[{"href":"https:\/\/www.vdsm.net\/wronline\/wp-json\/wp\/v2\/posts"}],"about":[{"href":"https:\/\/www.vdsm.net\/wronline\/wp-json\/wp\/v2\/types\/post"}],"author":[{"embeddable":true,"href":"https:\/\/www.vdsm.net\/wronline\/wp-json\/wp\/v2\/users\/7"}],"replies":[{"embeddable":true,"href":"https:\/\/www.vdsm.net\/wronline\/wp-json\/wp\/v2\/comments?post=30078"}],"version-history":[{"count":1,"href":"https:\/\/www.vdsm.net\/wronline\/wp-json\/wp\/v2\/posts\/30078\/revisions"}],"predecessor-version":[{"id":30080,"href":"https:\/\/www.vdsm.net\/wronline\/wp-json\/wp\/v2\/posts\/30078\/revisions\/30080"}],"wp:featuredmedia":[{"embeddable":true,"href":"https:\/\/www.vdsm.net\/wronline\/wp-json\/wp\/v2\/media\/30079"}],"wp:attachment":[{"href":"https:\/\/www.vdsm.net\/wronline\/wp-json\/wp\/v2\/media?parent=30078"}],"wp:term":[{"taxonomy":"category","embeddable":true,"href":"https:\/\/www.vdsm.net\/wronline\/wp-json\/wp\/v2\/categories?post=30078"},{"taxonomy":"post_tag","embeddable":true,"href":"https:\/\/www.vdsm.net\/wronline\/wp-json\/wp\/v2\/tags?post=30078"}],"curies":[{"name":"wp","href":"https:\/\/api.w.org\/{rel}","templated":true}]}}