{"id":30007,"date":"2022-11-24T08:34:24","date_gmt":"2022-11-24T07:34:24","guid":{"rendered":"https:\/\/www.vdsm.net\/wronline\/?p=30007"},"modified":"2022-11-24T09:49:10","modified_gmt":"2022-11-24T08:49:10","slug":"digitales-innovationszentrum-fuer-suedwestfalen","status":"publish","type":"post","link":"https:\/\/www.vdsm.net\/wronline\/digitales-innovationszentrum-fuer-suedwestfalen\/","title":{"rendered":"Digitales Innovationszentrum f\u00fcr S\u00fcdwestfalen"},"content":{"rendered":"<p class=\"xmsonormal\"><span style=\"font-size: 12.0pt; color: black;\">S\u00fcdwestfalen ist die drittst\u00e4rkste Industrieregion Deutschlands und die mit Abstand st\u00e4rkste Region in Nordrhein-Westfalen. Das R\u00fcckgrat bilden dabei die vielen kleinen und mittleren Unternehmen (KMU), darunter mehr als 150 &#8222;Hidden Champions&#8220; \u2013 also Unternehmen, die mit ihren Produkten zu den europ\u00e4ischen und weltweiten Marktf\u00fchrern geh\u00f6ren. Seit dem 1. November ist S\u00fcdwestfalen dar\u00fcber hinaus Sitz eines \u201eEuropean Digital Innovation Hub\u201c (EDIH). Dabei handelt es sich um ein Zentrum, das Unternehmen aus der Region und in ganz Europa bei der digitalen Transformation unterst\u00fctzt. Der EDIH S\u00fcdwestfalen wird von der Universit\u00e4t Siegen geleitet und zun\u00e4chst bis Ende 2025 mit mehr als 4 Mio. Euro gef\u00f6rdert. Der Hub ist Teil des EU-Programms \u201eDigitales Europa\u201c, mit dessen Hilfe in der Europ\u00e4ischen Union ein fl\u00e4chendeckendes Netz solcher Innovationszentren aufgebaut werden soll. F\u00fcr Deutschland sind dabei zun\u00e4chst 14 Hubs vorgesehen.<\/span><\/p>\n<p><strong>Schwerpunktthemen <span style=\"font-size: 12.0pt; color: black;\">\u201ek\u00fcnstliche Intelligenz\u201c und \u201eCybersicherheit\u201c<\/span><\/strong><\/p>\n<p class=\"xmsonormal\"><span style=\"font-size: 12.0pt; color: black;\">\u00a0<\/span><span style=\"font-size: 12.0pt; color: black;\">\u201eIch freue mich riesig, dass wir uns im nationalen und internationalen Wettbewerb durchsetzen konnten und den Zuschlag f\u00fcr den EDIH S\u00fcdwestfalen bekommen haben. Die Europ\u00e4ische Union setzt damit auf die Potentiale unserer Region im europaweiten Verbund\u201c, sagt Projektleiter Prof. Dr. Thomas Ludwig von der Uni Siegen. Hintergrund f\u00fcr die Einrichtung der Innovationszentren ist die strategische Ausrichtung der EU-Politik mit der Zielsetzung, Europa gr\u00fcner und digitaler zu machen. Die Hubs sollen Unternehmen \u2013 insbesondere KMU \u2013 sowie den \u00f6ffentlichen Sektor bei diesem Prozess unterst\u00fctzen. Dabei decken die Zentren jeweils unterschiedliche Themenfelder ab. Kann ein spezifisches Problem nicht im lokalen Hub bearbeitet werden, werden Anfragende an andere EDIHs im Netzwerk vermittelt. \u201eDie Zentren verbinden die Vorteile einer regionalen Anlaufstelle und eines europaweiten Netzwerks. Gerade f\u00fcr die s\u00fcdwestf\u00e4lische Wirtschaft mit ihrer hohen Exportquote entsteht so ein enormer Nutzwert\u201c, erkl\u00e4rt Ludwig.\u00a0 <\/span><\/p>\n<p class=\"xmsonormal\"><span style=\"font-size: 12.0pt; color: black;\">\u00a0<\/span><span style=\"font-size: 12.0pt; color: black;\">Der EDIH S\u00fcdwestfalen unterst\u00fctzt Unternehmen insbesondere in den Bereichen \u201ek\u00fcnstliche Intelligenz\u201c und \u201eCybersicherheit\u201c, sowie beim Aufbau tiefergehender Digitalisierungskompetenzen. \u201eK\u00fcnstliche Intelligenz ist eine wichtige Schl\u00fcsseltechnologie, die viele Betriebe bisher noch nicht richtig nutzen. Wir beraten und unterst\u00fctzen dabei, KI gezielt einzusetzen um Prozesse zu optimieren und die eigene Wettbewerbsf\u00e4higkeit zu sichern\u201c, erkl\u00e4rt Ludwig. Auch der Bereich der Cybersicherheit werde f\u00fcr Unternehmen immer wichtiger: \u201eCyberangriffe kommen regelm\u00e4\u00dfig vor und werden immer professioneller. Wir m\u00f6chten Betrieben dabei helfen, eine benutzbare IT-Sicherheit zu etablieren, um k\u00fcnftige Angriffe wirksam abzuwehren.\u201c Das heimische Innovationszentrum ist dabei nicht nur Anlaufstelle f\u00fcr Unternehmen aus der Region, sondern bietet seine Dienste auch europaweit an. \u201eWir beraten auch Firmen aus Barcelona oder Danzig\u201c, sagt Ludwig, der mit dem Zentrum auch den EU-weiten Austausch zwischen Unternehmen sowie den internationalen Wissenstransfer f\u00f6rdern m\u00f6chte.<\/span><\/p>\n<p><strong><span style=\"font-size: 12.0pt; color: black;\">Menschenzentrierte k\u00fcnstliche Intelligenz, mitarbeiterfokussierte Cyber-Sicherheit und soziotechnische Assistenzsysteme<\/span><\/strong><\/p>\n<p class=\"xmsonormal\"><span style=\"font-size: 12.0pt; color: black;\">Passend zu seinen Schwerpunktthemen wird der EDIH S\u00fcdwestfalen eine Reihe von Dienstleistungen und Infrastrukturen f\u00fcr kleine und mittlere Unternehmen bereitstellen. Die jeweiligen Mitarbeiterinnen und Mitarbeiter werden dabei eng in die Erstellung neuer Konzepte eingebunden und geschult. \u201eDer wirtschaftliche Erfolg des s\u00fcdwestf\u00e4lischen Mittelstandes beruht auf dem \u00fcber Jahrzehnte gewachsenen Know-how der Besch\u00e4ftigten. Unser Fokus liegt daher klar auf der Gestaltung von menschenzentrierter k\u00fcnstlicher Intelligenz und mitarbeiterfokussierter Cyber-Sicherheit sowie soziotechnischer Assistenzsysteme\u201c, sagt Leiter Thomas Ludwig. Die Angebote des EDIH erg\u00e4nzen bereits bestehende Projekte zur digitalen Transformation von Unternehmen: Darunter das Mittelstand-Digital Zentrum der Universit\u00e4t Siegen sowie das Forschungsprojekt \u201eATLAS \u2013 Automotive Transformationsplattform S\u00fcdwestfalen\u201c.<\/span><\/p>\n<p class=\"xmsonormal\"><span style=\"font-size: 12.0pt; color: black;\">Neben der Universit\u00e4t Siegen sind am EDIH S\u00fcdwestfalen auch die Fachhochschule S\u00fcdwestfalen, die Ruhr-Universit\u00e4t Bochum, die Gesellschaft zur Wirtschafts- und Strukturf\u00f6rderung im M\u00e4rkischen Kreis mbH, die gemeinn\u00fctzige Gesellschaft f\u00fcr digitalisierte und nachhaltige Zusammenarbeit mbH (DNZ) aus Siegen sowie die Hagen Wirtschaftsentwicklung GmbH beteiligt. Das Innovationszentrum wird aus Mitteln der Europ\u00e4ischen Union sowie des Bundesministeriums f\u00fcr Wirtschaft und Klimaschutz (BMWK) und des Ministeriums f\u00fcr Wirtschaft, Industrie, Klimaschutz und Energie des Landes NRW gef\u00f6rdert. Die Laufzeit f\u00fcr das EDIH betr\u00e4gt zun\u00e4chst drei Jahre, mit Tendenz zur Verl\u00e4ngerung.<\/span><\/p>\n<p>Text\/Foto: Uni Siegen<\/p>\n","protected":false},"excerpt":{"rendered":"<p>S\u00fcdwestfalen ist die drittst\u00e4rkste Industrieregion Deutschlands und die mit Abstand st\u00e4rkste Region in Nordrhein-Westfalen. Das R\u00fcckgrat bilden dabei die vielen kleinen und mittleren Unternehmen (KMU),&#8230;<\/p>\n","protected":false},"author":7,"featured_media":30008,"comment_status":"open","ping_status":"open","sticky":false,"template":"","format":"standard","meta":{"_jetpack_memberships_contains_paid_content":false,"footnotes":""},"categories":[1,8,32,30,11],"tags":[],"class_list":["post-30007","post","type-post","status-publish","format-standard","has-post-thumbnail","hentry","category-aktuell","category-ausbildung","category-infos","category-vermischtes","category-regionale-wirtschaft"],"jetpack_featured_media_url":"https:\/\/www.vdsm.net\/wronline\/wp-content\/uploads\/2022\/11\/EDIH_Foto.jpg","jetpack_sharing_enabled":true,"_links":{"self":[{"href":"https:\/\/www.vdsm.net\/wronline\/wp-json\/wp\/v2\/posts\/30007","targetHints":{"allow":["GET"]}}],"collection":[{"href":"https:\/\/www.vdsm.net\/wronline\/wp-json\/wp\/v2\/posts"}],"about":[{"href":"https:\/\/www.vdsm.net\/wronline\/wp-json\/wp\/v2\/types\/post"}],"author":[{"embeddable":true,"href":"https:\/\/www.vdsm.net\/wronline\/wp-json\/wp\/v2\/users\/7"}],"replies":[{"embeddable":true,"href":"https:\/\/www.vdsm.net\/wronline\/wp-json\/wp\/v2\/comments?post=30007"}],"version-history":[{"count":1,"href":"https:\/\/www.vdsm.net\/wronline\/wp-json\/wp\/v2\/posts\/30007\/revisions"}],"predecessor-version":[{"id":30009,"href":"https:\/\/www.vdsm.net\/wronline\/wp-json\/wp\/v2\/posts\/30007\/revisions\/30009"}],"wp:featuredmedia":[{"embeddable":true,"href":"https:\/\/www.vdsm.net\/wronline\/wp-json\/wp\/v2\/media\/30008"}],"wp:attachment":[{"href":"https:\/\/www.vdsm.net\/wronline\/wp-json\/wp\/v2\/media?parent=30007"}],"wp:term":[{"taxonomy":"category","embeddable":true,"href":"https:\/\/www.vdsm.net\/wronline\/wp-json\/wp\/v2\/categories?post=30007"},{"taxonomy":"post_tag","embeddable":true,"href":"https:\/\/www.vdsm.net\/wronline\/wp-json\/wp\/v2\/tags?post=30007"}],"curies":[{"name":"wp","href":"https:\/\/api.w.org\/{rel}","templated":true}]}}