{"id":29865,"date":"2022-11-11T09:14:26","date_gmt":"2022-11-11T08:14:26","guid":{"rendered":"https:\/\/www.vdsm.net\/wronline\/?p=29865"},"modified":"2022-11-11T09:53:06","modified_gmt":"2022-11-11T08:53:06","slug":"business-school-der-universitaet-siegen-feiert-absolventinnen-und-absolventen","status":"publish","type":"post","link":"https:\/\/www.vdsm.net\/wronline\/business-school-der-universitaet-siegen-feiert-absolventinnen-und-absolventen\/","title":{"rendered":"Business School der Universit\u00e4t Siegen feiert Absolventinnen und Absolventen"},"content":{"rendered":"<p>Die Business School der Universit\u00e4t Siegen hat im Herbst ihre Absolventinnen und Absolventen gefeiert. Neben aktuellen und ehemaligen Teilnehmerinnen und Teilnehmern nahmen elf Absolventinnen und Absolventen an der Veranstaltung teil. Sie alle haben den berufsbegleitenden Executive Master of Business Administration (EMBA) an der Business School der Universit\u00e4t Siegen erfolgreich abgeschlossen. Als bester Absolvent des Studienjahres wurde Christian Gummich ausgezeichnet. Seine Leistungen wurden vom F\u00f6rderverein der Fakult\u00e4t III \/\u00a0 Wirtschaftswissenschaften, Wirtschaftsinformatik und Wirtschaftsrecht mit einem Preis in H\u00f6he von 1.000 Euro honoriert.<\/p>\n<div id=\"attachment_29867\" style=\"width: 210px\" class=\"wp-caption alignright\"><a href=\"https:\/\/www.vdsm.net\/wronline\/wp-content\/uploads\/2022\/11\/Preistraeger_Gummich_medien_WEB.jpg\"><img loading=\"lazy\" decoding=\"async\" aria-describedby=\"caption-attachment-29867\" class=\"size-medium wp-image-29867\" src=\"https:\/\/www.vdsm.net\/wronline\/wp-content\/uploads\/2022\/11\/Preistraeger_Gummich_medien_WEB-200x300.jpg\" alt=\"\" width=\"200\" height=\"300\" srcset=\"https:\/\/www.vdsm.net\/wronline\/wp-content\/uploads\/2022\/11\/Preistraeger_Gummich_medien_WEB-200x300.jpg 200w, https:\/\/www.vdsm.net\/wronline\/wp-content\/uploads\/2022\/11\/Preistraeger_Gummich_medien_WEB-683x1024.jpg 683w, https:\/\/www.vdsm.net\/wronline\/wp-content\/uploads\/2022\/11\/Preistraeger_Gummich_medien_WEB-768x1152.jpg 768w, https:\/\/www.vdsm.net\/wronline\/wp-content\/uploads\/2022\/11\/Preistraeger_Gummich_medien_WEB.jpg 777w\" sizes=\"auto, (max-width: 200px) 100vw, 200px\" \/><\/a><p id=\"caption-attachment-29867\" class=\"wp-caption-text\">Christian Gummich gewann den Preis f\u00fcr den besten Absolventen des Studienjahres.<\/p><\/div>\n<p>Der berufsbegleitende Executive MBA ist ein Management-Studium f\u00fcr \u201eQueraufsteiger\u201c, die mit einer gewissen fachlichen Karriere mehr Verantwortung \u00fcbernehmen wollen. Das Programm eignet sich au\u00dferdem f\u00fcr \u201eklassische Kaufleute\u201c, um ihr Management-Know-How auf den aktuellsten Stand zu bringen \u2013 vor universit\u00e4rem Hintergrund bei gleichzeitig hohem Praxisbezug. Die Teilnehmenden kommen vorrangig aus dem Business-to-Business-Umfeld und arbeiten z.B. bei Automobilzulieferern, in der Elektroindustrie oder bei Maschinenbau-Unternehmen. Aber auch F\u00fchrungskr\u00e4fte und Projektmanager aus der Bau- und Dienstleistungsbranche sind mit dabei. \u201eDie Business School ist ein Leuchtturm der Universit\u00e4t Siegen, weil die von unserer Ausbildungsqualit\u00e4t begeisterten Absolventinnen und Absolventen in ihren Unternehmen unmittelbar den Nachweis erbringen, dass sie tats\u00e4chlich konkreten Mehrwert erzeugen\u201c, so Prof. Dr. Volker Stein, einer der beiden Gr\u00fcndungsvorst\u00e4nde und zurzeit Prorektor der Universit\u00e4t Siegen. Sein Kollege, Prof. Dr. Arnd Wiedemann, erg\u00e4nzt: \u201eNachhaltig-qualitatives Wachstum, digitale und \u00f6kologische Transformation, die Organisation von Hochleistung \u2013 alles top-aktuelle Themen, die auf unserem Lehrplan stehen\u201c.<\/p>\n<p>Der Praxisbezug ist sowohl durch die ProfessorInnen als auch durch die Zusammensetzung der Teilnehmenden sichergestellt, die alle mehrere Jahre Berufserfahrung mitbringen. Inhaltlich strukturiert sich das Angebot an den f\u00fcnf Kompetenzfeldern Unternehmensf\u00fchrung, Personelle F\u00fchrung, Finanzielle F\u00fchrung, Digitalisierung und Markterfolg.<\/p>\n<p>Seit 13 Jahren bietet die Business School der Universit\u00e4t Siegen nun schon berufsbegleitende Weiterbildung f\u00fcr F\u00fchrungskr\u00e4fte an. Mehrt\u00e4gige F\u00fchrungskr\u00e4fteworkshops, Managementprogramme mit Universit\u00e4tszertifikat und das berufsbegleitende Executive MBA-Studium \u2013 all das ist Teil der Business School.<\/p>\n<p>Weitere Informationen zum Weiterbildungsangebot der Business School der Universit\u00e4t Siegen: <a href=\"http:\/\/www.uni-siegen.de\/bs\" target=\"_blank\" rel=\"noopener\">www.uni-siegen.de\/bs<\/a><\/p>\n<p>Text und Fotos: <a href=\"https:\/\/www.uni-siegen.de\/start\/\" target=\"_blank\" rel=\"noopener\">Universit\u00e4t Siegen<\/a><\/p>\n","protected":false},"excerpt":{"rendered":"<p>Die Business School der Universit\u00e4t Siegen hat im Herbst ihre Absolventinnen und Absolventen gefeiert. Neben aktuellen und ehemaligen Teilnehmerinnen und Teilnehmern nahmen elf Absolventinnen und&#8230;<\/p>\n","protected":false},"author":6,"featured_media":29866,"comment_status":"open","ping_status":"open","sticky":false,"template":"","format":"standard","meta":{"_jetpack_memberships_contains_paid_content":false,"footnotes":""},"categories":[1,8,32,30],"tags":[55,53,54],"class_list":["post-29865","post","type-post","status-publish","format-standard","has-post-thumbnail","hentry","category-aktuell","category-ausbildung","category-infos","category-vermischtes","tag-absolventen","tag-business","tag-erfolg"],"jetpack_featured_media_url":"https:\/\/www.vdsm.net\/wronline\/wp-content\/uploads\/2022\/11\/BusinessSchool_Gruppe_medien_WEB.jpg","jetpack_sharing_enabled":true,"_links":{"self":[{"href":"https:\/\/www.vdsm.net\/wronline\/wp-json\/wp\/v2\/posts\/29865","targetHints":{"allow":["GET"]}}],"collection":[{"href":"https:\/\/www.vdsm.net\/wronline\/wp-json\/wp\/v2\/posts"}],"about":[{"href":"https:\/\/www.vdsm.net\/wronline\/wp-json\/wp\/v2\/types\/post"}],"author":[{"embeddable":true,"href":"https:\/\/www.vdsm.net\/wronline\/wp-json\/wp\/v2\/users\/6"}],"replies":[{"embeddable":true,"href":"https:\/\/www.vdsm.net\/wronline\/wp-json\/wp\/v2\/comments?post=29865"}],"version-history":[{"count":2,"href":"https:\/\/www.vdsm.net\/wronline\/wp-json\/wp\/v2\/posts\/29865\/revisions"}],"predecessor-version":[{"id":29869,"href":"https:\/\/www.vdsm.net\/wronline\/wp-json\/wp\/v2\/posts\/29865\/revisions\/29869"}],"wp:featuredmedia":[{"embeddable":true,"href":"https:\/\/www.vdsm.net\/wronline\/wp-json\/wp\/v2\/media\/29866"}],"wp:attachment":[{"href":"https:\/\/www.vdsm.net\/wronline\/wp-json\/wp\/v2\/media?parent=29865"}],"wp:term":[{"taxonomy":"category","embeddable":true,"href":"https:\/\/www.vdsm.net\/wronline\/wp-json\/wp\/v2\/categories?post=29865"},{"taxonomy":"post_tag","embeddable":true,"href":"https:\/\/www.vdsm.net\/wronline\/wp-json\/wp\/v2\/tags?post=29865"}],"curies":[{"name":"wp","href":"https:\/\/api.w.org\/{rel}","templated":true}]}}