{"id":29554,"date":"2022-09-26T14:36:22","date_gmt":"2022-09-26T12:36:22","guid":{"rendered":"https:\/\/www.vdsm.net\/wronline\/?p=29554"},"modified":"2022-09-26T14:42:31","modified_gmt":"2022-09-26T12:42:31","slug":"tag-der-ausbildung-bei-aquatherm","status":"publish","type":"post","link":"https:\/\/www.vdsm.net\/wronline\/tag-der-ausbildung-bei-aquatherm\/","title":{"rendered":"Tag der Ausbildung bei aquatherm"},"content":{"rendered":"<p>F\u00fcr alle Sch\u00fcler der Klassen 8 bis 12 bietet aquatherm einen Tag der Ausbildung an. Am Donnerstag, 13. Oktober, \u00f6ffnet der weltweit f\u00fchrende Hersteller von Kunststoff-Rohrleitungssystemen aus Polypropylen f\u00fcr den Anlagenbau und die Haustechnik seine Pforten am aquatherm Hauptsitz in Attendorn, Biggen 5.<\/p>\n<p>Den Teilnehmern wird an diesem Tag ein Blick hinter die Kulissen des Unternehmens erm\u00f6glicht. Los geht es um 10 Uhr im neuen aquatherm Campus. Bei einer ausf\u00fchrlichen Werksf\u00fchrung mit spannenden Einblicken rund um die Produktion von Kunststoffrohrleitungen werden unter anderem die Ausbildungsstellen f\u00fcr 2023 vorgestellt. Der Projekttag endet gegen 14 Uhr.<\/p>\n<p>\u201eEs ist bereits unser zweiter Tag in diesem Jahr, der sich dem Thema Ausbildung widmet\u201c, erkl\u00e4rt aquatherm Ausbildungsleiterin Natalie Martini. \u201eBei der Premiere im August war das Feedback \u00fcberaus positiv. Deshalb war f\u00fcr uns klar, dass wir eine Wiederholung anbieten m\u00f6chten. Mit der Veranstaltung wollen wir den Sch\u00fclern und potenziellen Auszubildenden zeigen, welche vielf\u00e4ltigen M\u00f6glichkeiten der Berufsausbildung sich bei aquatherm bieten \u2013 sowohl im gewerblichen als auch im kaufm\u00e4nnischen Bereich.\u201c<\/p>\n<p>Die Veranstaltung ist kostenlos. Eine Anmeldung ist m\u00f6glich unter <a href=\"https:\/\/forms.office.com\/r\/hLFJ271yRX\" target=\"_blank\" rel=\"noopener\">https:\/\/forms.office.com\/r\/hLFJ271yRX<\/a>. Weitere Informationen gibt es unter www.aquatherm.de\/ausbildungsstellen\/.<\/p>\n<p>Text und Foto:\u00a0<a href=\"https:\/\/www.aquatherm.de\/\" target=\"_blank\" rel=\"noopener\">aquatherm GmbH<\/a><\/p>\n","protected":false},"excerpt":{"rendered":"<p>F\u00fcr alle Sch\u00fcler der Klassen 8 bis 12 bietet aquatherm einen Tag der Ausbildung an. Am Donnerstag, 13. Oktober, \u00f6ffnet der weltweit f\u00fchrende Hersteller von&#8230;<\/p>\n","protected":false},"author":6,"featured_media":29555,"comment_status":"open","ping_status":"open","sticky":false,"template":"","format":"standard","meta":{"_jetpack_memberships_contains_paid_content":false,"footnotes":""},"categories":[32,30,10],"tags":[],"class_list":["post-29554","post","type-post","status-publish","format-standard","has-post-thumbnail","hentry","category-infos","category-vermischtes","category-unternehmen"],"jetpack_featured_media_url":"https:\/\/www.vdsm.net\/wronline\/wp-content\/uploads\/2022\/09\/aquatherm-Tag-der-Ausbildung_WEB.jpg","jetpack_sharing_enabled":true,"_links":{"self":[{"href":"https:\/\/www.vdsm.net\/wronline\/wp-json\/wp\/v2\/posts\/29554","targetHints":{"allow":["GET"]}}],"collection":[{"href":"https:\/\/www.vdsm.net\/wronline\/wp-json\/wp\/v2\/posts"}],"about":[{"href":"https:\/\/www.vdsm.net\/wronline\/wp-json\/wp\/v2\/types\/post"}],"author":[{"embeddable":true,"href":"https:\/\/www.vdsm.net\/wronline\/wp-json\/wp\/v2\/users\/6"}],"replies":[{"embeddable":true,"href":"https:\/\/www.vdsm.net\/wronline\/wp-json\/wp\/v2\/comments?post=29554"}],"version-history":[{"count":1,"href":"https:\/\/www.vdsm.net\/wronline\/wp-json\/wp\/v2\/posts\/29554\/revisions"}],"predecessor-version":[{"id":29556,"href":"https:\/\/www.vdsm.net\/wronline\/wp-json\/wp\/v2\/posts\/29554\/revisions\/29556"}],"wp:featuredmedia":[{"embeddable":true,"href":"https:\/\/www.vdsm.net\/wronline\/wp-json\/wp\/v2\/media\/29555"}],"wp:attachment":[{"href":"https:\/\/www.vdsm.net\/wronline\/wp-json\/wp\/v2\/media?parent=29554"}],"wp:term":[{"taxonomy":"category","embeddable":true,"href":"https:\/\/www.vdsm.net\/wronline\/wp-json\/wp\/v2\/categories?post=29554"},{"taxonomy":"post_tag","embeddable":true,"href":"https:\/\/www.vdsm.net\/wronline\/wp-json\/wp\/v2\/tags?post=29554"}],"curies":[{"name":"wp","href":"https:\/\/api.w.org\/{rel}","templated":true}]}}