{"id":29544,"date":"2022-09-22T16:19:37","date_gmt":"2022-09-22T14:19:37","guid":{"rendered":"https:\/\/www.vdsm.net\/wronline\/?p=29544"},"modified":"2022-09-22T16:21:48","modified_gmt":"2022-09-22T14:21:48","slug":"regionaltagung-suedwestfalen-digital-innovationen-fuer-den-mittelstand","status":"publish","type":"post","link":"https:\/\/www.vdsm.net\/wronline\/regionaltagung-suedwestfalen-digital-innovationen-fuer-den-mittelstand\/","title":{"rendered":"Regionaltagung &#8222;S\u00fcdwestfalen Digital &#8211; Innovationen f\u00fcr den Mittelstand&#8220;"},"content":{"rendered":"<p>Die Veranstalter, das Siegener Mittelstandsinstitut (SMI), das Mittelstand 4.0-Kompetenzzentrum Siegen sowie das Zentrum f\u00fcr die Digitalisierung der Wirtschaft (ZDW) laden zur\u00a0Regionaltagung &#8222;S\u00fcdwestfalen Digital &#8211; Innovationen f\u00fcr den Mittelstand&#8220; ein.<\/p>\n<p>Ziel der Veranstaltung ist es, Unternehmen in der Region eine Plattform zum Austausch \u00fcber digitale Themen zu bieten und die hiesige Wirtschaft enger mit der Universit\u00e4t Siegen zu verkn\u00fcpfen. Expertinnen und Experten aus Wissenschaft und Wirtschaft sprechen \u00fcber digitale Innovationen f\u00fcr den Mittelstand und tauschen sich mit regionalen Unternehmen aus.<\/p>\n<p>Gleichzeitig bildet die diesj\u00e4hrige Regionaltagung die Abschlussveranstaltung des Mittelstand 4.0-Kompetenzzentrums\u00a0Siegen. Nach fu\u0308nf Jahren Projektlaufzeit m\u00f6chten wir nochmal ein Blick zuru\u0308ck auf unsere Arbeit in der Region werfen, Ergebnisse und Erfolge vorstellen, aber auch einen Ausblick in die Zukunft wagen.<\/p>\n<p>Es werden zahlreiche Unternehmen aus dem Gro\u00dfraum S\u00fcdwestfalen und angrenzenden Regionen erwartet. Das Programm h\u00e4lt interessante Themen und abwechslungsreiche Formate (Podiumsdiskussion, Vortr\u00e4ge, Demonstratorenausstellung) f\u00fcr die Teilenhmenden bereit. Im Anschluss besteht die M\u00f6glichkeit bei einem Flying Dinner wertvolle Kontakte in die Wirtschaft zu kn\u00fcpfen und sich zu vernetzen.<\/p>\n<p><strong>Termin:<\/strong> Mittwoch, 28. September von 16.30 &#8211; ca. 21.00 Uhr<br \/>\n<strong>Ort:<\/strong> Universit\u00e4t Siegen, Campus Unteres Schloss, Karstadt H\u00f6rsaalzentrum<br \/>\n<strong>Programm und Anmeldung unter:<\/strong> <a href=\"https:\/\/s\u00fcdwestfalen-digital.de\/\" target=\"_blank\" rel=\"noopener\">https:\/\/s\u00fcdwestfalen-digital.de\/<\/a><br \/>\nDie Teilnahme ist kostenfrei.<\/p>\n<p>Infos und Foto: <a href=\"https:\/\/kompetenzzentrum-siegen.digital\/\" target=\"_blank\" rel=\"noopener\">Mittelstand 4.0-Kompetenzzentrum Siegen<\/a><\/p>\n","protected":false},"excerpt":{"rendered":"<p>Die Veranstalter, das Siegener Mittelstandsinstitut (SMI), das Mittelstand 4.0-Kompetenzzentrum Siegen sowie das Zentrum f\u00fcr die Digitalisierung der Wirtschaft (ZDW) laden zur\u00a0Regionaltagung &#8222;S\u00fcdwestfalen Digital &#8211; Innovationen&#8230;<\/p>\n","protected":false},"author":6,"featured_media":29545,"comment_status":"open","ping_status":"open","sticky":false,"template":"","format":"standard","meta":{"_jetpack_memberships_contains_paid_content":false,"footnotes":""},"categories":[1,32,30,34,11],"tags":[],"class_list":["post-29544","post","type-post","status-publish","format-standard","has-post-thumbnail","hentry","category-aktuell","category-infos","category-vermischtes","category-termine","category-regionale-wirtschaft"],"jetpack_featured_media_url":"https:\/\/www.vdsm.net\/wronline\/wp-content\/uploads\/2022\/09\/Konferenz_WEB.jpg","jetpack_sharing_enabled":true,"_links":{"self":[{"href":"https:\/\/www.vdsm.net\/wronline\/wp-json\/wp\/v2\/posts\/29544","targetHints":{"allow":["GET"]}}],"collection":[{"href":"https:\/\/www.vdsm.net\/wronline\/wp-json\/wp\/v2\/posts"}],"about":[{"href":"https:\/\/www.vdsm.net\/wronline\/wp-json\/wp\/v2\/types\/post"}],"author":[{"embeddable":true,"href":"https:\/\/www.vdsm.net\/wronline\/wp-json\/wp\/v2\/users\/6"}],"replies":[{"embeddable":true,"href":"https:\/\/www.vdsm.net\/wronline\/wp-json\/wp\/v2\/comments?post=29544"}],"version-history":[{"count":3,"href":"https:\/\/www.vdsm.net\/wronline\/wp-json\/wp\/v2\/posts\/29544\/revisions"}],"predecessor-version":[{"id":29548,"href":"https:\/\/www.vdsm.net\/wronline\/wp-json\/wp\/v2\/posts\/29544\/revisions\/29548"}],"wp:featuredmedia":[{"embeddable":true,"href":"https:\/\/www.vdsm.net\/wronline\/wp-json\/wp\/v2\/media\/29545"}],"wp:attachment":[{"href":"https:\/\/www.vdsm.net\/wronline\/wp-json\/wp\/v2\/media?parent=29544"}],"wp:term":[{"taxonomy":"category","embeddable":true,"href":"https:\/\/www.vdsm.net\/wronline\/wp-json\/wp\/v2\/categories?post=29544"},{"taxonomy":"post_tag","embeddable":true,"href":"https:\/\/www.vdsm.net\/wronline\/wp-json\/wp\/v2\/tags?post=29544"}],"curies":[{"name":"wp","href":"https:\/\/api.w.org\/{rel}","templated":true}]}}