{"id":29350,"date":"2022-08-25T14:15:46","date_gmt":"2022-08-25T12:15:46","guid":{"rendered":"https:\/\/www.vdsm.net\/wronline\/?p=29350"},"modified":"2022-08-25T14:16:06","modified_gmt":"2022-08-25T12:16:06","slug":"neue-staffel-der-kinderuni-startet","status":"publish","type":"post","link":"https:\/\/www.vdsm.net\/wronline\/neue-staffel-der-kinderuni-startet\/","title":{"rendered":"Neue Staffel der Kinderuni startet"},"content":{"rendered":"<p>Die Kinderuni Siegen steht im September ganz im Zeichen der Neugierde junger Menschen. Im Wissenschaftsjahr \u201eNachgefragt\u201c des Bundesministeriums f\u00fcr Bildung und Forschung stellen B\u00fcrgerinnen und B\u00fcrger Fragen an Wissenschaftlerinnen und Wissenschaftler. In der Herbststaffel der Kinderuni Siegen werden Fragen von Kinderuni-Kindern beantwortet. Bereits im Jahr 2021 hatte das Team des Hauses der Wissenschaft der Universit\u00e4t Siegen Kinderuni-Kinder gebeten, Fragen an Wissenschaftlerinnen und Wissenschaftler einzusenden. F\u00fcnf Kinder-Fragen wurden ausgew\u00e4hlt und von f\u00fcnf Wissenschaftlerinnen und Wissenschaftlern der Universit\u00e4t Siegen beantwortet \u2013 in einem von ProWissen Potsdam e.V. gedruckten Heft und nun ab dem 6. September live in der Kinderuni.<\/p>\n<p>Die Anmeldung ist \u00fcber die Website <a href=\"http:\/\/www.kinderuni-siegen.de\" target=\"_blank\" rel=\"noopener\">www.kinderuni-siegen.de<\/a> noch m\u00f6glich. Die f\u00fcnf Fragen aus dem Siegerland sind auch auf Bauzaunbannern an der Siegener Bahnhofstra\u00dfe zu sehen. Die Kinderuni-Termine im \u00dcberblick:<\/p>\n<p>Eric (9 Jahre) fragte \u201eWie haben die \u00c4gypter gelebt?\u201c. Beantwortet wird die Frage unter einem speziellen Gesichtspunkt am 6. September von Frank Schwieger, Sachbuchautor aus Rendsburg im hohen Norden Deutschlands. Er ist als Lehrer und Althistoriker Experte auch f\u00fcr das alte \u00c4gypten. Seine Lesung, die wegen der gro\u00dfen Entfernung via ZOOM miterlebt werden kann, tr\u00e4gt den Titel: \u201ePharao Tutanchamun \u2013 die Entdeckung seines Grabes\u201c. Frank Schwieger steht nat\u00fcrlich auch f\u00fcr andere Fragen rund ums Leben im alten \u00c4gypten zur Verf\u00fcgung. Der ZOOM-Link wird rechtzeitig versendet.<\/p>\n<p>\u201eK\u00f6nnen wir mit Tieren sprechen?\u201c lautete die Frage von Luca (8 Jahre). Diese Frage beantwortet am 13. September die Nachwuchswissenschaftlerin und Biologin Dr. Theodora Fu\u00df. Beginn: 17 Uhr, Raum US-C 116, H\u00f6rsaalzentrum Unteres Schloss. Am 13. September wartet auf die Begleitpersonen ein besonderes Angebot. Die Mensa des Studierendenwerks an der Grabenstra\u00dfe am Unteren Schloss l\u00e4dt ab 17 Uhr zur Besichtigung und auf ein Getr\u00e4nk ein.<\/p>\n<p>Tim (9 Jahre) m\u00f6chte wissen, ob es m\u00f6glich ist, auf einem anderen Planeten zu leben. Die Frage beantwortet der Physik-Didaktiker Prof. Dr. Oliver Schwarz, der an der Uni Siegen Lehrerinnen und Lehrer auch im Bereich Kosmologie ausbildet. Sein Titel bei der Kinderuni am 20. September lautet: \u201eUnsere Erde \u2013 der Planet des Lebens\u201c. Beginn: 17 Uhr, Ort: US \u2013 C 116, H\u00f6rsaalzentrum Unteres Schoss.<\/p>\n<p>\u201eWarum ist Pipi gelb?\u201c, fragte Amala (9 Jahre). Chefarzt Prof. Dr. Veit Braun antwortet am 27. September bei der Kinderuni. Sein Thema lautet: \u201eWarum man keinen gelben Schnee essen sollte und andere spannende Fragen aus der Medizin\u201c. Zeit: 17 Uhr, Ort: US \u2013 C 105, H\u00f6rsaalzentrum Unteres Schloss.<\/p>\n<p>Wer mehr wissen will, kann online schauen: <a href=\"https:\/\/kinderuni-siegen.de\/\" target=\"_blank\" rel=\"noopener\">https:\/\/kinderuni-siegen.de\/<\/a>. \u00dcber die Website ist auch das Anmeldeformular zu erreichen.<\/p>\n<p>Unterst\u00fctzer der Kinderuni Siegen sind die Sparkasse Siegen und die Industrie- und Handelskammer (IHK). Kooperationspartnerin ist die Siegener Zeitung.<\/p>\n<p>Text und Foto: <a href=\"https:\/\/www.uni-siegen.de\/start\/\" target=\"_blank\" rel=\"noopener\">Universit\u00e4t Siegen<\/a><\/p>\n","protected":false},"excerpt":{"rendered":"<p>Die Kinderuni Siegen steht im September ganz im Zeichen der Neugierde junger Menschen. Im Wissenschaftsjahr \u201eNachgefragt\u201c des Bundesministeriums f\u00fcr Bildung und Forschung stellen B\u00fcrgerinnen und&#8230;<\/p>\n","protected":false},"author":6,"featured_media":29351,"comment_status":"open","ping_status":"open","sticky":false,"template":"","format":"standard","meta":{"_jetpack_memberships_contains_paid_content":false,"footnotes":""},"categories":[1,8,32,30],"tags":[],"class_list":["post-29350","post","type-post","status-publish","format-standard","has-post-thumbnail","hentry","category-aktuell","category-ausbildung","category-infos","category-vermischtes"],"jetpack_featured_media_url":"https:\/\/www.vdsm.net\/wronline\/wp-content\/uploads\/2022\/08\/bauzaun_banner_2_WEB.jpg","jetpack_sharing_enabled":true,"_links":{"self":[{"href":"https:\/\/www.vdsm.net\/wronline\/wp-json\/wp\/v2\/posts\/29350","targetHints":{"allow":["GET"]}}],"collection":[{"href":"https:\/\/www.vdsm.net\/wronline\/wp-json\/wp\/v2\/posts"}],"about":[{"href":"https:\/\/www.vdsm.net\/wronline\/wp-json\/wp\/v2\/types\/post"}],"author":[{"embeddable":true,"href":"https:\/\/www.vdsm.net\/wronline\/wp-json\/wp\/v2\/users\/6"}],"replies":[{"embeddable":true,"href":"https:\/\/www.vdsm.net\/wronline\/wp-json\/wp\/v2\/comments?post=29350"}],"version-history":[{"count":2,"href":"https:\/\/www.vdsm.net\/wronline\/wp-json\/wp\/v2\/posts\/29350\/revisions"}],"predecessor-version":[{"id":29353,"href":"https:\/\/www.vdsm.net\/wronline\/wp-json\/wp\/v2\/posts\/29350\/revisions\/29353"}],"wp:featuredmedia":[{"embeddable":true,"href":"https:\/\/www.vdsm.net\/wronline\/wp-json\/wp\/v2\/media\/29351"}],"wp:attachment":[{"href":"https:\/\/www.vdsm.net\/wronline\/wp-json\/wp\/v2\/media?parent=29350"}],"wp:term":[{"taxonomy":"category","embeddable":true,"href":"https:\/\/www.vdsm.net\/wronline\/wp-json\/wp\/v2\/categories?post=29350"},{"taxonomy":"post_tag","embeddable":true,"href":"https:\/\/www.vdsm.net\/wronline\/wp-json\/wp\/v2\/tags?post=29350"}],"curies":[{"name":"wp","href":"https:\/\/api.w.org\/{rel}","templated":true}]}}