{"id":29277,"date":"2022-08-16T08:16:53","date_gmt":"2022-08-16T06:16:53","guid":{"rendered":"https:\/\/www.vdsm.net\/wronline\/?p=29277"},"modified":"2022-08-16T08:50:43","modified_gmt":"2022-08-16T06:50:43","slug":"statement-zur-gasbeschaffungsumlage","status":"publish","type":"post","link":"https:\/\/www.vdsm.net\/wronline\/statement-zur-gasbeschaffungsumlage\/","title":{"rendered":"Statement zur Gasbeschaffungsumlage"},"content":{"rendered":"<p>\u201eDie Gasbeschaffungsumlage von rund 2,4 ct\/kWh ist ein weiterer bitterer Beleg f\u00fcr die massive Energiepreiskrise in unserem Land. Sie f\u00fchrt zu einem schmerzhaften Anstieg der ohnehin schon extrem hohen Energiepreise. Das Energiekosten-Problem versch\u00e4rft sich hierdurch f\u00fcr unsere Unternehmen zus\u00e4tzlich. Damit erh\u00f6ht sich der internationale Wettbewerbsdruck insbesondere auf die Industrie noch einmal deutlich. Die Politik muss daher mit Blick auf die ver\u00f6ffentlichte Gasumlage, aber auch weit \u00fcber dieses Instrument hinaus, jetzt dringend ein wirksames Entlastungskonzept entwickeln, wie wir angesichts der sich zuspitzenden Preissituation auf Dauer Industrieproduktion und Industriearbeitspl\u00e4tze am Standort Deutschland sichern k\u00f6nnen.\u201c<\/p>\n<p><strong>Von Johannes P\u00f6ttering<\/strong><br \/>\n<em>Hauptgesch\u00e4ftsf\u00fchrer Landesvereinigung der Unternehmensverb\u00e4nde Nordrhein-Westfalen e.V. (unternehmer nrw)<\/em><\/p>\n<p>Text und Foto:\u00a0<a href=\"http:\/\/www.unternehmer.nrw\/\" target=\"_blank\" rel=\"noopener\">unternehmer nrw<\/a><\/p>\n","protected":false},"excerpt":{"rendered":"<p>\u201eDie Gasbeschaffungsumlage von rund 2,4 ct\/kWh ist ein weiterer bitterer Beleg f\u00fcr die massive Energiepreiskrise in unserem Land. Sie f\u00fchrt zu einem schmerzhaften Anstieg der&#8230;<\/p>\n","protected":false},"author":6,"featured_media":28080,"comment_status":"open","ping_status":"open","sticky":false,"template":"","format":"standard","meta":{"_jetpack_memberships_contains_paid_content":false,"footnotes":""},"categories":[32,4,11],"tags":[],"class_list":["post-29277","post","type-post","status-publish","format-standard","has-post-thumbnail","hentry","category-infos","category-meinung","category-regionale-wirtschaft"],"jetpack_featured_media_url":"https:\/\/www.vdsm.net\/wronline\/wp-content\/uploads\/2022\/03\/csm_20-8_25_Johannes_Poettering_-_unternehmer_nrw_WEB.jpg","jetpack_sharing_enabled":true,"_links":{"self":[{"href":"https:\/\/www.vdsm.net\/wronline\/wp-json\/wp\/v2\/posts\/29277","targetHints":{"allow":["GET"]}}],"collection":[{"href":"https:\/\/www.vdsm.net\/wronline\/wp-json\/wp\/v2\/posts"}],"about":[{"href":"https:\/\/www.vdsm.net\/wronline\/wp-json\/wp\/v2\/types\/post"}],"author":[{"embeddable":true,"href":"https:\/\/www.vdsm.net\/wronline\/wp-json\/wp\/v2\/users\/6"}],"replies":[{"embeddable":true,"href":"https:\/\/www.vdsm.net\/wronline\/wp-json\/wp\/v2\/comments?post=29277"}],"version-history":[{"count":3,"href":"https:\/\/www.vdsm.net\/wronline\/wp-json\/wp\/v2\/posts\/29277\/revisions"}],"predecessor-version":[{"id":29281,"href":"https:\/\/www.vdsm.net\/wronline\/wp-json\/wp\/v2\/posts\/29277\/revisions\/29281"}],"wp:featuredmedia":[{"embeddable":true,"href":"https:\/\/www.vdsm.net\/wronline\/wp-json\/wp\/v2\/media\/28080"}],"wp:attachment":[{"href":"https:\/\/www.vdsm.net\/wronline\/wp-json\/wp\/v2\/media?parent=29277"}],"wp:term":[{"taxonomy":"category","embeddable":true,"href":"https:\/\/www.vdsm.net\/wronline\/wp-json\/wp\/v2\/categories?post=29277"},{"taxonomy":"post_tag","embeddable":true,"href":"https:\/\/www.vdsm.net\/wronline\/wp-json\/wp\/v2\/tags?post=29277"}],"curies":[{"name":"wp","href":"https:\/\/api.w.org\/{rel}","templated":true}]}}