{"id":29259,"date":"2022-08-12T12:43:34","date_gmt":"2022-08-12T10:43:34","guid":{"rendered":"https:\/\/www.vdsm.net\/wronline\/?p=29259"},"modified":"2022-08-15T11:21:06","modified_gmt":"2022-08-15T09:21:06","slug":"aktionswochenrwirtschaftbildetaus-vom-15-19-august-2022","status":"publish","type":"post","link":"https:\/\/www.vdsm.net\/wronline\/aktionswochenrwirtschaftbildetaus-vom-15-19-august-2022\/","title":{"rendered":"Aktionswoche#NRWirtschaftBildetAus vom 15.-19. August 2022"},"content":{"rendered":"<p>Nach dem Erfolg des vergangenen Jahres gibt es im Jahr 2022\u00a0unter dem Hashtag\u00a0<a href=\"https:\/\/www.unternehmer.nrw\/themen\/nrwirtschaftbildetaus\" target=\"_blank\" rel=\"noopener\">#NRWirtschaftBildetAus<\/a> erneut eine Kampagne zum Thema Ausbildung. In der Aktionswoche vom 15.-19. August 2022 und im Anschluss daran gibt es regelm\u00e4\u00dfige Posts zum Thema #NRWirtschaftBildetAus, die digital und in den sozialen Netzwerken (Twitter, Facebook, YouTube, LinkedIn) ver\u00f6ffentlicht werden. Damit soll wieder auf das gro\u00dfe und vor allem vielf\u00e4ltige Ausbildungs-Engagement der nordrhein-westf\u00e4lischen Wirtschaft hingewiesen werden.<\/p>\n<p>Zum Auftakt der Kampagne hebt NRW-Unternehmerpr\u00e4sident Arndt G. Kirchhoff in einem kurzen Video-Statement die hohe Bedeutung von Ausbildung f\u00fcr die nordrhein-westf\u00e4lischen Wirtschaft hervor.<\/p>\n<p><iframe loading=\"lazy\" title=\"#NRWirtschaftBildetAus: NRW-Unternehmerpr\u00e4sident zur Bedeutung von Ausbildung\" width=\"500\" height=\"281\" src=\"https:\/\/www.youtube.com\/embed\/V6A9leCeoDA?feature=oembed\" frameborder=\"0\" allow=\"accelerometer; autoplay; clipboard-write; encrypted-media; gyroscope; picture-in-picture; web-share\" referrerpolicy=\"strict-origin-when-cross-origin\" allowfullscreen><\/iframe><\/p>\n<p>Ein Schwerpunkt der Kampagne sind kurze Video-Botschaften von Auszubildenden, Ausbildern, Gesch\u00e4ftsf\u00fchrern und Mitarbeitenden, die \u00fcber ihren eigenen Werdegang nach der Ausbildung berichten.<\/p>\n<p>Die Arbeitgeberverb\u00e4nde Siegen-Wittgenstein, die Mitveranstalter der <a href=\"http:\/\/www.ausbildungsmesse57.de\/\" target=\"_blank\" rel=\"noopener\">Ausbildungsmesse in Siegen<\/a> sind, beteiligen sich an der Aktionswoche #NRWirtschaftBildetAus, indem sie auf ihre heimische Ausbildungsmesse hinweisen.\u00a0Einmal im Jahr pr\u00e4sentieren heimische Unternehmen und Institutionen in der Siegerlandhalle an zwei Nachmittagen, jeweils von 13 bis 18 Uhr, ihre Ausbildungsangebote. Vor Ort k\u00f6nnen sich Sch\u00fclerinnen und Sch\u00fcler, Lehrerinnen und Lehrer, sowie Jugendliche und Eltern \u00fcber das Ausbildungsangebot in Betrieben und Schulen im Kreis Siegen-Wittgenstein informieren. Neben den zahlreichen Unternehmen und Institutionen sind auch die Arbeitgeberverb\u00e4nde Siegen-Wittgenstein mit einem eigenen Informationsstand und dem M+E-InfoTruck mit dabei.<\/p>\n<p>Infos und Grafik:\u00a0<a href=\"https:\/\/www.unternehmer.nrw\/\" target=\"_blank\" rel=\"noopener\">unternehmer nrw<\/a><\/p>\n","protected":false},"excerpt":{"rendered":"<p>Nach dem Erfolg des vergangenen Jahres gibt es im Jahr 2022\u00a0unter dem Hashtag\u00a0#NRWirtschaftBildetAus erneut eine Kampagne zum Thema Ausbildung. In der Aktionswoche vom 15.-19. August&#8230;<\/p>\n","protected":false},"author":6,"featured_media":29260,"comment_status":"open","ping_status":"open","sticky":false,"template":"","format":"standard","meta":{"_jetpack_memberships_contains_paid_content":false,"footnotes":""},"categories":[8,32,34,11],"tags":[],"class_list":["post-29259","post","type-post","status-publish","format-standard","has-post-thumbnail","hentry","category-ausbildung","category-infos","category-termine","category-regionale-wirtschaft"],"jetpack_featured_media_url":"https:\/\/www.vdsm.net\/wronline\/wp-content\/uploads\/2022\/08\/NRWirtschaftBildetAus-2.0_WEB.jpg","jetpack_sharing_enabled":true,"_links":{"self":[{"href":"https:\/\/www.vdsm.net\/wronline\/wp-json\/wp\/v2\/posts\/29259","targetHints":{"allow":["GET"]}}],"collection":[{"href":"https:\/\/www.vdsm.net\/wronline\/wp-json\/wp\/v2\/posts"}],"about":[{"href":"https:\/\/www.vdsm.net\/wronline\/wp-json\/wp\/v2\/types\/post"}],"author":[{"embeddable":true,"href":"https:\/\/www.vdsm.net\/wronline\/wp-json\/wp\/v2\/users\/6"}],"replies":[{"embeddable":true,"href":"https:\/\/www.vdsm.net\/wronline\/wp-json\/wp\/v2\/comments?post=29259"}],"version-history":[{"count":6,"href":"https:\/\/www.vdsm.net\/wronline\/wp-json\/wp\/v2\/posts\/29259\/revisions"}],"predecessor-version":[{"id":29276,"href":"https:\/\/www.vdsm.net\/wronline\/wp-json\/wp\/v2\/posts\/29259\/revisions\/29276"}],"wp:featuredmedia":[{"embeddable":true,"href":"https:\/\/www.vdsm.net\/wronline\/wp-json\/wp\/v2\/media\/29260"}],"wp:attachment":[{"href":"https:\/\/www.vdsm.net\/wronline\/wp-json\/wp\/v2\/media?parent=29259"}],"wp:term":[{"taxonomy":"category","embeddable":true,"href":"https:\/\/www.vdsm.net\/wronline\/wp-json\/wp\/v2\/categories?post=29259"},{"taxonomy":"post_tag","embeddable":true,"href":"https:\/\/www.vdsm.net\/wronline\/wp-json\/wp\/v2\/tags?post=29259"}],"curies":[{"name":"wp","href":"https:\/\/api.w.org\/{rel}","templated":true}]}}