{"id":29253,"date":"2022-08-12T10:36:52","date_gmt":"2022-08-12T08:36:52","guid":{"rendered":"https:\/\/www.vdsm.net\/wronline\/?p=29253"},"modified":"2022-08-12T10:44:44","modified_gmt":"2022-08-12T08:44:44","slug":"qualifizierung-in-der-transformation-fit-fuer-die-berufliche-zukunft","status":"publish","type":"post","link":"https:\/\/www.vdsm.net\/wronline\/qualifizierung-in-der-transformation-fit-fuer-die-berufliche-zukunft\/","title":{"rendered":"Qualifizierung in der Transformation &#8211; Fit f\u00fcr die berufliche Zukunft"},"content":{"rendered":"<p>Der Wandel der Arbeitswelt klopft nicht erst an die T\u00fcr, er ist bereits in vollem Gange. Die voranschreitende Digitalisierung und der technische Fortschritt treffen auf Ver\u00e4nderungen aufgrund des Klimawandels und der Energiewende. Lebenslanges Lernen und Qualifizierungen sind in diesem Prozess f\u00fcr Arbeitgeber\/innen und Arbeitnehmer\/innen der Schl\u00fcssel zum Erfolg.<\/p>\n<p>In der Themenwoche \u201eQualifizierung in der Transformation\u201c ber\u00e4t die Siegener Arbeitsagentur zu den verschiedenen Entwicklungen und informiert rund um Qualifizierung und Umschulung.<\/p>\n<p>Am Montag, den <strong>22.08.2022<\/strong> stehen die Expertinnen und Experten in der Zeit von <strong>13.00 bis 16.00 Uhr<\/strong> und am <strong>25.08.2022<\/strong> in der Zeit von <strong>09.00 bis 12.00 Uhr <\/strong>sowie von <strong>16.00 Uhr bis 18.00 Uhr<\/strong> zur Verf\u00fcgung.<\/p>\n<ul>\n<li>Hotline f\u00fcr Arbeitgeber\/innen:\u00a0 0800 4 555 20 (geb\u00fchrenfrei)<\/li>\n<li>Hotline f\u00fcr Arbeitnehmer\/innen: 0271 2301 222 (geb\u00fchrenfrei)<\/li>\n<\/ul>\n<p>Weitere Informationen zu den Thementagen und weitere Veranstaltungen gibt es hier: <a href=\"https:\/\/www.arbeitsagentur.de\/vor-ort\/rd-nrw\/transformation\" target=\"_blank\" rel=\"noopener\">https:\/\/www.arbeitsagentur.de\/vor-ort\/rd-nrw\/transformation<\/a><\/p>\n<p>Text und Foto: Agentur f\u00fcr Arbeit Siegen<\/p>\n","protected":false},"excerpt":{"rendered":"<p>Der Wandel der Arbeitswelt klopft nicht erst an die T\u00fcr, er ist bereits in vollem Gange. Die voranschreitende Digitalisierung und der technische Fortschritt treffen auf&#8230;<\/p>\n","protected":false},"author":6,"featured_media":29254,"comment_status":"open","ping_status":"open","sticky":false,"template":"","format":"standard","meta":{"_jetpack_memberships_contains_paid_content":false,"footnotes":""},"categories":[1,16,32,30,34],"tags":[],"class_list":["post-29253","post","type-post","status-publish","format-standard","has-post-thumbnail","hentry","category-aktuell","category-arbeitsmarkt","category-infos","category-vermischtes","category-termine"],"jetpack_featured_media_url":"https:\/\/www.vdsm.net\/wronline\/wp-content\/uploads\/2022\/08\/Presseinfo_28_2022_Thementage_Transformation_WEB.jpg","jetpack_sharing_enabled":true,"_links":{"self":[{"href":"https:\/\/www.vdsm.net\/wronline\/wp-json\/wp\/v2\/posts\/29253","targetHints":{"allow":["GET"]}}],"collection":[{"href":"https:\/\/www.vdsm.net\/wronline\/wp-json\/wp\/v2\/posts"}],"about":[{"href":"https:\/\/www.vdsm.net\/wronline\/wp-json\/wp\/v2\/types\/post"}],"author":[{"embeddable":true,"href":"https:\/\/www.vdsm.net\/wronline\/wp-json\/wp\/v2\/users\/6"}],"replies":[{"embeddable":true,"href":"https:\/\/www.vdsm.net\/wronline\/wp-json\/wp\/v2\/comments?post=29253"}],"version-history":[{"count":1,"href":"https:\/\/www.vdsm.net\/wronline\/wp-json\/wp\/v2\/posts\/29253\/revisions"}],"predecessor-version":[{"id":29255,"href":"https:\/\/www.vdsm.net\/wronline\/wp-json\/wp\/v2\/posts\/29253\/revisions\/29255"}],"wp:featuredmedia":[{"embeddable":true,"href":"https:\/\/www.vdsm.net\/wronline\/wp-json\/wp\/v2\/media\/29254"}],"wp:attachment":[{"href":"https:\/\/www.vdsm.net\/wronline\/wp-json\/wp\/v2\/media?parent=29253"}],"wp:term":[{"taxonomy":"category","embeddable":true,"href":"https:\/\/www.vdsm.net\/wronline\/wp-json\/wp\/v2\/categories?post=29253"},{"taxonomy":"post_tag","embeddable":true,"href":"https:\/\/www.vdsm.net\/wronline\/wp-json\/wp\/v2\/tags?post=29253"}],"curies":[{"name":"wp","href":"https:\/\/api.w.org\/{rel}","templated":true}]}}