{"id":29217,"date":"2022-08-08T16:08:18","date_gmt":"2022-08-08T14:08:18","guid":{"rendered":"https:\/\/www.vdsm.net\/wronline\/?p=29217"},"modified":"2022-08-08T16:08:18","modified_gmt":"2022-08-08T14:08:18","slug":"die-schoensten-erlebnisse-in-der-innenstadt-ihk-siegen-ruft-zu-fotowettbewerb-auf","status":"publish","type":"post","link":"https:\/\/www.vdsm.net\/wronline\/die-schoensten-erlebnisse-in-der-innenstadt-ihk-siegen-ruft-zu-fotowettbewerb-auf\/","title":{"rendered":"Die sch\u00f6nsten Erlebnisse in der Innenstadt: IHK Siegen ruft zu Fotowettbewerb auf"},"content":{"rendered":"<p>Zuhause ist es doch am Sch\u00f6nsten. F\u00fcr die einen ist es der Stadtbummel, f\u00fcr die anderen sind es eher die kulinarischen Gen\u00fcsse, wie beispielsweise in einem Caf\u00e9 ein Eis essen oder ein Restaurant besuchen. In den Innenst\u00e4dten und Ortszentren in der Region gibt es viele M\u00f6glichkeiten, einen sch\u00f6nen Tag zu verbringen. Die IHK Siegen ruft Hobby-Fotografen jetzt dazu auf, ihre sch\u00f6nsten Erlebnisse in der Innenstadt abzulichten und f\u00fcr den Fotowettbewerb rund um die \u201eHeimat-shoppen\u201c-Aktionstage im September einzureichen.<\/p>\n<div id=\"attachment_29219\" style=\"width: 250px\" class=\"wp-caption alignright\"><a href=\"https:\/\/www.vdsm.net\/wronline\/wp-content\/uploads\/2022\/08\/054-22-Opitz-Medienwerk_WEB.jpg\"><img loading=\"lazy\" decoding=\"async\" aria-describedby=\"caption-attachment-29219\" class=\"size-medium wp-image-29219\" src=\"https:\/\/www.vdsm.net\/wronline\/wp-content\/uploads\/2022\/08\/054-22-Opitz-Medienwerk_WEB-240x300.jpg\" alt=\"\" width=\"240\" height=\"300\" srcset=\"https:\/\/www.vdsm.net\/wronline\/wp-content\/uploads\/2022\/08\/054-22-Opitz-Medienwerk_WEB-240x300.jpg 240w, https:\/\/www.vdsm.net\/wronline\/wp-content\/uploads\/2022\/08\/054-22-Opitz-Medienwerk_WEB-768x960.jpg 768w, https:\/\/www.vdsm.net\/wronline\/wp-content\/uploads\/2022\/08\/054-22-Opitz-Medienwerk_WEB.jpg 777w\" sizes=\"auto, (max-width: 240px) 100vw, 240px\" \/><\/a><p id=\"caption-attachment-29219\" class=\"wp-caption-text\">Freut sich auf viele Einsendungen: Jenny Opitz von der IHK (Foto: Medienwerk).<\/p><\/div>\n<p>\u201eMit der Imagekampagne \u201aHeimat shoppen\u2018 machen wir darauf aufmerksam, dass es sich lohnt, hier vor Ort einzukaufen\u201c, erkl\u00e4rt Jenny Opitz von der IHK Siegen. \u201eDenn ohne Einzelhandel, Gastronomie und Dienstleistungen w\u00e4ren die Innenst\u00e4dte und Ortszentren weit weniger attraktiv, und es g\u00e4be kaum Aufenthaltsqualit\u00e4t.\u201c Wie vielf\u00e4ltig die Erlebnisse in den Innenst\u00e4dten in der Region sind, soll mit dem Fotowettbewerb anschaulich gezeigt werden. Au\u00dferdem ist es eine gute M\u00f6glichkeit, die eigene Ortschaft neu zu entdecken und mit der Welt zu \u201eteilen\u201c.<\/p>\n<p>\u201eWir wollen aber ausdr\u00fccklich nicht nur Fotografen aus den gr\u00f6\u00dferen St\u00e4dten f\u00fcr die Teilnahme gewinnen\u201c, verdeutlicht Opitz. \u201eAuch in den kleineren Kommunen bei uns gibt es viele tolle Erlebnisse, die gezeigt werden k\u00f6nnen. Uns geht es dabei vor allem darum, die Welt durch die Augen der Fotografen entdecken zu d\u00fcrfen. Und wer wei\u00df, vielleicht ergibt sich ja so noch der eine oder andere Geheimtipp!\u201c<\/p>\n<p>F\u00fcr die Auswahl der sch\u00f6nsten Bilder hat sich eigens eine Jury zusammengefunden, die sich aus Stellvertretern verschiedener Kommunen und professionellen Fotografen zusammensetzt. Jeder Hobby-Fotograf kann ein Foto einreichen. Einsendeschluss ist der 22. August. Die Jury w\u00e4hlt anschlie\u00dfend die sch\u00f6nsten Bilder aus, die w\u00e4hrend der Heimat-shoppen-Aktionstage vom 9. bis 17. September in den beteiligten Kommunen gezeigt wird. Nach \u201eHeimat shoppen\u201c wandert die Ausstellung weiter und wird voraussichtlich auch in der IHK Siegen zu sehen sein. Parallel zur analogen Ausstellung werden die sch\u00f6nsten Bilder auch auf den Social-Media-Kan\u00e4len und der Homepage der IHK zu sehen sein.<\/p>\n<p>Die ersten drei Gewinner des Fotowettbewerbs erhalten je eine Canon Kamera EOSM50 nebst Objektiv, im Wert von rund 700 Euro. Eine der Ausstattungen wird von Foto Achatzi aus Bad Laasphe gestiftet. Au\u00dferdem d\u00fcrfen sie sich auf einen Platz bei einer exklusiven begleiteten Foto-Tour mit einem professionellen Fotografen freuen. \u201eDie Tour wird prall gef\u00fcllt sein mit wertvollen Tipps, vielen spannenden Motiven und eine ausgezeichnete Gelegenheit zum Austausch bieten\u201c, verspricht Jenny Opitz.<\/p>\n<p>Mit dem Foto-Wettbewerb m\u00f6chte die IHK Siegen aufzeigen, wie vielf\u00e4ltig die Innenst\u00e4dte und Ortszentren der St\u00e4dte und Gemeinden in den Kreisen Siegen-Wittgenstein und Olpe sind. Bei den \u201eHeimat-shoppen\u201c-Aktionstagen machen zahlreiche Einzelh\u00e4ndler, Dienstleister und Gastronomen mit verschiedenen Aktionen auf sich und ihren Standort aufmerksam. Jenny Opitz: \u201eIn den vergangenen Jahren haben die Teilnehmer durch ihre Ideen immer wieder kreative Impulse gegeben, wie St\u00e4dte und Gemeinden mitgestaltet werden k\u00f6nnen. Das schafft eine erh\u00f6hte Aufenthaltsqualit\u00e4t und macht die Region lebenswert.\u201c<\/p>\n<p>Fotos k\u00f6nnen in hoher Aufl\u00f6sung an <a href=\"mailto:fotowettbewerb@siegen.ihk.de\">fotowettbewerb@siegen.ihk.de <\/a>geschickt werden, au\u00dferdem ist die Einsendung an die Social-Media-Kan\u00e4le \u201eHeimat shoppen an Bigge und Sieg\u201c bei Facebook und Instagram m\u00f6glich. Wichtig ist, dass Kontaktdaten hinterlassen werden, damit \u00fcber einen m\u00f6glichen Gewinn informiert werden kann.<\/p>\n<p>Text: <a href=\"http:\/\/www.ihk-siegen.de\" target=\"_blank\" rel=\"noopener\">IHK Siegen<\/a><\/p>\n","protected":false},"excerpt":{"rendered":"<p>Zuhause ist es doch am Sch\u00f6nsten. F\u00fcr die einen ist es der Stadtbummel, f\u00fcr die anderen sind es eher die kulinarischen Gen\u00fcsse, wie beispielsweise in&#8230;<\/p>\n","protected":false},"author":6,"featured_media":29218,"comment_status":"open","ping_status":"open","sticky":false,"template":"","format":"standard","meta":{"_jetpack_memberships_contains_paid_content":false,"footnotes":""},"categories":[32,30,34,11],"tags":[],"class_list":["post-29217","post","type-post","status-publish","format-standard","has-post-thumbnail","hentry","category-infos","category-vermischtes","category-termine","category-regionale-wirtschaft"],"jetpack_featured_media_url":"https:\/\/www.vdsm.net\/wronline\/wp-content\/uploads\/2022\/08\/054-22-Fotowettbewerb_WEB.jpg","jetpack_sharing_enabled":true,"_links":{"self":[{"href":"https:\/\/www.vdsm.net\/wronline\/wp-json\/wp\/v2\/posts\/29217","targetHints":{"allow":["GET"]}}],"collection":[{"href":"https:\/\/www.vdsm.net\/wronline\/wp-json\/wp\/v2\/posts"}],"about":[{"href":"https:\/\/www.vdsm.net\/wronline\/wp-json\/wp\/v2\/types\/post"}],"author":[{"embeddable":true,"href":"https:\/\/www.vdsm.net\/wronline\/wp-json\/wp\/v2\/users\/6"}],"replies":[{"embeddable":true,"href":"https:\/\/www.vdsm.net\/wronline\/wp-json\/wp\/v2\/comments?post=29217"}],"version-history":[{"count":2,"href":"https:\/\/www.vdsm.net\/wronline\/wp-json\/wp\/v2\/posts\/29217\/revisions"}],"predecessor-version":[{"id":29222,"href":"https:\/\/www.vdsm.net\/wronline\/wp-json\/wp\/v2\/posts\/29217\/revisions\/29222"}],"wp:featuredmedia":[{"embeddable":true,"href":"https:\/\/www.vdsm.net\/wronline\/wp-json\/wp\/v2\/media\/29218"}],"wp:attachment":[{"href":"https:\/\/www.vdsm.net\/wronline\/wp-json\/wp\/v2\/media?parent=29217"}],"wp:term":[{"taxonomy":"category","embeddable":true,"href":"https:\/\/www.vdsm.net\/wronline\/wp-json\/wp\/v2\/categories?post=29217"},{"taxonomy":"post_tag","embeddable":true,"href":"https:\/\/www.vdsm.net\/wronline\/wp-json\/wp\/v2\/tags?post=29217"}],"curies":[{"name":"wp","href":"https:\/\/api.w.org\/{rel}","templated":true}]}}