{"id":29151,"date":"2022-08-03T15:07:45","date_gmt":"2022-08-03T13:07:45","guid":{"rendered":"https:\/\/www.vdsm.net\/wronline\/?p=29151"},"modified":"2022-08-03T15:07:45","modified_gmt":"2022-08-03T13:07:45","slug":"erneuter-anstieg-der-arbeitslosigkeit-in-beiden-rechtskreisen","status":"publish","type":"post","link":"https:\/\/www.vdsm.net\/wronline\/erneuter-anstieg-der-arbeitslosigkeit-in-beiden-rechtskreisen\/","title":{"rendered":"Erneuter Anstieg der Arbeitslosigkeit in beiden Rechtskreisen"},"content":{"rendered":"<div id=\"attachment_28387\" style=\"width: 210px\" class=\"wp-caption alignright\"><a href=\"https:\/\/www.vdsm.net\/wronline\/wp-content\/uploads\/2022\/05\/Tomczak_Daniela_WEB.jpg\"><img loading=\"lazy\" decoding=\"async\" aria-describedby=\"caption-attachment-28387\" class=\"size-medium wp-image-28387\" src=\"https:\/\/www.vdsm.net\/wronline\/wp-content\/uploads\/2022\/05\/Tomczak_Daniela_WEB-200x300.jpg\" alt=\"\" width=\"200\" height=\"300\" srcset=\"https:\/\/www.vdsm.net\/wronline\/wp-content\/uploads\/2022\/05\/Tomczak_Daniela_WEB-200x300.jpg 200w, https:\/\/www.vdsm.net\/wronline\/wp-content\/uploads\/2022\/05\/Tomczak_Daniela_WEB-683x1024.jpg 683w, https:\/\/www.vdsm.net\/wronline\/wp-content\/uploads\/2022\/05\/Tomczak_Daniela_WEB-768x1152.jpg 768w, https:\/\/www.vdsm.net\/wronline\/wp-content\/uploads\/2022\/05\/Tomczak_Daniela_WEB.jpg 777w\" sizes=\"auto, (max-width: 200px) 100vw, 200px\" \/><\/a><p id=\"caption-attachment-28387\" class=\"wp-caption-text\">Daniela Tomczak, Vorsitzende der Gesch\u00e4ftsf\u00fchrung der Siegener Arbeitsagentur<\/p><\/div>\n<p>\u201eIn diesem Monat haben wir zum zweiten Mal in Folge mehr Arbeitslose verzeichnet. Der Anstieg der Arbeitslosigkeit geht, wie im Vormonat, haupts\u00e4chlich auf die Erfassung von schutzsuchenden Menschen aus der Ukraine in der Grundsicherung zur\u00fcck\u201c, berichtet Daniela Tomczak, Leiterin der Siegener Arbeitsagentur. In diesem Monat kommt eine weitere saisonale Entwicklung hinzu. Die Arbeitslosigkeit erh\u00f6ht sich \u00fcblicherweise im Juli, da zu dieser Zeit junge Menschen auf die Agentur f\u00fcr Arbeit zukommen, die gerade ihre Ausbildung abgeschlossen haben. \u201eSie sind nun dabei, eine Anschlussbesch\u00e4ftigung zu finden. Die fast 5.000 offenen Stellenangebote bieten ihnen in unserer Region hervorragende M\u00f6glichkeiten. Denn vor allem Fachkr\u00e4fte sind weiterhin sehr gefragt\u201c,\u00a0 ist sich Tomczak sicher. Die Entwicklungen der n\u00e4chsten Monate sind f\u00fcr die Expertin allerdings mit hohen Unsicherheiten verbunden: \u201eDer Krieg in der Ukraine, Inflation, rasant steigende Energiekosten und Lieferengp\u00e4sse belasten die wirtschaftliche Entwicklung. Hinzu kommen Risiken aufgrund der unklaren Gaslieferungen aus Russland.\u201c<\/p>\n<p><strong>Der Arbeitsmarkt im \u00dcberblick<\/strong><\/p>\n<p><strong>Arbeitslosigkeit <\/strong><\/p>\n<p>Die Zahl der Arbeitslosen im Agenturbezirk Siegen ist im Juli 2022 gestiegen. Insgesamt waren 10.479 Personen arbeitslos gemeldet. Verglichen mit den Zahlen des Vormonates sind dies 647 Personen oder 6,6 Prozent mehr. Im Vergleich zum Juli des Vorjahres sinkt die Zahl der Arbeitslosen um 1.075 Personen bzw. 9,3 Prozent. Die Arbeitslosenquote auf Basis aller zivilen Erwerbspersonen betr\u00e4gt 4,5 Prozent. Vor einem Jahr belief sie sich auf 4,9 Prozent (-0,4 Prozentpunkte).<\/p>\n<p><strong>Jugendarbeitslosigkeit<\/strong><\/p>\n<p>1.153 Arbeitslose sind im Berichtsmonat unter 25 Jahre alt. Im Vormonat waren dies noch 206 weniger und im gleichen Monat des Vorjahres 107 junge Menschen mehr. Die prozentuale Ver\u00e4nderung bel\u00e4uft sich somit auf +21,8 Prozent zum vorherigen Monat bzw. -8,5 Prozent im Vorjahresvergleich.<\/p>\n<p><strong>\u00c4ltere Arbeitslose<\/strong><\/p>\n<p>Die Anzahl arbeitsloser Personen ab 50 Jahre ist im Vergleich zum Vormonat gestiegen (+91 Personen oder +2,5 Prozent). Im Vergleich zum Vorjahr sind es 318 Arbeitslose weniger (-7,7 Prozent). Insgesamt sind 3.796 Menschen ab 50 Jahre in der Arbeitsagentur Siegen von Arbeitslosigkeit betroffen.<\/p>\n<p><strong>Langzeitarbeitslose<\/strong><\/p>\n<p>Die Zahl der Langzeitarbeitslosen ist im Juli gesunken. 3.592 Personen waren l\u00e4nger als ein Jahr nicht sozialversicherungspflichtig besch\u00e4ftigt, darunter z\u00e4hlen 81,2 Prozent (2.915 Personen) zur Grundsicherung. Verglichen mit den Gesamtzahlen des Vormonates sind es 27 Langzeitarbeitslose weniger.\u00a0 Im Vergleich zum Vorjahr sinkt die Zahl dieser Personengruppe um 987 Personen.<\/p>\n<p><strong>Entwicklung in der Arbeitslosenversicherung \u2013 SGB III<\/strong><\/p>\n<p>Im Bereich der Arbeitslosenversicherung wurden in diesem Monat 3.814 Personen gemeldet. Die Zahl hat sich im Vergleich zum Vormonat um 232 Personen bzw. 6,5 Prozent erh\u00f6ht. Im Vorjahresvergleich bedeutet dies eine Verringerung um 881 Personen oder 18,8 Prozent.<\/p>\n<p><strong>Entwicklung in der Grundsicherung \u2013 SGB II<\/strong><\/p>\n<p>In der Grundsicherung sind 415 Arbeitslose mehr als im Vormonat und 194 weniger als im Vorjahr zu verzeichnen. Im Verh\u00e4ltnis entspricht dies +6,6 Prozent zum Vormonat bzw. -2,8 Prozent zum Vorjahr. Insgesamt sind es 6.665 Personen und damit 63,6 Prozent aller Arbeitslosen, die zur Grundsicherung gem\u00e4\u00df SGB II z\u00e4hlen.<\/p>\n<p><strong>Stellenangebote<\/strong><\/p>\n<p>Unternehmen aus der Region haben in diesem Monat 927 Stellen gemeldet (+47 zum Vormonat). Im Bestand befanden sich insgesamt 4.895 offene Stellen, 1.208 mehr als im Vorjahresmonat.<\/p>\n<p><strong>Kreis Siegen-Wittgenstein<\/strong><\/p>\n<p><strong>Arbeitslosigkeit<\/strong><\/p>\n<p>Die Zahl der Arbeitslosen im Kreis Siegen-Wittgenstein ist im Juli 2022 gestiegen. Insgesamt waren 7.531 Personen arbeitslos gemeldet. Verglichen mit den Zahlen des Vormonates sind dies 365 Personen oder 5,1 Prozent mehr. Im Vergleich zum Juli des Vorjahres sinkt die Zahl der Arbeitslosen um 1.028 Personen bzw. 12,0 Prozent. Die Arbeitslosenquote auf Basis aller zivilen Erwerbspersonen betr\u00e4gt 4,9 Prozent. Vor einem Jahr belief sie sich auf 5,5 Prozent (-0,6 Prozentpunkte).<\/p>\n<p><strong>Entwicklung in der Arbeitslosenversicherung \u2013 SGB III<\/strong><\/p>\n<p>Im Bereich der Arbeitslosenversicherung wurden in diesem Monat 2.495 Personen gemeldet. Die Zahl hat sich im Vergleich zum Vormonat um 117 Personen bzw. 4,9 Prozent erh\u00f6ht. Im Vorjahresvergleich bedeutet dies eine Verringerung um 731 Personen oder 22,7 Prozent.<\/p>\n<p><strong>Entwicklung in der Grundsicherung \u2013 SGB II<\/strong><\/p>\n<p>In der Grundsicherung sind 248 Arbeitslose mehr als im Vormonat und 297 weniger als im Vorjahr zu verzeichnen. Im Verh\u00e4ltnis entspricht dies +5,2 Prozent zum Vormonat bzw. -5,6 Prozent zum Vorjahr. Insgesamt sind es 5.036 Personen und damit 66,9 Prozent aller Arbeitslosen, die zur Grundsicherung gem\u00e4\u00df SGB II z\u00e4hlen.<\/p>\n<p><strong>Kreis Olpe<\/strong><\/p>\n<p><strong>Arbeitslosigkeit<\/strong><\/p>\n<p>Die Zahl der Arbeitslosen im Kreis Olpe ist im Juli 2022 gestiegen. Insgesamt waren 2.948 Personen arbeitslos gemeldet. Verglichen mit den Zahlen des Vormonates sind dies 282 Personen oder 10,6 Prozent mehr. Im Vergleich zum Juli des Vorjahres sinkt die Zahl der Arbeitslosen um 47 Personen bzw. 1,6 Prozent. Die Arbeitslosenquote auf Basis aller zivilen Erwerbspersonen betr\u00e4gt 3,8 Prozent. Vor einem Jahr belief sie sich ebenfalls auf 3,8 Prozent.<\/p>\n<p><strong>Entwicklung in der Arbeitslosenversicherung \u2013 SGB III<\/strong><\/p>\n<p>Im Bereich der Arbeitslosenversicherung wurden in diesem Monat 1.319 Personen gemeldet. Die Zahl hat sich im Vergleich zum Vormonat um 115 Personen bzw. 9,6 Prozent erh\u00f6ht. Im Vorjahresvergleich bedeutet dies eine Verringerung um 150 Personen oder 10,2 Prozent.<\/p>\n<p><strong>Entwicklung in der Grundsicherung \u2013 SGB II<\/strong><\/p>\n<p>In der Grundsicherung sind 167 Arbeitslose mehr als im Vormonat und 103 mehr als im Vorjahr zu verzeichnen. Im Verh\u00e4ltnis entspricht dies +11,4 Prozent zum Vormonat bzw. +6,7 Prozent zum Vorjahr. Insgesamt sind es 1.629 Personen und damit 55,3 Prozent aller Arbeitslosen, die zur Grundsicherung gem\u00e4\u00df SGB II z\u00e4hlen.<\/p>\n<p><strong>Der Ausbildungsmarkt im Agenturbezirk Siegen<\/strong><\/p>\n<p><strong>Agenturbezirk Siegen<\/strong><\/p>\n<p>Bis Juli 2022 sind im Kreis Siegen-Wittgenstein und im Kreis Olpe insgesamt 3.694 Berufsausbildungsstellen gemeldet worden. Dem gegen\u00fcber stehen 1.981 Bewerber und Bewerberinnen, die sich im Laufe des Berichtsjahres bei den Agenturen f\u00fcr Arbeit vor Ort gemeldet haben. Auf eine\/n Bewerber\/in kommen damit im Agenturbezirk Siegen 1,9 Ausbildungspl\u00e4tze. Zurzeit sind noch 388 junge Frauen und M\u00e4nner auf der Suche nach einer Ausbildungsstelle. Gleichzeitig sind noch 1.516 Ausbildungspl\u00e4tze unbesetzt. Somit kommen auf jede\/n unversorgten Bewerber\/in 3,9 unbesetzte Berufsausbildungsstellen. Im Vergleich zum Vorjahr ist die Anzahl von Bewerber\/innen um 1,1 Prozent gesunken. Im gleichen Zeitraum ist die Zahl der Ausbildungsstellen um 8,5 Prozent gestiegen.<\/p>\n<p><strong>Kreis Siegen-Wittgenstein<\/strong><\/p>\n<p>1.366 Jugendliche aus dem Kreis Siegen-Wittgenstein haben sich seit Oktober 2021 an die Berufsberatung der heimischen Agenturen f\u00fcr Arbeit gewandt, um einen Ausbildungsplatz zu finden. Insgesamt sind das 22 Personen (1,6 Prozent) mehr als im Vorjahr. 277 Jugendliche sind davon aktuell noch unversorgt: 48 Personen (-14,8 Prozent) weniger als ein Jahr zuvor. Den Bewerberinnen und Bewerbern stehen derzeit 2.177 gemeldete Berufsausbildungsstellen gegen\u00fcber von denen aktuell noch 930 unbesetzt sind. Im Vergleich zum Vorjahr sind seit Beginn des Berichtsjahres 259 Ausbildungsstellen (13,5 Prozent) mehr gemeldet worden.<\/p>\n<p><strong>K<\/strong><strong>reis Olpe<\/strong><\/p>\n<p>615 Jugendliche aus dem Kreis Olpe haben sich seit Oktober 2021 an die Berufsberatung der heimischen Agenturen f\u00fcr Arbeit gewandt, um einen Ausbildungsplatz zu finden. Insgesamt sind das 44 Personen (-6,7 Prozent) weniger als im Vorjahr. 111 Jugendliche sind davon aktuell noch unversorgt: 53 Personen (-32,3 Prozent) weniger als ein Jahr zuvor. Den Bewerberinnen und Bewerbern stehen derzeit 1.517 gemeldete Berufsausbildungsstellen gegen\u00fcber von denen aktuell noch 586 unbesetzt sind. Im Vergleich zum Vorjahr sind seit Beginn des Berichtsjahres 31 Ausbildungsstellen (2,1 Prozent) mehr gemeldet worden.<\/p>\n<p>Text und Foto: Agentur f\u00fcr Arbeit Siegen<\/p>\n","protected":false},"excerpt":{"rendered":"<p>\u201eIn diesem Monat haben wir zum zweiten Mal in Folge mehr Arbeitslose verzeichnet. Der Anstieg der Arbeitslosigkeit geht, wie im Vormonat, haupts\u00e4chlich auf die Erfassung&#8230;<\/p>\n","protected":false},"author":6,"featured_media":22637,"comment_status":"open","ping_status":"open","sticky":false,"template":"","format":"standard","meta":{"_jetpack_memberships_contains_paid_content":false,"footnotes":""},"categories":[16,32,30],"tags":[],"class_list":["post-29151","post","type-post","status-publish","format-standard","has-post-thumbnail","hentry","category-arbeitsmarkt","category-infos","category-vermischtes"],"jetpack_featured_media_url":"https:\/\/www.vdsm.net\/wronline\/wp-content\/uploads\/2021\/03\/wronline-header-arbeitsmark.jpg","jetpack_sharing_enabled":true,"_links":{"self":[{"href":"https:\/\/www.vdsm.net\/wronline\/wp-json\/wp\/v2\/posts\/29151","targetHints":{"allow":["GET"]}}],"collection":[{"href":"https:\/\/www.vdsm.net\/wronline\/wp-json\/wp\/v2\/posts"}],"about":[{"href":"https:\/\/www.vdsm.net\/wronline\/wp-json\/wp\/v2\/types\/post"}],"author":[{"embeddable":true,"href":"https:\/\/www.vdsm.net\/wronline\/wp-json\/wp\/v2\/users\/6"}],"replies":[{"embeddable":true,"href":"https:\/\/www.vdsm.net\/wronline\/wp-json\/wp\/v2\/comments?post=29151"}],"version-history":[{"count":1,"href":"https:\/\/www.vdsm.net\/wronline\/wp-json\/wp\/v2\/posts\/29151\/revisions"}],"predecessor-version":[{"id":29152,"href":"https:\/\/www.vdsm.net\/wronline\/wp-json\/wp\/v2\/posts\/29151\/revisions\/29152"}],"wp:featuredmedia":[{"embeddable":true,"href":"https:\/\/www.vdsm.net\/wronline\/wp-json\/wp\/v2\/media\/22637"}],"wp:attachment":[{"href":"https:\/\/www.vdsm.net\/wronline\/wp-json\/wp\/v2\/media?parent=29151"}],"wp:term":[{"taxonomy":"category","embeddable":true,"href":"https:\/\/www.vdsm.net\/wronline\/wp-json\/wp\/v2\/categories?post=29151"},{"taxonomy":"post_tag","embeddable":true,"href":"https:\/\/www.vdsm.net\/wronline\/wp-json\/wp\/v2\/tags?post=29151"}],"curies":[{"name":"wp","href":"https:\/\/api.w.org\/{rel}","templated":true}]}}