{"id":29097,"date":"2022-07-13T14:02:18","date_gmt":"2022-07-13T12:02:18","guid":{"rendered":"https:\/\/www.vdsm.net\/wronline\/?p=29097"},"modified":"2022-10-14T11:32:23","modified_gmt":"2022-10-14T09:32:23","slug":"zusammen-nach-vorn","status":"publish","type":"post","link":"https:\/\/www.vdsm.net\/wronline\/zusammen-nach-vorn\/","title":{"rendered":"Video und Website zur Tarifrunde 2022 ver\u00f6ffentlicht: Zusammen nach vorn"},"content":{"rendered":"<header><span style=\"font-size: 16px;\">Die Unternehmen der M+E-Industrie stehen vor gro\u00dfen Herausforderungen und die Unsicherheiten sind aktuell gr\u00f6\u00dfer denn je. In dieser Lage kommt den Tarifparteien eine besondere Verantwortung zu. Mehr Infos gibt es unter <\/span><a href=\"http:\/\/www.zusammennachvorn.de\/\" target=\"_blank\" rel=\"noopener\">www.zusammennachvorn.de<\/a> und im Auftaktfilm zur M+E-Tarifrunde 2022.<\/header>\n<header><\/header>\n<header><\/header>\n<header><\/header>\n<div class=\"ce-textpic ce-center ce-above\">\n<div class=\"ce-bodytext\">\n<p><iframe loading=\"lazy\" title=\"Zusammen nach vorn: Unser Auftaktfilm zur M+E-Tarifrunde 2022\" width=\"500\" height=\"281\" src=\"https:\/\/www.youtube.com\/embed\/zy0Yrak_hwE?feature=oembed\" frameborder=\"0\" allow=\"accelerometer; autoplay; clipboard-write; encrypted-media; gyroscope; picture-in-picture; web-share\" referrerpolicy=\"strict-origin-when-cross-origin\" allowfullscreen><\/iframe><\/p>\n<\/div>\n<\/div>\n","protected":false},"excerpt":{"rendered":"<p>Die Unternehmen der M+E-Industrie stehen vor gro\u00dfen Herausforderungen und die Unsicherheiten sind aktuell gr\u00f6\u00dfer denn je. In dieser Lage kommt den Tarifparteien eine besondere Verantwortung&#8230;<\/p>\n","protected":false},"author":6,"featured_media":29102,"comment_status":"open","ping_status":"open","sticky":false,"template":"","format":"standard","meta":{"_jetpack_memberships_contains_paid_content":false,"footnotes":""},"categories":[32,30,40,11],"tags":[],"class_list":["post-29097","post","type-post","status-publish","format-standard","has-post-thumbnail","hentry","category-infos","category-vermischtes","category-tarifrunde-2022","category-regionale-wirtschaft"],"jetpack_featured_media_url":"https:\/\/www.vdsm.net\/wronline\/wp-content\/uploads\/2022\/07\/ME-Deutschland_WEB.jpg","jetpack_sharing_enabled":true,"_links":{"self":[{"href":"https:\/\/www.vdsm.net\/wronline\/wp-json\/wp\/v2\/posts\/29097","targetHints":{"allow":["GET"]}}],"collection":[{"href":"https:\/\/www.vdsm.net\/wronline\/wp-json\/wp\/v2\/posts"}],"about":[{"href":"https:\/\/www.vdsm.net\/wronline\/wp-json\/wp\/v2\/types\/post"}],"author":[{"embeddable":true,"href":"https:\/\/www.vdsm.net\/wronline\/wp-json\/wp\/v2\/users\/6"}],"replies":[{"embeddable":true,"href":"https:\/\/www.vdsm.net\/wronline\/wp-json\/wp\/v2\/comments?post=29097"}],"version-history":[{"count":7,"href":"https:\/\/www.vdsm.net\/wronline\/wp-json\/wp\/v2\/posts\/29097\/revisions"}],"predecessor-version":[{"id":29695,"href":"https:\/\/www.vdsm.net\/wronline\/wp-json\/wp\/v2\/posts\/29097\/revisions\/29695"}],"wp:featuredmedia":[{"embeddable":true,"href":"https:\/\/www.vdsm.net\/wronline\/wp-json\/wp\/v2\/media\/29102"}],"wp:attachment":[{"href":"https:\/\/www.vdsm.net\/wronline\/wp-json\/wp\/v2\/media?parent=29097"}],"wp:term":[{"taxonomy":"category","embeddable":true,"href":"https:\/\/www.vdsm.net\/wronline\/wp-json\/wp\/v2\/categories?post=29097"},{"taxonomy":"post_tag","embeddable":true,"href":"https:\/\/www.vdsm.net\/wronline\/wp-json\/wp\/v2\/tags?post=29097"}],"curies":[{"name":"wp","href":"https:\/\/api.w.org\/{rel}","templated":true}]}}