{"id":29058,"date":"2022-07-13T14:33:23","date_gmt":"2022-07-13T12:33:23","guid":{"rendered":"https:\/\/www.vdsm.net\/wronline\/?p=29058"},"modified":"2022-07-13T14:33:23","modified_gmt":"2022-07-13T12:33:23","slug":"die-redaktion-macht-sommerpause","status":"publish","type":"post","link":"https:\/\/www.vdsm.net\/wronline\/die-redaktion-macht-sommerpause\/","title":{"rendered":"Die Redaktion macht Sommerpause"},"content":{"rendered":"<p>Die Redaktion von Wirtschaft regional online macht Sommerpause. Ab Montag, 1. August 2022 gibt es wieder m\u00f6glichst aktuelle und interessante Berichte \u00fcber Ereignisse und Entwicklungen in unserer heimischen Wirtschaft.<\/p>\n<p>F\u00fcr alle, die w\u00e4hrend dieser Zeit nicht auf Lesestoff verzichten m\u00f6chten, gibt es ein interessantes <a href=\"https:\/\/youtu.be\/zy0Yrak_hwE\" target=\"_blank\" rel=\"noopener\">Video<\/a> zum Kampagnenstart der M+E-Tarifrunde 2022.<\/p>\n<p>Dar\u00fcber hinaus gibt es unser <a href=\"https:\/\/www.vdsm.net\/wronline\/wirtschaft-regional-archiv\/\" target=\"_blank\" rel=\"noopener\">Archiv<\/a> mit den bislang erschienenen Ausgaben von Wirtschaft regional PDF. Wirtschaft regional PDF ist die druckf\u00e4hige PDF-Ausgabe von Wirtschaft regional online. Dort finden Sie auch interessante Berichte und Reportagen aus unserer Wirtschaftsregion. Ein Besuch lohnt sich. <strong><em>Die n\u00e4chste Ausgabe von Wirtschaft regional PDF erscheint im Laufe der ersten August-Woche.\u00a0<\/em><\/strong><\/p>\n<p>Weiterhin k\u00f6nnen Sie w\u00e4hrend der Sommerpause auch gerne N\u00e4heres \u00fcber unsere Bildungsprogramm <a href=\"http:\/\/mintoringsi.de\/\" target=\"_blank\" rel=\"noopener\">MINToringSi<\/a> erfahren, das wir gemeinsam mit der Universit\u00e4t Siegen und der Bezirksregierung Arnsberg durchf\u00fchren.<\/p>\n<p>Jetzt w\u00fcnschen wir allen unseren Leserinnen und Lesern viele sonnige Tage und erholsame Ferien.<\/p>\n<p><em>Ihre Redaktion von Wirtschaft regional online\u00a0<\/em><\/p>\n<p>&nbsp;<\/p>\n","protected":false},"excerpt":{"rendered":"<p>Die Redaktion von Wirtschaft regional online macht Sommerpause. Ab Montag, 1. August 2022 gibt es wieder m\u00f6glichst aktuelle und interessante Berichte \u00fcber Ereignisse und Entwicklungen&#8230;<\/p>\n","protected":false},"author":6,"featured_media":29086,"comment_status":"open","ping_status":"open","sticky":false,"template":"","format":"standard","meta":{"_jetpack_memberships_contains_paid_content":false,"footnotes":""},"categories":[1],"tags":[],"class_list":["post-29058","post","type-post","status-publish","format-standard","has-post-thumbnail","hentry","category-aktuell"],"jetpack_featured_media_url":"https:\/\/www.vdsm.net\/wronline\/wp-content\/uploads\/2022\/07\/SiWi_Netphen-Sohlbach_Ausblick_geniessen-\u00a9-Klaus-Peter-Kappest-Kreis-Siegen-Wittgenstein_WEB.jpg","jetpack_sharing_enabled":true,"_links":{"self":[{"href":"https:\/\/www.vdsm.net\/wronline\/wp-json\/wp\/v2\/posts\/29058","targetHints":{"allow":["GET"]}}],"collection":[{"href":"https:\/\/www.vdsm.net\/wronline\/wp-json\/wp\/v2\/posts"}],"about":[{"href":"https:\/\/www.vdsm.net\/wronline\/wp-json\/wp\/v2\/types\/post"}],"author":[{"embeddable":true,"href":"https:\/\/www.vdsm.net\/wronline\/wp-json\/wp\/v2\/users\/6"}],"replies":[{"embeddable":true,"href":"https:\/\/www.vdsm.net\/wronline\/wp-json\/wp\/v2\/comments?post=29058"}],"version-history":[{"count":7,"href":"https:\/\/www.vdsm.net\/wronline\/wp-json\/wp\/v2\/posts\/29058\/revisions"}],"predecessor-version":[{"id":29109,"href":"https:\/\/www.vdsm.net\/wronline\/wp-json\/wp\/v2\/posts\/29058\/revisions\/29109"}],"wp:featuredmedia":[{"embeddable":true,"href":"https:\/\/www.vdsm.net\/wronline\/wp-json\/wp\/v2\/media\/29086"}],"wp:attachment":[{"href":"https:\/\/www.vdsm.net\/wronline\/wp-json\/wp\/v2\/media?parent=29058"}],"wp:term":[{"taxonomy":"category","embeddable":true,"href":"https:\/\/www.vdsm.net\/wronline\/wp-json\/wp\/v2\/categories?post=29058"},{"taxonomy":"post_tag","embeddable":true,"href":"https:\/\/www.vdsm.net\/wronline\/wp-json\/wp\/v2\/tags?post=29058"}],"curies":[{"name":"wp","href":"https:\/\/api.w.org\/{rel}","templated":true}]}}