{"id":2902,"date":"2015-11-12T08:58:09","date_gmt":"2015-11-12T07:58:09","guid":{"rendered":"http:\/\/www.vdsm.net\/wronline\/?p=2902"},"modified":"2015-11-12T08:59:07","modified_gmt":"2015-11-12T07:59:07","slug":"wirtschaft-braucht-schnelles-internet","status":"publish","type":"post","link":"https:\/\/www.vdsm.net\/wronline\/wirtschaft-braucht-schnelles-internet\/","title":{"rendered":"Wirtschaft braucht schnelles Internet"},"content":{"rendered":"<p>Wollen heimische Unternehmen im weltweiten Wettbewerb bestehen, ist eine leistungsf\u00e4hige Breitbandinfrastruktur hierf\u00fcr elementar. Heute mehr denn je. Nur bei leistungsf\u00e4higen Breitbandanschl\u00fcssen k\u00f6nnen Unternehmen den digitalen Wandel als Gestaltungschance begreifen und die damit verbundenen Potenziale f\u00fcr sich selbst nutzen. \u201eDeutschland hinkt derzeit bei der digitalen Infrastruktur europaweit hinterher. Wird dies nicht schnell und konsequent angegangen, schiebt man unsere Unternehmen mittel- und langfristig auf das digitale Abstellgleis. Dann scheitert der Industriestandort Nummer 1 in Nordrhein-Westfalen an zu niedrigen Daten\u00fcbertragungsraten\u201c, verdeutlicht Klaus Gr\u00e4bener, Hauptgesch\u00e4ftsf\u00fchrer der Industrie- und Handelskammer Siegen (IHK). In der \u00f6ffentlichen Debatte werde vielfach der Eindruck erweckt, es gehe beim Thema Breitband vor allem um die Versorgung von Privathaushalten. Dies sei jedoch eindeutig zu kurz gesprungen. Zugleich m\u00fcsste der Blick sehr viel st\u00e4rker als bisher auf die Anschlussqualit\u00e4ten in Gewerbegebieten gerichtet werden, die gerade au\u00dferhalb von Ballungsgebieten nur unzureichend versorgt seien; paradoxerweise gerade dort, wo die Industrie am st\u00e4rksten unterwegs sei, in S\u00fcdwestfalen. Viele Unternehmen im so genannten \u201el\u00e4ndlichen Raum\u201c arbeiteten heute teilweise unter dramatischen Internetbedingungen, tr\u00fcgen aber wesentlich zum Steueraufkommen und zur Besch\u00e4ftigungssicherung bei.<\/p>\n<p>Die Landesregierung hat inzwischen ihre Breitbandstrategie vorgestellt und dabei angek\u00fcndigt, die Mitfinanzierung aller erfolgreichen kommunalen Antr\u00e4ge im neuen F\u00f6rderprogramm des Bundes zu \u00fcbernehmen und den Anteil des Landes aus der digitalen Dividende II (rund 133 Millionen Euro) in ein eigenes F\u00f6rderprogramm zu \u00fcberf\u00fchren. Grunds\u00e4tzlich sei zu begr\u00fc\u00dfen, dass das Land mit einem eigenen F\u00f6rderprogramm Verantwortung f\u00fcr den Breitbandausbau \u00fcbernehme und die glasfaserbasierte Versorgung aller Gewerbegebiete als ein vorrangiges \u201eNahziel\u201c des Netzausbaus festlege. Allerdings d\u00fcrften die vorgesehenen Gelder f\u00fcr einen fl\u00e4chendeckenden Ausbau mit einem zukunftsf\u00e4higen Internet bei weitem nicht ausreichen. Rund 50 Millionen Euro aus den Erl\u00f6sen von Frequenzb\u00e4ndern durch die Bundesnetzagentur wolle das NRW-Wirtschaftsministerium nach eigener Aussage einsetzen, um Gewerbegebiete an das schnelle Internet anzuschlie\u00dfen. Gewerbegebiete sollen in den n\u00e4chsten Jahren mit mindestens 50 Mbit\/s in Down- und Upload angebunden werden. Klaus Gr\u00e4bener: \u201eDies ist gut, jedoch angesichts der rasanten technologischen Entwicklung eindeutig zu wenig. Die digitale \u00dcberholspur erreichen wir damit jedenfalls nicht. Gerade in den Gewerbegebieten ist so schnell wie m\u00f6glich und vorranging eine unmittelbare Glasfaseranbindung f\u00fcr die Betriebe erforderlich\u201c. Diese erfordere jedoch Investitionen in H\u00f6he von rund 500 Millionen Euro, wie eine Studie der NRW-Bank zum nachhaltigen Netzausbau gezeigt habe.<\/p>\n<p>Die Koordinierung und Entwicklung des Breitbandausbaus durch Breitbandkoordinatoren auf Ebene der Kreise sei richtig. Damit die zur Verf\u00fcgung stehenden Mittel auch im Land umgesetzt w\u00fcrden, m\u00fcsse das Land nun z\u00fcgig die konkreten F\u00f6rderrichtlinien zur Verf\u00fcgung stellen, diese so einfach und praktikabel wie m\u00f6glich ausgestalten und dabei Konflikte zwischen den F\u00f6rderangeboten auf Landes- bzw. Bundesebene vermeiden. \u00dcberzeugende Konzepte d\u00fcrften schlie\u00dflich nicht an b\u00fcrokratischen F\u00f6rdermodalit\u00e4ten scheitern.<\/p>\n","protected":false},"excerpt":{"rendered":"<p>Wollen heimische Unternehmen im weltweiten Wettbewerb bestehen, ist eine leistungsf\u00e4hige Breitbandinfrastruktur hierf\u00fcr elementar. Heute mehr denn je. Nur bei leistungsf\u00e4higen Breitbandanschl\u00fcssen k\u00f6nnen Unternehmen den digitalen&#8230;<\/p>\n","protected":false},"author":2,"featured_media":2675,"comment_status":"open","ping_status":"open","sticky":false,"template":"","format":"standard","meta":{"_jetpack_memberships_contains_paid_content":false,"footnotes":""},"categories":[11],"tags":[],"class_list":["post-2902","post","type-post","status-publish","format-standard","has-post-thumbnail","hentry","category-regionale-wirtschaft"],"jetpack_featured_media_url":"https:\/\/www.vdsm.net\/wronline\/wp-content\/uploads\/2015\/08\/wronline-header-regionale-wirtschaftt.jpg","jetpack_sharing_enabled":true,"_links":{"self":[{"href":"https:\/\/www.vdsm.net\/wronline\/wp-json\/wp\/v2\/posts\/2902","targetHints":{"allow":["GET"]}}],"collection":[{"href":"https:\/\/www.vdsm.net\/wronline\/wp-json\/wp\/v2\/posts"}],"about":[{"href":"https:\/\/www.vdsm.net\/wronline\/wp-json\/wp\/v2\/types\/post"}],"author":[{"embeddable":true,"href":"https:\/\/www.vdsm.net\/wronline\/wp-json\/wp\/v2\/users\/2"}],"replies":[{"embeddable":true,"href":"https:\/\/www.vdsm.net\/wronline\/wp-json\/wp\/v2\/comments?post=2902"}],"version-history":[{"count":2,"href":"https:\/\/www.vdsm.net\/wronline\/wp-json\/wp\/v2\/posts\/2902\/revisions"}],"predecessor-version":[{"id":2904,"href":"https:\/\/www.vdsm.net\/wronline\/wp-json\/wp\/v2\/posts\/2902\/revisions\/2904"}],"wp:featuredmedia":[{"embeddable":true,"href":"https:\/\/www.vdsm.net\/wronline\/wp-json\/wp\/v2\/media\/2675"}],"wp:attachment":[{"href":"https:\/\/www.vdsm.net\/wronline\/wp-json\/wp\/v2\/media?parent=2902"}],"wp:term":[{"taxonomy":"category","embeddable":true,"href":"https:\/\/www.vdsm.net\/wronline\/wp-json\/wp\/v2\/categories?post=2902"},{"taxonomy":"post_tag","embeddable":true,"href":"https:\/\/www.vdsm.net\/wronline\/wp-json\/wp\/v2\/tags?post=2902"}],"curies":[{"name":"wp","href":"https:\/\/api.w.org\/{rel}","templated":true}]}}