{"id":28987,"date":"2022-06-30T17:01:08","date_gmt":"2022-06-30T15:01:08","guid":{"rendered":"https:\/\/www.vdsm.net\/wronline\/?p=28987"},"modified":"2022-06-30T17:01:08","modified_gmt":"2022-06-30T15:01:08","slug":"uebernahme-gefluechteter-menschen-aus-der-ukraine-in-das-sgb-ii-fuehrt-zu-leichtem-anstieg-der-arbeitslosigkeit","status":"publish","type":"post","link":"https:\/\/www.vdsm.net\/wronline\/uebernahme-gefluechteter-menschen-aus-der-ukraine-in-das-sgb-ii-fuehrt-zu-leichtem-anstieg-der-arbeitslosigkeit\/","title":{"rendered":"\u00dcbernahme gefl\u00fcchteter Menschen aus der Ukraine in das SGB II f\u00fchrt zu leichtem Anstieg der Arbeitslosigkeit"},"content":{"rendered":"<div id=\"attachment_28387\" style=\"width: 210px\" class=\"wp-caption alignright\"><a href=\"https:\/\/www.vdsm.net\/wronline\/wp-content\/uploads\/2022\/05\/Tomczak_Daniela_WEB.jpg\"><img loading=\"lazy\" decoding=\"async\" aria-describedby=\"caption-attachment-28387\" class=\"size-medium wp-image-28387\" src=\"https:\/\/www.vdsm.net\/wronline\/wp-content\/uploads\/2022\/05\/Tomczak_Daniela_WEB-200x300.jpg\" alt=\"\" width=\"200\" height=\"300\" srcset=\"https:\/\/www.vdsm.net\/wronline\/wp-content\/uploads\/2022\/05\/Tomczak_Daniela_WEB-200x300.jpg 200w, https:\/\/www.vdsm.net\/wronline\/wp-content\/uploads\/2022\/05\/Tomczak_Daniela_WEB-683x1024.jpg 683w, https:\/\/www.vdsm.net\/wronline\/wp-content\/uploads\/2022\/05\/Tomczak_Daniela_WEB-768x1152.jpg 768w, https:\/\/www.vdsm.net\/wronline\/wp-content\/uploads\/2022\/05\/Tomczak_Daniela_WEB.jpg 777w\" sizes=\"auto, (max-width: 200px) 100vw, 200px\" \/><\/a><p id=\"caption-attachment-28387\" class=\"wp-caption-text\">Daniela Tomczak, Vorsitzende der Gesch\u00e4ftsf\u00fchrung der Siegener Arbeitsagentur<\/p><\/div>\n<p>\u201eDie Zahl der Arbeitslosen ist in diesem Monat erstmals wieder gestiegen. Das liegt an der \u00dcbernahme der Betreuung der gefl\u00fcchteten ukrainischen Menschen durch die Jobcenter in den Kreisen Siegen-Wittgenstein und Olpe\u201c, berichtet Daniela Tomczak, Leiterin der Agentur f\u00fcr Arbeit Siegen. \u00a0Durch eine gesetzliche Anpassung werden Menschen, die seit Februar 2022 aus der Ukraine nach Deutschland gefl\u00fcchtet sind, seit dem 1. Juni von den Jobcentern betreut und erhalten Leistungen nach dem SGB II (Grundsicherung), sofern sie hilfebed\u00fcrftig und erwerbsf\u00e4hig sind. Die Expertin erwartet einen deutlich st\u00e4rkeren Anstieg der Arbeitslosigkeit in den kommenden Monaten: \u201eDie hiesigen Jobcenter arbeiten eng mit den Ausl\u00e4nderbeh\u00f6rden zusammen, um einen nahtlosen \u00dcbergang f\u00fcr die Menschen sicherzustellen. Aktuell befinden wir uns aber noch in einer \u00dcbergangszeit. Es sind noch nicht alle Antr\u00e4ge eingegangen und bearbeitet, im Augenblick k\u00f6nnen wir keine konkreten Einsch\u00e4tzungen f\u00fcr die beiden Kreise abgeben.\u201c<\/p>\n<p><strong>Der Arbeitsmarkt im \u00dcberblick<\/strong><\/p>\n<p><strong>Arbeitslosigkeit <\/strong><\/p>\n<p>Die Zahl der Arbeitslosen ist im Agenturbezirk Siegen im Juni 2022 gestiegen. Insgesamt waren 9.832 Personen arbeitslos gemeldet. Verglichen mit den Zahlen des Vormonates sind dies 156 Personen oder 1,6 Prozent mehr. Im Vergleich zum Juni des Vorjahres sinkt die Zahl der Arbeitslosen um 1.868 Personen bzw. 16,0 Prozent. Die Arbeitslosenquote auf Basis aller zivilen Erwerbspersonen betr\u00e4gt im Juni 4,2 Prozent. Vor einem Jahr belief sie sich auf 5,0 Prozent (-0,8 Prozentpunkte).<\/p>\n<p><strong>Jugendarbeitslosigkeit<\/strong><\/p>\n<p>947 Arbeitslose sind im Berichtsmonat im Agenturbezirk Siegen unter 25 Jahre alt. Im Vormonat waren dies noch 45 weniger und im gleichen Monat des Vorjahres 215 \u00a0junge Menschen mehr. Die prozentuale Ver\u00e4nderung bel\u00e4uft sich auf +5,0 Prozent zum vorherigen Monat bzw. -18,5 Prozent im Vorjahresvergleich.<\/p>\n<p><strong>\u00c4ltere Arbeitslose<\/strong><\/p>\n<p>Die Anzahl arbeitsloser Personen ab 50 Jahre ist im Vergleich zum Vormonat gestiegen (+20 Personen oder +0,5 Prozent). Im Vergleich zum Vorjahr sind es 513 Arbeitslose weniger (-12,2 Prozent).) Insgesamt sind 3.705 Menschen ab 50 Jahre in der Arbeitsagentur Siegen von Arbeitslosigkeit betroffen.<\/p>\n<p><strong>Langzeitarbeitslose<\/strong><\/p>\n<p>Die Zahl der Langzeitarbeitslosen ist im Agenturbezirk Siegen im Berichtsmonat gesunken. 3.619 Personen waren l\u00e4nger als ein Jahr nicht sozialversicherungspflichtig besch\u00e4ftigt, darunter z\u00e4hlen 80,9 Prozent (2.928 Personen) zur Grundsicherung. Verglichen mit den Gesamtzahlen des Vormonates sind dies 46 Langzeitarbeitslose weniger.\u00a0 Im Vergleich zum Vorjahr sinkt die Zahl dieser Arbeitslosen um 1.096 Personen.<\/p>\n<p><strong>Entwicklung in der Arbeitslosenversicherung \u2013 SGB III<\/strong><\/p>\n<p>Im Bereich der Arbeitslosenversicherung wurden in diesem Monat 3.582 Personen gemeldet. Die Zahl hat sich im Vergleich zum Vormonat um 51 Personen bzw. 1,4 Prozent verringert. Im Vorjahresvergleich bedeutet dies eine Verringerung um 1.116 Personen oder 23,8 Prozent.<\/p>\n<p><strong>Entwicklung in der Grundsicherung \u2013 SGB II<\/strong><\/p>\n<p>In der Grundsicherung sind 207 Arbeitslose mehr als im Vormonat und 752 weniger als im Vorjahr zu verzeichnen. Im Verh\u00e4ltnis entspricht dies +3,4 Prozent zum Vormonat bzw. -10,7 Prozent zum Vorjahr. Insgesamt sind es 6.250 Personen und damit 63,6 Prozent aller Arbeitslosen, die zur Grundsicherung gem\u00e4\u00df SGB II z\u00e4hlen.<\/p>\n<p><strong>Stellenangebote<\/strong><\/p>\n<p>Unternehmen aus der Region haben in diesem Monat 880 Stellen gemeldet (153 weniger als im Vormonat). Im Bestand befanden sich insgesamt 4.895 offene Stellen, 102 mehr als im Vormonat und 1.470 mehr als im Vorjahresmonat.<\/p>\n<p><strong>Kreis Siegen-Wittgenstein<\/strong><\/p>\n<p><strong>Arbeitslosigkeit<\/strong><\/p>\n<p>Die Zahl der Arbeitslosen ist im Kreis Siegen-Wittgenstein im Juni 2022 gestiegen. Insgesamt waren 7.166 Personen arbeitslos gemeldet. Verglichen mit den Zahlen des Vormonates sind dies 81 Personen oder 1,1 Prozent mehr. Im Vergleich zum Juni des Vorjahres sinkt die Zahl der Arbeitslosen um 1.509 Personen bzw. 17,4 Prozent. Die Arbeitslosenquote auf Basis aller zivilen Erwerbspersonen betr\u00e4gt 4,6 Prozent. Vor einem Jahr belief sie sich auf 5,5 Prozent (-0,9 Prozentpunkte).<\/p>\n<p><strong>Entwicklung in der Arbeitslosenversicherung \u2013 SGB III<\/strong><\/p>\n<p>Im Bereich der Arbeitslosenversicherung wurden in diesem Monat 2.378 Personen gemeldet. Die Zahl hat sich im Vergleich zum Vormonat um 9 Personen bzw. 0,4 Prozent verringert. Im Vorjahresvergleich bedeutet dies eine Verringerung um 856 Personen oder 26,5 Prozent.<\/p>\n<p><strong>Entwicklung in der Grundsicherung \u2013 SGB II<\/strong><\/p>\n<p>In der Grundsicherung sind 90 Arbeitslose mehr als im Vormonat und 653 weniger als im Vorjahr zu verzeichnen. Im Verh\u00e4ltnis entspricht dies +1,9 Prozent zum Vormonat bzw. -12,0 Prozent zum Vorjahr. Insgesamt sind es 4.788 Personen und damit 66,8 Prozent aller Arbeitslosen, die zur Grundsicherung gem\u00e4\u00df SGB II z\u00e4hlen.<\/p>\n<p>&nbsp;<\/p>\n<p><strong>Kreis Olpe<\/strong><\/p>\n<p><strong>Arbeitslosigkeit<\/strong><\/p>\n<p>Die Zahl der Arbeitslosen ist im Kreis Olpe im Juni 2022 gestiegen. Insgesamt waren 2.666 Personen arbeitslos gemeldet. Verglichen mit den Zahlen des Vormonates sind dies 75 Personen oder 2,9 Prozent mehr. Im Vergleich zum Juni des Vorjahres sinkt die Zahl der Arbeitslosen um 359 Personen bzw. 11,9 Prozent. Die Arbeitslosenquote auf Basis aller zivilen Erwerbspersonen betr\u00e4gt 3,4 Prozent. Vor einem Jahr belief sie sich auf 3,8 Prozent (-0,4 Prozentpunkte).<\/p>\n<p><strong>Entwicklung in der Arbeitslosenversicherung \u2013 SGB III<\/strong><\/p>\n<p>Im Bereich der Arbeitslosenversicherung wurden in diesem Monat 1.204 Personen gemeldet. Die Zahl hat sich im Vergleich zum Vormonat um 42 Personen bzw. 3,4 Prozent verringert. Im Vorjahresvergleich bedeutet dies eine Verringerung um 260 Personen oder 17,8 Prozent.<\/p>\n<p><strong>Entwicklung in der Grundsicherung \u2013 SGB II<\/strong><\/p>\n<p>In der Grundsicherung sind 117 Arbeitslose mehr als im Vormonat und 99 weniger als im Vorjahr zu verzeichnen. Im Verh\u00e4ltnis entspricht dies +8,7 Prozent zum Vormonat bzw. -6,3 Prozent zum Vorjahr. Insgesamt sind es 1.462 Personen und damit 54,8 Prozent aller Arbeitslosen, die zur Grundsicherung gem\u00e4\u00df SGB II z\u00e4hlen.<\/p>\n<p><strong><br \/>\nDer Ausbildungsmarkt im Agenturbezirk Siegen<\/strong><\/p>\n<p><strong>Agenturbezirk Siegen<\/strong><\/p>\n<p>Bis Juni 2022 sind im Kreis Siegen-Wittgenstein und im Kreis Olpe insgesamt 3.630 Berufsausbildungsstellen gemeldet worden. Dem gegen\u00fcber stehen 1.905 Bewerber und Bewerberinnen, die sich im Laufe des Berichtsjahres bei den Agenturen f\u00fcr Arbeit vor Ort gemeldet haben. Auf eine\/n Bewerber\/in kommen damit im Agenturbezirk Siegen 1,9 Ausbildungspl\u00e4tze. Zurzeit sind noch 594 junge Frauen und M\u00e4nner auf der Suche nach einer Ausbildungsstelle. Gleichzeitig sind noch 1.697 Ausbildungspl\u00e4tze unbesetzt. Somit kommen auf jede\/n unversorgten Bewerber\/in 2,9 unbesetzte Berufsausbildungsstellen. Im Vergleich zum Vorjahr ist die Anzahl von Bewerber\/innen um 0,6 Prozent gestiegen. Im gleichen Zeitraum ist die Zahl der Ausbildungsstellen um 10,1 Prozent gestiegen.<\/p>\n<p><strong>Kreis Siegen-Wittgenstein<\/strong><\/p>\n<p>1.306 Jugendliche aus dem Kreis Siegen-Wittgenstein haben sich seit Oktober 2021 an die Berufsberatung der heimischen Agenturen f\u00fcr Arbeit gewandt, um einen Ausbildungsplatz zu finden. Insgesamt sind das 33 Personen (2,6 Prozent) mehr als im Vorjahr. 408 Jugendliche sind davon aktuell noch unversorgt: 32 Personen (-7,3 Prozent) weniger als ein Jahr zuvor. Der Vielzahl an Bewerbern und Bewerberinnen stehen derzeit 2.144 gemeldete Berufsausbildungsstellen gegen\u00fcber von denen aktuell noch 1.027 Ausbildungspl\u00e4tze unbesetzt sind. Im Vergleich zum Vorjahr sind seit Beginn des Berichtsjahres 275 Ausbildungsstellen (14,7 Prozent) mehr gemeldet worden.<\/p>\n<p><strong>K<\/strong><strong>reis Olpe<\/strong><\/p>\n<p>599 Jugendliche aus dem Kreis Olpe haben sich seit Oktober 2021 an die Berufsberatung der heimischen Agenturen f\u00fcr Arbeit gewandt, um einen Ausbildungsplatz zu finden. Insgesamt sind das 21 Personen (-3,4 Prozent) weniger als im Vorjahr. 186 Jugendliche sind davon aktuell noch unversorgt: 25 Personen (-11,8 Prozent) weniger als ein Jahr zuvor. Der Vielzahl an Bewerbern und Bewerberinnen stehen derzeit 1.486 gemeldete Berufsausbildungsstellen gegen\u00fcber von denen aktuell noch 670 Ausbildungspl\u00e4tze unbesetzt sind. Im Vergleich zum Vorjahr sind seit Beginn des Berichtsjahres 58 Ausbildungsstellen (4,1 Prozent) mehr gemeldet worden.<\/p>\n<p>Text und Foto: Agentur f\u00fcr Arbeit Siegen<\/p>\n","protected":false},"excerpt":{"rendered":"<p>\u201eDie Zahl der Arbeitslosen ist in diesem Monat erstmals wieder gestiegen. Das liegt an der \u00dcbernahme der Betreuung der gefl\u00fcchteten ukrainischen Menschen durch die Jobcenter&#8230;<\/p>\n","protected":false},"author":6,"featured_media":22637,"comment_status":"open","ping_status":"open","sticky":false,"template":"","format":"standard","meta":{"_jetpack_memberships_contains_paid_content":false,"footnotes":""},"categories":[16,32,30],"tags":[],"class_list":["post-28987","post","type-post","status-publish","format-standard","has-post-thumbnail","hentry","category-arbeitsmarkt","category-infos","category-vermischtes"],"jetpack_featured_media_url":"https:\/\/www.vdsm.net\/wronline\/wp-content\/uploads\/2021\/03\/wronline-header-arbeitsmark.jpg","jetpack_sharing_enabled":true,"_links":{"self":[{"href":"https:\/\/www.vdsm.net\/wronline\/wp-json\/wp\/v2\/posts\/28987","targetHints":{"allow":["GET"]}}],"collection":[{"href":"https:\/\/www.vdsm.net\/wronline\/wp-json\/wp\/v2\/posts"}],"about":[{"href":"https:\/\/www.vdsm.net\/wronline\/wp-json\/wp\/v2\/types\/post"}],"author":[{"embeddable":true,"href":"https:\/\/www.vdsm.net\/wronline\/wp-json\/wp\/v2\/users\/6"}],"replies":[{"embeddable":true,"href":"https:\/\/www.vdsm.net\/wronline\/wp-json\/wp\/v2\/comments?post=28987"}],"version-history":[{"count":3,"href":"https:\/\/www.vdsm.net\/wronline\/wp-json\/wp\/v2\/posts\/28987\/revisions"}],"predecessor-version":[{"id":28990,"href":"https:\/\/www.vdsm.net\/wronline\/wp-json\/wp\/v2\/posts\/28987\/revisions\/28990"}],"wp:featuredmedia":[{"embeddable":true,"href":"https:\/\/www.vdsm.net\/wronline\/wp-json\/wp\/v2\/media\/22637"}],"wp:attachment":[{"href":"https:\/\/www.vdsm.net\/wronline\/wp-json\/wp\/v2\/media?parent=28987"}],"wp:term":[{"taxonomy":"category","embeddable":true,"href":"https:\/\/www.vdsm.net\/wronline\/wp-json\/wp\/v2\/categories?post=28987"},{"taxonomy":"post_tag","embeddable":true,"href":"https:\/\/www.vdsm.net\/wronline\/wp-json\/wp\/v2\/tags?post=28987"}],"curies":[{"name":"wp","href":"https:\/\/api.w.org\/{rel}","templated":true}]}}