{"id":28898,"date":"2022-06-23T10:44:07","date_gmt":"2022-06-23T08:44:07","guid":{"rendered":"https:\/\/www.vdsm.net\/wronline\/?p=28898"},"modified":"2022-06-23T10:44:23","modified_gmt":"2022-06-23T08:44:23","slug":"moeglichkeiten-der-energiegewinnung-mithilfe-eines-regenrohrgenerators-ueberzeugte-die-jury","status":"publish","type":"post","link":"https:\/\/www.vdsm.net\/wronline\/moeglichkeiten-der-energiegewinnung-mithilfe-eines-regenrohrgenerators-ueberzeugte-die-jury\/","title":{"rendered":"M\u00f6glichkeiten der Energiegewinnung mithilfe eines Regenrohrgenerators \u00fcberzeugte die Jury"},"content":{"rendered":"<div id=\"attachment_28902\" style=\"width: 210px\" class=\"wp-caption alignright\"><a href=\"https:\/\/www.vdsm.net\/wronline\/wp-content\/uploads\/2022\/06\/MINToringSi-Abschlusspraesentationen-2022-Siegergruppe_WEB.jpg\"><img loading=\"lazy\" decoding=\"async\" aria-describedby=\"caption-attachment-28902\" class=\"size-medium wp-image-28902\" src=\"https:\/\/www.vdsm.net\/wronline\/wp-content\/uploads\/2022\/06\/MINToringSi-Abschlusspraesentationen-2022-Siegergruppe_WEB-200x300.jpg\" alt=\"\" width=\"200\" height=\"300\" srcset=\"https:\/\/www.vdsm.net\/wronline\/wp-content\/uploads\/2022\/06\/MINToringSi-Abschlusspraesentationen-2022-Siegergruppe_WEB-200x300.jpg 200w, https:\/\/www.vdsm.net\/wronline\/wp-content\/uploads\/2022\/06\/MINToringSi-Abschlusspraesentationen-2022-Siegergruppe_WEB-682x1024.jpg 682w, https:\/\/www.vdsm.net\/wronline\/wp-content\/uploads\/2022\/06\/MINToringSi-Abschlusspraesentationen-2022-Siegergruppe_WEB-768x1152.jpg 768w, https:\/\/www.vdsm.net\/wronline\/wp-content\/uploads\/2022\/06\/MINToringSi-Abschlusspraesentationen-2022-Siegergruppe_WEB.jpg 777w\" sizes=\"auto, (max-width: 200px) 100vw, 200px\" \/><\/a><p id=\"caption-attachment-28902\" class=\"wp-caption-text\">Laura Baumgarten (oben) und Ruth Schneider (unten) erl\u00e4utern die Funktionsweise des Regenrohrgenerators. (Foto: Bahaa Aldin Banna)<\/p><\/div>\n<p>Im Rahmen des Coaching-Programms <a href=\"http:\/\/mintoringsi.de\/\" target=\"_blank\" rel=\"noopener\">\u201eMINToringSi \u2013 Studierende begleiten Sch\u00fclerinnen und Sch\u00fcler auf ihrem Weg in ein MINT-Studium<\/a>\u201c wurde im Haus der Siegerl\u00e4nder Wirtschaft eine von drei Gruppen zum Sieger der f\u00fcnf Monate dauernden Projektphase gek\u00fcrt. Das Projekt der Gruppe \u2013 die M\u00f6glichkeiten der Energiegewinnung mithilfe eines Regenrohrgenerators.<\/p>\n<p>Nach der vorangegangenen schriftlichen Ausarbeitung der Projekte hatten alle Gruppen die Gelegenheit, ihre Projekte inklusive der konstruierten Prototypen einem interessierten Publikum aus Vertretern von Unternehmen, der Universit\u00e4t Siegen und Schulvertretern zu pr\u00e4sentieren. Die Bandbreite der vorgestellten Arbeiten umfasste neben dem Siegerprojekt eine nachhaltige Ladestation f\u00fcr E-Bikes sowie die Temperaturregelung von Getr\u00e4nken. In Umfang und Interdisziplinarit\u00e4t gingen die Projekte \u00fcber die schul\u00fcblichen Arbeiten hinaus, um einen ersten Einblick in die Studien- und sp\u00e4tere Berufswelt zu vermitteln.<\/p>\n<div id=\"attachment_28903\" style=\"width: 310px\" class=\"wp-caption alignleft\"><a href=\"https:\/\/www.vdsm.net\/wronline\/wp-content\/uploads\/2022\/06\/MINToringSi-Abschlusspraesentationen-2022-Zweiter-Platz-Nachhaltige-Ladestation-fuer-E-Bikes_WEB.jpg\"><img loading=\"lazy\" decoding=\"async\" aria-describedby=\"caption-attachment-28903\" class=\"wp-image-28903 size-medium\" src=\"https:\/\/www.vdsm.net\/wronline\/wp-content\/uploads\/2022\/06\/MINToringSi-Abschlusspraesentationen-2022-Zweiter-Platz-Nachhaltige-Ladestation-fuer-E-Bikes_WEB-300x200.jpg\" alt=\"\" width=\"300\" height=\"200\" srcset=\"https:\/\/www.vdsm.net\/wronline\/wp-content\/uploads\/2022\/06\/MINToringSi-Abschlusspraesentationen-2022-Zweiter-Platz-Nachhaltige-Ladestation-fuer-E-Bikes_WEB-300x200.jpg 300w, https:\/\/www.vdsm.net\/wronline\/wp-content\/uploads\/2022\/06\/MINToringSi-Abschlusspraesentationen-2022-Zweiter-Platz-Nachhaltige-Ladestation-fuer-E-Bikes_WEB-768x512.jpg 768w, https:\/\/www.vdsm.net\/wronline\/wp-content\/uploads\/2022\/06\/MINToringSi-Abschlusspraesentationen-2022-Zweiter-Platz-Nachhaltige-Ladestation-fuer-E-Bikes_WEB.jpg 777w\" sizes=\"auto, (max-width: 300px) 100vw, 300px\" \/><\/a><p id=\"caption-attachment-28903\" class=\"wp-caption-text\">Den zweiten Platz erreichte die Gruppe mit ihrem Projekt zur nachhaltigen Ladestation von E-Bikes. (Bahaa Aldin Banna)<\/p><\/div>\n<p>\u201eDie Arbeit des Gewinnerteams \u00fcberzeugte durch au\u00dferordentliche Zielstrebigkeit, Flei\u00df, Teamarbeit sowie ein gutes Zeitmanagement \u2013 und all das in Zeiten der Corona-Pandemie\u201c, erl\u00e4uterte Julia F\u00f6rster, Programmbetreuerin seitens der Arbeitgeberverb\u00e4nde Siegen-Wittgenstein die Juryentscheidung in ihrer Laudatio. Die Arbeit von Laura Baumgarten, Tjark Fischer, Mohamed Taher Khazuran, David Koch, Miriam K\u00f6lsch, Ruth Schneider und Ole-Samuel Witt st\u00e4che in vielerlei Hinsicht heraus. Sowohl durch das gesellschaftlich sehr aktuelle Thema als auch durch die Verwendung von vielen Naturwissenschaftlichen und Technischen Themengebieten. \u201eElektrotechnik, Physik und Aspekte des Maschinenbaus sind in die Arbeit eingeflossen. Auch aus akademischer Sicht kann die Arbeit durch ihre sehr gute Dokumentation \u00fcberzeugen. Abgerundet wird der sehr gute Eindruck durch einen funktionsf\u00e4higen Prototyp\u201c, sagte Julia F\u00f6rster in ihrer Laudatio.<\/p>\n<div id=\"attachment_28904\" style=\"width: 310px\" class=\"wp-caption alignright\"><a href=\"https:\/\/www.vdsm.net\/wronline\/wp-content\/uploads\/2022\/06\/MINToringSi-Abschlusspraesentationen-2022-Dritter-Platz-Temperaturregelung-von-Getraenken_1_WEB.jpg\"><img loading=\"lazy\" decoding=\"async\" aria-describedby=\"caption-attachment-28904\" class=\"size-medium wp-image-28904\" src=\"https:\/\/www.vdsm.net\/wronline\/wp-content\/uploads\/2022\/06\/MINToringSi-Abschlusspraesentationen-2022-Dritter-Platz-Temperaturregelung-von-Getraenken_1_WEB-300x199.jpg\" alt=\"\" width=\"300\" height=\"199\" srcset=\"https:\/\/www.vdsm.net\/wronline\/wp-content\/uploads\/2022\/06\/MINToringSi-Abschlusspraesentationen-2022-Dritter-Platz-Temperaturregelung-von-Getraenken_1_WEB-300x199.jpg 300w, https:\/\/www.vdsm.net\/wronline\/wp-content\/uploads\/2022\/06\/MINToringSi-Abschlusspraesentationen-2022-Dritter-Platz-Temperaturregelung-von-Getraenken_1_WEB-768x510.jpg 768w, https:\/\/www.vdsm.net\/wronline\/wp-content\/uploads\/2022\/06\/MINToringSi-Abschlusspraesentationen-2022-Dritter-Platz-Temperaturregelung-von-Getraenken_1_WEB.jpg 777w\" sizes=\"auto, (max-width: 300px) 100vw, 300px\" \/><\/a><p id=\"caption-attachment-28904\" class=\"wp-caption-text\">Nils Weckwert erl\u00e4utert D\u00e9sir\u00e9e Sch\u00fctz die Funktionsweise des Temperaturreglers von Getr\u00e4nken. (Foto: Paulina M\u00fcllers)<\/p><\/div>\n<p>Vor den Pr\u00e4sentationen wurden in den Gru\u00dfworten von Julia F\u00f6rster (VdSM Verband der Siegerl\u00e4nder Metallindustriellen e.V.) und Prof. Dr. Holger Sch\u00f6nherr (Dekan der Naturwissenschaftlich Technischen Fakult\u00e4t IV der Universit\u00e4t Siegen) die Wichtigkeit des Nachwuchses in den MINT-F\u00e4chern betont. Ebenfalls hervorgehoben wurde das Engagement der drei MINToren D\u00e9sir\u00e9e Sch\u00fctz, Timo Meyer und Damian Sulik, die jeweils eine Gruppe betreut haben und auch weiterhin betreuen.<\/p>\n<div id=\"attachment_28905\" style=\"width: 310px\" class=\"wp-caption alignleft\"><a href=\"https:\/\/www.vdsm.net\/wronline\/wp-content\/uploads\/2022\/06\/MINToringSi-Abschlusspraesentationen-2022-Musiker-Kevin-Rudek_WEB.jpg\"><img loading=\"lazy\" decoding=\"async\" aria-describedby=\"caption-attachment-28905\" class=\"size-medium wp-image-28905\" src=\"https:\/\/www.vdsm.net\/wronline\/wp-content\/uploads\/2022\/06\/MINToringSi-Abschlusspraesentationen-2022-Musiker-Kevin-Rudek_WEB-300x200.jpg\" alt=\"\" width=\"300\" height=\"200\" srcset=\"https:\/\/www.vdsm.net\/wronline\/wp-content\/uploads\/2022\/06\/MINToringSi-Abschlusspraesentationen-2022-Musiker-Kevin-Rudek_WEB-300x200.jpg 300w, https:\/\/www.vdsm.net\/wronline\/wp-content\/uploads\/2022\/06\/MINToringSi-Abschlusspraesentationen-2022-Musiker-Kevin-Rudek_WEB-768x512.jpg 768w, https:\/\/www.vdsm.net\/wronline\/wp-content\/uploads\/2022\/06\/MINToringSi-Abschlusspraesentationen-2022-Musiker-Kevin-Rudek_WEB.jpg 777w\" sizes=\"auto, (max-width: 300px) 100vw, 300px\" \/><\/a><p id=\"caption-attachment-28905\" class=\"wp-caption-text\">Kevin Rudek gab musikalische Beitr\u00e4ge mit Gitarre und Gesang zum Besten. (Foto: Paulina M\u00fcllers)<\/p><\/div>\n<p>Abgerundet wurde die Veranstaltung mit den Musikst\u00fccken \u201eViva la Vida\u201c von Coldplay, \u201eMan in the mirrow\u201c von Michael Jackson und \u201eich glaube ich vermisse\u201c, die Musiker Kevin Rudek mit Gitarre und Gesang eindrucksvoll dargeboten hatte.<\/p>\n<p>Text: Julia F\u00f6rster<\/p>\n","protected":false},"excerpt":{"rendered":"<p>Im Rahmen des Coaching-Programms \u201eMINToringSi \u2013 Studierende begleiten Sch\u00fclerinnen und Sch\u00fcler auf ihrem Weg in ein MINT-Studium\u201c wurde im Haus der Siegerl\u00e4nder Wirtschaft eine von&#8230;<\/p>\n","protected":false},"author":6,"featured_media":28900,"comment_status":"open","ping_status":"open","sticky":false,"template":"","format":"standard","meta":{"_jetpack_memberships_contains_paid_content":false,"footnotes":""},"categories":[1,8,32,30],"tags":[],"class_list":["post-28898","post","type-post","status-publish","format-standard","has-post-thumbnail","hentry","category-aktuell","category-ausbildung","category-infos","category-vermischtes"],"jetpack_featured_media_url":"https:\/\/www.vdsm.net\/wronline\/wp-content\/uploads\/2022\/06\/MINToringSi-Abschlusspraesentationen-2022-zugeschnitten_WEB.jpg","jetpack_sharing_enabled":true,"_links":{"self":[{"href":"https:\/\/www.vdsm.net\/wronline\/wp-json\/wp\/v2\/posts\/28898","targetHints":{"allow":["GET"]}}],"collection":[{"href":"https:\/\/www.vdsm.net\/wronline\/wp-json\/wp\/v2\/posts"}],"about":[{"href":"https:\/\/www.vdsm.net\/wronline\/wp-json\/wp\/v2\/types\/post"}],"author":[{"embeddable":true,"href":"https:\/\/www.vdsm.net\/wronline\/wp-json\/wp\/v2\/users\/6"}],"replies":[{"embeddable":true,"href":"https:\/\/www.vdsm.net\/wronline\/wp-json\/wp\/v2\/comments?post=28898"}],"version-history":[{"count":8,"href":"https:\/\/www.vdsm.net\/wronline\/wp-json\/wp\/v2\/posts\/28898\/revisions"}],"predecessor-version":[{"id":28911,"href":"https:\/\/www.vdsm.net\/wronline\/wp-json\/wp\/v2\/posts\/28898\/revisions\/28911"}],"wp:featuredmedia":[{"embeddable":true,"href":"https:\/\/www.vdsm.net\/wronline\/wp-json\/wp\/v2\/media\/28900"}],"wp:attachment":[{"href":"https:\/\/www.vdsm.net\/wronline\/wp-json\/wp\/v2\/media?parent=28898"}],"wp:term":[{"taxonomy":"category","embeddable":true,"href":"https:\/\/www.vdsm.net\/wronline\/wp-json\/wp\/v2\/categories?post=28898"},{"taxonomy":"post_tag","embeddable":true,"href":"https:\/\/www.vdsm.net\/wronline\/wp-json\/wp\/v2\/tags?post=28898"}],"curies":[{"name":"wp","href":"https:\/\/api.w.org\/{rel}","templated":true}]}}