{"id":28888,"date":"2022-06-22T13:59:07","date_gmt":"2022-06-22T11:59:07","guid":{"rendered":"https:\/\/www.vdsm.net\/wronline\/?p=28888"},"modified":"2022-06-22T13:59:07","modified_gmt":"2022-06-22T11:59:07","slug":"walter-viegener-neuer-praesident-der-ihk-siegen","status":"publish","type":"post","link":"https:\/\/www.vdsm.net\/wronline\/walter-viegener-neuer-praesident-der-ihk-siegen\/","title":{"rendered":"Walter Viegener neuer Pr\u00e4sident der IHK Siegen"},"content":{"rendered":"<div id=\"attachment_28890\" style=\"width: 310px\" class=\"wp-caption alignright\"><a href=\"https:\/\/www.vdsm.net\/wronline\/wp-content\/uploads\/2022\/06\/IHK-Vizepraesidenten_WEB.jpg\"><img loading=\"lazy\" decoding=\"async\" aria-describedby=\"caption-attachment-28890\" class=\"size-medium wp-image-28890\" src=\"https:\/\/www.vdsm.net\/wronline\/wp-content\/uploads\/2022\/06\/IHK-Vizepraesidenten_WEB-300x300.jpg\" alt=\"\" width=\"300\" height=\"300\" srcset=\"https:\/\/www.vdsm.net\/wronline\/wp-content\/uploads\/2022\/06\/IHK-Vizepraesidenten_WEB-300x300.jpg 300w, https:\/\/www.vdsm.net\/wronline\/wp-content\/uploads\/2022\/06\/IHK-Vizepraesidenten_WEB-150x150.jpg 150w, https:\/\/www.vdsm.net\/wronline\/wp-content\/uploads\/2022\/06\/IHK-Vizepraesidenten_WEB-768x768.jpg 768w, https:\/\/www.vdsm.net\/wronline\/wp-content\/uploads\/2022\/06\/IHK-Vizepraesidenten_WEB.jpg 777w\" sizes=\"auto, (max-width: 300px) 100vw, 300px\" \/><\/a><p id=\"caption-attachment-28890\" class=\"wp-caption-text\">Die Vizepr\u00e4sidenten der IHK Siegen: Mark Georg, Christian F. Kocherscheidt, Christopher Mennekes und Jost Schneider (von oben links nach unten rechts).<\/p><\/div>\n<p>Die Vollversammlung der IHK Siegen hat am Dienstagabend in ihrer konstituierenden Sitzung den Attendorner Unternehmer Walter Viegener (Viega Holding GmbH &amp; Co. KG) zum 21. Pr\u00e4sidenten der Kammer gew\u00e4hlt. Der bisherige Amtsinhaber Felix G. Hensel (Gustav Hensel GmbH &amp; Co. KG), der nach acht Jahren nicht mehr kandidierte, wurde zum Ehrenpr\u00e4sidenten der IHK ernannt. Neu in das Pr\u00e4sidium r\u00fcckten als Vizepr\u00e4sidenten Mark Georg (Heinrich Georg GmbH Maschinenbau) und Christopher Mennekes (Mennekes Elektrotechnik GmbH &amp; Co. KG). Die bisherigen Vizepr\u00e4sidenten Christian F. Kocherscheidt (EJOT Holding GmbH &amp; Co. KG) und Jost Schneider (Walter Schneider GmbH &amp; Co. KG) wurden in das F\u00fchrungsgremium der IHK wiedergew\u00e4hlt.<\/p>\n<p>Walter Viegener bedankte sich ebenso wie die Mitglieder des Pr\u00e4sidiums f\u00fcr das mit der Wahl entgegengebrachte Vertrauen. F\u00fcr die IHK ist der neue Pr\u00e4sident ein bekanntes Gesicht: Seit 1994 geh\u00f6rt Walter Viegener der Vollversammlung an. Er wirkte zuletzt als Vizepr\u00e4sident und als Vorsitzender des Industrie- und Verkehrsausschusses. In das Familienunternehmen Viega war er 1988 eingetreten, zun\u00e4chst als Prokurist und von 1997 bis 2021 als gesch\u00e4ftsf\u00fchrender Gesellschafter. Seit Januar dieses Jahres ist er Vorsitzender des Gesellschafterausschusses der Viega Holding GmbH &amp; Co. KG. Die Viega Gruppe z\u00e4hlt heute zu den Weltmarkt- und Technologief\u00fchrern der Installationsbranche und besch\u00e4ftigt international fast 5.000 Mitarbeiter. An zehn Standorten weltweit entwickelt und produziert das Familienunternehmen \u00fcber 17.000 Produkte und Systeme. Der Umsatz der Gruppe lag 2021 bei 1,7 Mrd. Euro.<\/p>\n<div id=\"attachment_28891\" style=\"width: 210px\" class=\"wp-caption alignright\"><a href=\"https:\/\/www.vdsm.net\/wronline\/wp-content\/uploads\/2022\/06\/Walter-Viegener_WEB.jpg\"><img loading=\"lazy\" decoding=\"async\" aria-describedby=\"caption-attachment-28891\" class=\"size-medium wp-image-28891\" src=\"https:\/\/www.vdsm.net\/wronline\/wp-content\/uploads\/2022\/06\/Walter-Viegener_WEB-200x300.jpg\" alt=\"\" width=\"200\" height=\"300\" srcset=\"https:\/\/www.vdsm.net\/wronline\/wp-content\/uploads\/2022\/06\/Walter-Viegener_WEB-200x300.jpg 200w, https:\/\/www.vdsm.net\/wronline\/wp-content\/uploads\/2022\/06\/Walter-Viegener_WEB-682x1024.jpg 682w, https:\/\/www.vdsm.net\/wronline\/wp-content\/uploads\/2022\/06\/Walter-Viegener_WEB-768x1152.jpg 768w, https:\/\/www.vdsm.net\/wronline\/wp-content\/uploads\/2022\/06\/Walter-Viegener_WEB.jpg 777w\" sizes=\"auto, (max-width: 200px) 100vw, 200px\" \/><\/a><p id=\"caption-attachment-28891\" class=\"wp-caption-text\">Walter Viegener ist neuer Pr\u00e4sident der IHK Siegen.<\/p><\/div>\n<p>Die gegenw\u00e4rtigen und kommenden Herausforderungen f\u00fcr den heimischen Wirtschaftsraum seien enorm, unterstrich Walter Viegener. Insbesondere die langen Planungs- und Genehmigungszeiten sind dem Pr\u00e4sidenten ein Dorn im Auge: \u201eWohin man schaut, herrscht Beinahe-Stillstand. Vor lauter Genehmigungsschleifen, Gutachten, Umweltpr\u00fcfungen, Planfeststellungsverfahren und juristischem Hickhack verlieren wir die eigentlichen Ziele aus den Augen. Hier m\u00fcssen wir dringend schneller vorankommen!\u201c Am Herzen liegt Walter Viegener auch die Fachkr\u00e4ftesicherung. Zu Recht genie\u00dfe die berufliche Bildung in der Region einen hohen Stellenwert. Der Markt d\u00fcnne indes immer mehr aus. Die Sch\u00fcler m\u00fcssten noch st\u00e4rker von den Vorz\u00fcgen der betrieblichen Erstausbildung \u00fcberzeugt und das Arbeitsumfeld m\u00fcsse so attraktiv wie m\u00f6glich gestaltet werden. Hierzu geh\u00f6rten auch die Zentren der St\u00e4dte und Gemeinden, die nicht verwaisen d\u00fcrften. \u201eIn diesen und weiteren Fragen muss die IHK wie schon bisher Sprachrohr und Impulsgeber f\u00fcr die heimische Wirtschaft sein, aber auch klare Kante zeigen!\u201c Daf\u00fcr werde er sich pers\u00f6nlich mit ganzer Kraft einsetzen, betonte Walter Viegener.<\/p>\n<p><strong>\u00dcber Viega:<\/strong><\/p>\n<p>Viega ist Experte f\u00fcr gesundes Trinkwasser im Geb\u00e4ude und z\u00e4hlt zu den Weltmarkt- und Technologief\u00fchrern der Installationsbranche. Als qualit\u00e4tsorientiertes Familienunternehmen mit international fast 5.000 Mitarbeitern verf\u00fcgt das Unternehmen \u00fcber 120 Jahre Erfahrung in der Geb\u00e4udetechnik. Kernkompetenzen sind der Erhalt und die Weiterentwicklung von Trinkwasserhygiene, Energieeffizienz, Komfort und Sicherheit im Geb\u00e4ude. An zehn Standorten weltweit entwickelt und produziert die Unternehmensgruppe \u00fcber 17.000 Produkte und Systeme.<\/p>\n<p>Text und Fotos: <a href=\"https:\/\/www.ihk-siegen.de\/\" target=\"_blank\" rel=\"noopener\">IHK Siegen<\/a><\/p>\n","protected":false},"excerpt":{"rendered":"<p>Die Vollversammlung der IHK Siegen hat am Dienstagabend in ihrer konstituierenden Sitzung den Attendorner Unternehmer Walter Viegener (Viega Holding GmbH &amp; Co. KG) zum 21&#8230;.<\/p>\n","protected":false},"author":6,"featured_media":28889,"comment_status":"open","ping_status":"open","sticky":false,"template":"","format":"standard","meta":{"_jetpack_memberships_contains_paid_content":false,"footnotes":""},"categories":[32,30,11],"tags":[],"class_list":["post-28888","post","type-post","status-publish","format-standard","has-post-thumbnail","hentry","category-infos","category-vermischtes","category-regionale-wirtschaft"],"jetpack_featured_media_url":"https:\/\/www.vdsm.net\/wronline\/wp-content\/uploads\/2022\/06\/Hensel-und-Viegener_WEB.jpg","jetpack_sharing_enabled":true,"_links":{"self":[{"href":"https:\/\/www.vdsm.net\/wronline\/wp-json\/wp\/v2\/posts\/28888","targetHints":{"allow":["GET"]}}],"collection":[{"href":"https:\/\/www.vdsm.net\/wronline\/wp-json\/wp\/v2\/posts"}],"about":[{"href":"https:\/\/www.vdsm.net\/wronline\/wp-json\/wp\/v2\/types\/post"}],"author":[{"embeddable":true,"href":"https:\/\/www.vdsm.net\/wronline\/wp-json\/wp\/v2\/users\/6"}],"replies":[{"embeddable":true,"href":"https:\/\/www.vdsm.net\/wronline\/wp-json\/wp\/v2\/comments?post=28888"}],"version-history":[{"count":2,"href":"https:\/\/www.vdsm.net\/wronline\/wp-json\/wp\/v2\/posts\/28888\/revisions"}],"predecessor-version":[{"id":28893,"href":"https:\/\/www.vdsm.net\/wronline\/wp-json\/wp\/v2\/posts\/28888\/revisions\/28893"}],"wp:featuredmedia":[{"embeddable":true,"href":"https:\/\/www.vdsm.net\/wronline\/wp-json\/wp\/v2\/media\/28889"}],"wp:attachment":[{"href":"https:\/\/www.vdsm.net\/wronline\/wp-json\/wp\/v2\/media?parent=28888"}],"wp:term":[{"taxonomy":"category","embeddable":true,"href":"https:\/\/www.vdsm.net\/wronline\/wp-json\/wp\/v2\/categories?post=28888"},{"taxonomy":"post_tag","embeddable":true,"href":"https:\/\/www.vdsm.net\/wronline\/wp-json\/wp\/v2\/tags?post=28888"}],"curies":[{"name":"wp","href":"https:\/\/api.w.org\/{rel}","templated":true}]}}