{"id":28849,"date":"2022-06-15T16:36:05","date_gmt":"2022-06-15T14:36:05","guid":{"rendered":"https:\/\/www.vdsm.net\/wronline\/?p=28849"},"modified":"2022-06-20T12:40:24","modified_gmt":"2022-06-20T10:40:24","slug":"wirtschaftliche-kraft-in-politische-staerke-umzusetzen-gelingt-in-europa-nicht","status":"publish","type":"post","link":"https:\/\/www.vdsm.net\/wronline\/wirtschaftliche-kraft-in-politische-staerke-umzusetzen-gelingt-in-europa-nicht\/","title":{"rendered":"\u201eWirtschaftliche Kraft in politische St\u00e4rke umzusetzen, gelingt in Europa nicht\u201c"},"content":{"rendered":"<p>Mit Spannung erwarteten rund 100 interessierte Zuh\u00f6rerinnen und Zuh\u00f6rer den Vortrag des ARD-B\u00f6rsenexperten, Buchautors und TV-Journalist Markus G\u00fcrne zum Thema \u201eZeitenwende &#8211; Europas Rolle in einer ver\u00e4nderten Welt\u201c. Auf Einladung der Unternehmerschaft Siegen-Wittgenstein waren sie ins Haus der Siegerl\u00e4nder Wirtschaft nach Siegen gekommen. Dort verfolgten sie die aktuellen, wirtschaftlichen und politischen Vorg\u00e4nge in Europa und der Welt, die ihnen der ehemalige Auslandskorrespondent mit ungesch\u00f6ntem Blick n\u00e4herbrachte.<\/p>\n<p>Im Namen der Unternehmerschaft Siegen-Wittgenstein begr\u00fc\u00dfte deren Vorsitzender, Dipl.-Kfm. Christian F. Kocherscheidt, neben dem prominenten Referenten die interessierten Zuh\u00f6rerinnen und Zuh\u00f6rer und f\u00fchrte in die Problematik des Themas ein. Anhand der Schlagworte Corona-Pandemie, Ukraine-Krieg und Rohstoffkrise zeigte er auf, dass uns in Deutschland \u2013 und auch in Europa \u2013 immer erst dann bewusst wird, wie abh\u00e4ngig wir von anderen sind, wenn es fast zu sp\u00e4t ist. Daher h\u00e4tte das Thema des Abends aktuell nicht zutreffender sein k\u00f6nnen. \u201eVielleicht war der Druck nach Ver\u00e4nderung selten so hoch wie heute. Daher ben\u00f6tigen wir in Europa \u2013 insbesondere aber auch in Deutschland \u2013 einen neuen Ansatz. Wir m\u00fcssen weg von den Abh\u00e4ngigkeiten und hin zu mehr Eigeninitiative und Selbstbestimmung\u201c, sagte Dipl.-Kfm. Christian F. Kocherscheidt. Die Corona-Pandemie und deren Folgen h\u00e4tten viele Branchen und Unternehmen schon genug belastet und in ihrer wirtschaftlichen Entwicklung zur\u00fcckgeworfen. Jetzt m\u00fcssten wir uns \u00e4ndern und die Zeitenwende in Deutschland und Europa angehen. In dem Sinne leitete Kocherscheidt \u00fcber zum informativen und kurzweiligen Vortrag von Markus G\u00fcrne, in dem dieser die zunehmenden Probleme und Krisen in Europa und der Welt ansprach.<\/p>\n<div id=\"attachment_28854\" style=\"width: 310px\" class=\"wp-caption alignright\"><a href=\"https:\/\/www.vdsm.net\/wronline\/wp-content\/uploads\/2022\/06\/Markus-Guerne-4-Foto-Bahaa-Aldin-Banna-scaled.jpg\"><img loading=\"lazy\" decoding=\"async\" aria-describedby=\"caption-attachment-28854\" class=\"wp-image-28854 size-medium\" src=\"https:\/\/www.vdsm.net\/wronline\/wp-content\/uploads\/2022\/06\/Markus-Guerne-4-Foto-Bahaa-Aldin-Banna-300x122.jpg\" alt=\"\" width=\"300\" height=\"122\" srcset=\"https:\/\/www.vdsm.net\/wronline\/wp-content\/uploads\/2022\/06\/Markus-Guerne-4-Foto-Bahaa-Aldin-Banna-300x122.jpg 300w, https:\/\/www.vdsm.net\/wronline\/wp-content\/uploads\/2022\/06\/Markus-Guerne-4-Foto-Bahaa-Aldin-Banna-1024x416.jpg 1024w, https:\/\/www.vdsm.net\/wronline\/wp-content\/uploads\/2022\/06\/Markus-Guerne-4-Foto-Bahaa-Aldin-Banna-768x312.jpg 768w, https:\/\/www.vdsm.net\/wronline\/wp-content\/uploads\/2022\/06\/Markus-Guerne-4-Foto-Bahaa-Aldin-Banna-1536x624.jpg 1536w, https:\/\/www.vdsm.net\/wronline\/wp-content\/uploads\/2022\/06\/Markus-Guerne-4-Foto-Bahaa-Aldin-Banna-2048x832.jpg 2048w\" sizes=\"auto, (max-width: 300px) 100vw, 300px\" \/><\/a><p id=\"caption-attachment-28854\" class=\"wp-caption-text\">Rund 100 interessierte Zuh\u00f6rerinnen und Zuh\u00f6rer waren zum Vortrag ins Haus der Siegerl\u00e4nder Wirtschaft in Siegen gekommen. (Foto: Bahaa Aldin Banna)<\/p><\/div>\n<p>Gleich zu Beginn seiner Ausf\u00fchrungen zeigte der B\u00f6rsenexperte auf, wie b\u00fcrokratisch es in Europa zugeht und wie sehr uns die B\u00fcrokratie ausbremst. \u201eIn der EU gibt es Leuchten und keine Gl\u00fchbirnen und eine europ\u00e4ische Banane ist nur dann eine Banane, wenn sie einen Kr\u00fcmmungswinkel zwischen 16,8 und 21,57 Grad hat\u201c, sagte Markus G\u00fcrne augenzwinkernd. Es sei daher dringend eine Zeitenwende notwendig. Weiterhin sei die Welt zunehmend dynamisch und ungeheuer unsicher geworden. W\u00e4hrend in den 70er Jahren Arbeitslosigkeit ein gro\u00dfes Thema war, ist es heute der Fachkr\u00e4ftemangel. Hinzu k\u00e4men aktuell Probleme, wie die Rohstoffproblematik durch den Ukraine-Krieg und die hohe Inflation.<\/p>\n<p>Markus G\u00fcrne ging u.a. auch auf den Wohlstand von Europa ein, um den uns die Welt beneidet. \u201eNirgendwo gibt es eine so hohe Kaufkraft wie in Europa\u201c, sagt er. \u201eWirtschaftliche Kraft in politische St\u00e4rke umzusetzen, gelingt in Europa jedoch nicht\u201c, sagte der prominente Gast. \u201e ,Made in Germany\u201c ist Premium, bei Industrieg\u00fctern sind wir gut und bei Technologien hinken wir stark hinterher\u201c, sagt er. Ebenfalls stark ist Europa nach Auffassung G\u00fcrnes beim Mittelstand und familiengef\u00fchrten Unternehmen, was an den vielen \u201ehidden Champions\u201c deutlich wird.<\/p>\n<p>Markus G\u00fcrne ging auch auf den Ukraine-Konflikt ein. In dem Zusammenhang machte er deutlich, in welchem doppelten Dilemma wir in Europa sind. \u201eWir m\u00fcssen die Autarkie erh\u00f6hen, Abh\u00e4ngigkeiten reduzieren und dabei selbst Kosten in die Hand nehmen\u201c, sagte er. Das sei u.a. durch die Corona-Pandemie und die Ukraine-Krise besonders deutlich geworden. So sei es richtig, dass Deutschland endlich die Verteidigungsausgaben auf mehr als zwei Prozent anheben will. Zudem habe es Putin geschafft, Europa zu st\u00e4rken und die NATO auszuweiten. In dem Zusammenhang hob der Journalist auch hervor, dass der Ukraine-Konflikt ein Ausdruck wirtschaftspolitischer Ver\u00e4nderungen sei. So w\u00fcrde sich etwa China nicht davor scheuen, die Verknappung der Rohstoffe als Druckmittel gegen\u00fcber dem Westen zu verwenden.<\/p>\n<p>Der Ruf nach einem starken Staat ist daher so allgegenw\u00e4rtig wie noch nie. \u201eEs geht um Interessen. Politische Interessen, wirtschaftliche und soziale Interessen\u201c, sagte G\u00fcrne abschlie\u00dfend.<\/p>\n<p>Text: Julia F\u00f6rster<\/p>\n","protected":false},"excerpt":{"rendered":"<p>Mit Spannung erwarteten rund 100 interessierte Zuh\u00f6rerinnen und Zuh\u00f6rer den Vortrag des ARD-B\u00f6rsenexperten, Buchautors und TV-Journalist Markus G\u00fcrne zum Thema \u201eZeitenwende &#8211; Europas Rolle in&#8230;<\/p>\n","protected":false},"author":6,"featured_media":28853,"comment_status":"open","ping_status":"open","sticky":false,"template":"","format":"standard","meta":{"_jetpack_memberships_contains_paid_content":false,"footnotes":""},"categories":[1,32,4,30,11],"tags":[],"class_list":["post-28849","post","type-post","status-publish","format-standard","has-post-thumbnail","hentry","category-aktuell","category-infos","category-meinung","category-vermischtes","category-regionale-wirtschaft"],"jetpack_featured_media_url":"https:\/\/www.vdsm.net\/wronline\/wp-content\/uploads\/2022\/06\/Markus-Guerne-2-Foto-Julia-Foerster_WEB.jpg","jetpack_sharing_enabled":true,"_links":{"self":[{"href":"https:\/\/www.vdsm.net\/wronline\/wp-json\/wp\/v2\/posts\/28849","targetHints":{"allow":["GET"]}}],"collection":[{"href":"https:\/\/www.vdsm.net\/wronline\/wp-json\/wp\/v2\/posts"}],"about":[{"href":"https:\/\/www.vdsm.net\/wronline\/wp-json\/wp\/v2\/types\/post"}],"author":[{"embeddable":true,"href":"https:\/\/www.vdsm.net\/wronline\/wp-json\/wp\/v2\/users\/6"}],"replies":[{"embeddable":true,"href":"https:\/\/www.vdsm.net\/wronline\/wp-json\/wp\/v2\/comments?post=28849"}],"version-history":[{"count":6,"href":"https:\/\/www.vdsm.net\/wronline\/wp-json\/wp\/v2\/posts\/28849\/revisions"}],"predecessor-version":[{"id":28873,"href":"https:\/\/www.vdsm.net\/wronline\/wp-json\/wp\/v2\/posts\/28849\/revisions\/28873"}],"wp:featuredmedia":[{"embeddable":true,"href":"https:\/\/www.vdsm.net\/wronline\/wp-json\/wp\/v2\/media\/28853"}],"wp:attachment":[{"href":"https:\/\/www.vdsm.net\/wronline\/wp-json\/wp\/v2\/media?parent=28849"}],"wp:term":[{"taxonomy":"category","embeddable":true,"href":"https:\/\/www.vdsm.net\/wronline\/wp-json\/wp\/v2\/categories?post=28849"},{"taxonomy":"post_tag","embeddable":true,"href":"https:\/\/www.vdsm.net\/wronline\/wp-json\/wp\/v2\/tags?post=28849"}],"curies":[{"name":"wp","href":"https:\/\/api.w.org\/{rel}","templated":true}]}}