{"id":28838,"date":"2022-06-15T15:44:05","date_gmt":"2022-06-15T13:44:05","guid":{"rendered":"https:\/\/www.vdsm.net\/wronline\/?p=28838"},"modified":"2022-06-15T15:44:05","modified_gmt":"2022-06-15T13:44:05","slug":"industrie-und-handelskammern-arnsberg-hagen-und-siegen-veroeffentlichen-suedwestfalen-in-zahlen","status":"publish","type":"post","link":"https:\/\/www.vdsm.net\/wronline\/industrie-und-handelskammern-arnsberg-hagen-und-siegen-veroeffentlichen-suedwestfalen-in-zahlen\/","title":{"rendered":"Industrie- und Handelskammern Arnsberg, Hagen und Siegen ver\u00f6ffentlichen \u201eS\u00fcdwestfalen in Zahlen\u201c"},"content":{"rendered":"<p>\u201eDie Zahlen belegen eindrucksvoll: S\u00fcdwestfalen ist nach wie vor eine der st\u00e4rksten Industrieregionen. W\u00e4hrend bundes- und landesweit nur 28 Prozent beziehungsweise 26 Prozent der Besch\u00e4ftigten im produzierenden Gewerbe t\u00e4tig sind, k\u00f6nnen in S\u00fcdwestfalen \u00fcber 43 Prozent der Arbeitspl\u00e4tze der Industrie zugeordnet werden. Der Industrieumsatz legte im vergangenen Jahr st\u00e4rker zu als im Landesdurchschnitt. Er stieg in S\u00fcdwestfahlen um 12,2 Prozent, in NRW um 10,9 Prozent.\u201c Mit diesen Worten kommentiert Stephan H\u00e4ger, Leiter des Referats Konjunktur, Arbeitsmarkt und Statistik der IHK Siegen, die vierte Auflage von \u201eS\u00fcdwestfalen in Zahlen\u201c. Ein weiteres Kennzeichen der Industriest\u00e4rke der Region: 44 Prozent der Bruttowertsch\u00f6pfung ist dem produzierenden Gewerbe zuzuordnen. Im Vergleich hierzu f\u00e4llt sie in NRW mit 27 Prozent deutlich geringer aus. Zudem ist die Entwicklung der sozialversicherungspflichtig Besch\u00e4ftigten in S\u00fcdwestfalen positiv. Die Anzahl stieg von 2011 bis 2021 um fast 63.000 oder 12,5 Prozent.<\/p>\n<p>Stephan H\u00e4ger: \u201eDie in weiten Teilen ordentlichen Wirtschaftszahlen und die geringere Arbeitslosenquote im Vergleich zum Landesdurchschnitt wirken sich jedoch nicht positiv auf die demografische Entwicklung aus. Das ist insbesondere im Hinblick auf den Fachkr\u00e4ftemangel problematisch.\u201c Die Bev\u00f6lkerungsentwicklung ist entgegen dem Landes- und Bundestrend negativ. W\u00e4hrend in S\u00fcdwestfalen die Bev\u00f6lkerungsanzahl in den letzten zehn Jahren um fast 47.000 bzw. 3,3 Prozent sank, stieg sie in NRW um mehr als 80.000 bzw. 0,5 Prozent. Bundesweit legte die Bev\u00f6lkerungsentwicklung mit einem Plus von 1,7 Prozent sogar noch deutlicher zu. Auch der Anteil der j\u00fcngeren Erwachsenen (20 bis 49 Jahre) ist in der Region geringer. Gleichzeitig ist der Anteil der \u00fcber 50-J\u00e4hrigen um 2 Prozentpunkte h\u00f6her als im Landesdurchschnitt. \u201eDas Arbeitskr\u00e4fteangebot wird schrumpfen und den Fachkr\u00e4ftemangel in Zukunft noch verst\u00e4rken. Um diesen ein St\u00fcck weit zu begegnen, sind konsequente standortpolitische Entscheidungen notwendig\u201c, so Stephan H\u00e4ger weiter.<\/p>\n<p>Der Zahlenspiegel liefert zudem Informationen zur Kaufkraft und zu S\u00fcdwestfalens Weltmarktf\u00fchrern. \u201eS\u00fcdwestfalen in Zahlen\u201c ist unter <a href=\"https:\/\/www.ihk-siegen.de\/konjunktur-arbeitsmarkt-und-statistik\/statistische-daten-1\/\" target=\"_blank\" rel=\"noopener\">https:\/\/www.ihk-siegen.de\/konjunktur-arbeitsmarkt-und-statistik\/statistische-daten-1\/ <\/a>abrufbar.<\/p>\n<p>Text:\u00a0<a href=\"https:\/\/www.ihk-siegen.de\/\" target=\"_blank\" rel=\"noopener\">IHK Siegen<\/a><\/p>\n","protected":false},"excerpt":{"rendered":"<p>\u201eDie Zahlen belegen eindrucksvoll: S\u00fcdwestfalen ist nach wie vor eine der st\u00e4rksten Industrieregionen. W\u00e4hrend bundes- und landesweit nur 28 Prozent beziehungsweise 26 Prozent der Besch\u00e4ftigten&#8230;<\/p>\n","protected":false},"author":6,"featured_media":4018,"comment_status":"open","ping_status":"open","sticky":false,"template":"","format":"standard","meta":{"_jetpack_memberships_contains_paid_content":false,"footnotes":""},"categories":[32,30,11],"tags":[],"class_list":["post-28838","post","type-post","status-publish","format-standard","has-post-thumbnail","hentry","category-infos","category-vermischtes","category-regionale-wirtschaft"],"jetpack_featured_media_url":"https:\/\/www.vdsm.net\/wronline\/wp-content\/uploads\/2016\/06\/wronline-ihk.jpg","jetpack_sharing_enabled":true,"_links":{"self":[{"href":"https:\/\/www.vdsm.net\/wronline\/wp-json\/wp\/v2\/posts\/28838","targetHints":{"allow":["GET"]}}],"collection":[{"href":"https:\/\/www.vdsm.net\/wronline\/wp-json\/wp\/v2\/posts"}],"about":[{"href":"https:\/\/www.vdsm.net\/wronline\/wp-json\/wp\/v2\/types\/post"}],"author":[{"embeddable":true,"href":"https:\/\/www.vdsm.net\/wronline\/wp-json\/wp\/v2\/users\/6"}],"replies":[{"embeddable":true,"href":"https:\/\/www.vdsm.net\/wronline\/wp-json\/wp\/v2\/comments?post=28838"}],"version-history":[{"count":1,"href":"https:\/\/www.vdsm.net\/wronline\/wp-json\/wp\/v2\/posts\/28838\/revisions"}],"predecessor-version":[{"id":28839,"href":"https:\/\/www.vdsm.net\/wronline\/wp-json\/wp\/v2\/posts\/28838\/revisions\/28839"}],"wp:featuredmedia":[{"embeddable":true,"href":"https:\/\/www.vdsm.net\/wronline\/wp-json\/wp\/v2\/media\/4018"}],"wp:attachment":[{"href":"https:\/\/www.vdsm.net\/wronline\/wp-json\/wp\/v2\/media?parent=28838"}],"wp:term":[{"taxonomy":"category","embeddable":true,"href":"https:\/\/www.vdsm.net\/wronline\/wp-json\/wp\/v2\/categories?post=28838"},{"taxonomy":"post_tag","embeddable":true,"href":"https:\/\/www.vdsm.net\/wronline\/wp-json\/wp\/v2\/tags?post=28838"}],"curies":[{"name":"wp","href":"https:\/\/api.w.org\/{rel}","templated":true}]}}