{"id":28831,"date":"2022-06-14T10:49:34","date_gmt":"2022-06-14T08:49:34","guid":{"rendered":"https:\/\/www.vdsm.net\/wronline\/?p=28831"},"modified":"2022-06-14T10:53:13","modified_gmt":"2022-06-14T08:53:13","slug":"19-kemper-mitarbeiter-fuer-langjaehrige-treue-geehrt","status":"publish","type":"post","link":"https:\/\/www.vdsm.net\/wronline\/19-kemper-mitarbeiter-fuer-langjaehrige-treue-geehrt\/","title":{"rendered":"19 Kemper-Mitarbeiter f\u00fcr langj\u00e4hrige Treue geehrt"},"content":{"rendered":"<p>Herzliche Gl\u00fcckw\u00fcnsche nahmen 13 Mitarbeiter der Gebr. Kemper GmbH + Co. KG pers\u00f6nlich entgegen. Sie feierten ihr 25-, 40- oder 45-j\u00e4hriges Arbeitsjubil\u00e4um im Technikum in Olpe. Besondere Gratulationen kamen von der gesamten Gesch\u00e4ftsf\u00fchrung, der Beiratsvorsitzenden Tessa Bertram, den jeweiligen Vorgesetzten sowie den Betriebsr\u00e4ten.<\/p>\n<p>Die Ehrungen sowie die \u00dcbergabe der Urkunden und Geschenke wurden von den Gesch\u00e4ftsf\u00fchrern Christian K\u00fcster, Dr. Michael Rehse und Martin Thiel vorgenommen. Sie bedankten sich bei den Besch\u00e4ftigten f\u00fcr die engagierte und treue Mitarbeit sowie ihren langj\u00e4hrigen Einsatz f\u00fcr das Unternehmen. \u201eAllein vier Mitarbeiter sind diesmal dabei, die schon 45 Jahre dem Unternehmen die Treue halten. Zwei weitere Personen arbeiten schon 40 Jahre f\u00fcr uns &#8211; darauf sind wir nat\u00fcrlich besonders stolz\u201c, freute sich Christian K\u00fcster.<\/p>\n<p>Folgende 19 Mitarbeiter haben in diesem Jahr Arbeitsjubil\u00e4um: <strong>25 Jahre:<\/strong> Demjan Wassmann, Edo Rocholl, Michael Jung, Wolfgang Hermes, Peter Steckelberg, Phongthip Singngamdee, Christof Arens, Ulrich Petzolt, Wolfgang Sondermann, Holger Jahn, J\u00fcrgen Friedhoff, Christian Niclas und Peter Arns. <strong>40 Jahre:<\/strong> Stefan Pohl und Heinz-J\u00fcrgen Schneider. <strong>45 Jahre:<\/strong> Johannes Hecken, Martin Voss, Antonius K\u00e4seberg und Andreas Wurm.<\/p>\n<p>Text und Foto: <a href=\"https:\/\/www.kemper-olpe.de\/de\/home\/\" target=\"_blank\" rel=\"noopener\">Gebr. Kemper GmbH + Co. KG<\/a><\/p>\n","protected":false},"excerpt":{"rendered":"<p>Herzliche Gl\u00fcckw\u00fcnsche nahmen 13 Mitarbeiter der Gebr. Kemper GmbH + Co. KG pers\u00f6nlich entgegen. Sie feierten ihr 25-, 40- oder 45-j\u00e4hriges Arbeitsjubil\u00e4um im Technikum in&#8230;<\/p>\n","protected":false},"author":6,"featured_media":28832,"comment_status":"open","ping_status":"open","sticky":false,"template":"","format":"standard","meta":{"_jetpack_memberships_contains_paid_content":false,"footnotes":""},"categories":[1,32,10],"tags":[],"class_list":["post-28831","post","type-post","status-publish","format-standard","has-post-thumbnail","hentry","category-aktuell","category-infos","category-unternehmen"],"jetpack_featured_media_url":"https:\/\/www.vdsm.net\/wronline\/wp-content\/uploads\/2022\/06\/Jubilarfeier-Foto-Kemper_WEB.jpg","jetpack_sharing_enabled":true,"_links":{"self":[{"href":"https:\/\/www.vdsm.net\/wronline\/wp-json\/wp\/v2\/posts\/28831","targetHints":{"allow":["GET"]}}],"collection":[{"href":"https:\/\/www.vdsm.net\/wronline\/wp-json\/wp\/v2\/posts"}],"about":[{"href":"https:\/\/www.vdsm.net\/wronline\/wp-json\/wp\/v2\/types\/post"}],"author":[{"embeddable":true,"href":"https:\/\/www.vdsm.net\/wronline\/wp-json\/wp\/v2\/users\/6"}],"replies":[{"embeddable":true,"href":"https:\/\/www.vdsm.net\/wronline\/wp-json\/wp\/v2\/comments?post=28831"}],"version-history":[{"count":1,"href":"https:\/\/www.vdsm.net\/wronline\/wp-json\/wp\/v2\/posts\/28831\/revisions"}],"predecessor-version":[{"id":28833,"href":"https:\/\/www.vdsm.net\/wronline\/wp-json\/wp\/v2\/posts\/28831\/revisions\/28833"}],"wp:featuredmedia":[{"embeddable":true,"href":"https:\/\/www.vdsm.net\/wronline\/wp-json\/wp\/v2\/media\/28832"}],"wp:attachment":[{"href":"https:\/\/www.vdsm.net\/wronline\/wp-json\/wp\/v2\/media?parent=28831"}],"wp:term":[{"taxonomy":"category","embeddable":true,"href":"https:\/\/www.vdsm.net\/wronline\/wp-json\/wp\/v2\/categories?post=28831"},{"taxonomy":"post_tag","embeddable":true,"href":"https:\/\/www.vdsm.net\/wronline\/wp-json\/wp\/v2\/tags?post=28831"}],"curies":[{"name":"wp","href":"https:\/\/api.w.org\/{rel}","templated":true}]}}