{"id":28823,"date":"2022-06-13T15:35:56","date_gmt":"2022-06-13T13:35:56","guid":{"rendered":"https:\/\/www.vdsm.net\/wronline\/?p=28823"},"modified":"2022-06-13T15:38:01","modified_gmt":"2022-06-13T13:38:01","slug":"erich-utsch-ag-ist-erfolgreich-auf-dem-weg-zu-mehr-klima-resilienz","status":"publish","type":"post","link":"https:\/\/www.vdsm.net\/wronline\/erich-utsch-ag-ist-erfolgreich-auf-dem-weg-zu-mehr-klima-resilienz\/","title":{"rendered":"Erich Utsch AG ist erfolgreich auf dem Weg zu mehr Klima-Resilienz"},"content":{"rendered":"<p>Im Rahmen eines Programms des Landes NRW, des Kreises Siegen-Wittgenstein, der RWTH Aachen und der TU Dortmund wurde der Erich Utsch AG am 30. Mai 2022 in Dortmund von Markus Menn (Fachbereich Klimaschutz und Mobilit\u00e4t vom Kreis Siegen- Wittgenstein) offiziell das <a href=\"https:\/\/www.utsch.com\/Unternehmen\/Ueber-Utsch\/Zertifizierungen\/\" target=\"_blank\" rel=\"noopener\"><u>Zertifikat<\/u><u> \u201eKlimas<\/u><u>icheres<\/u><u> Unternehmen\u201c<\/u><\/a>\u00a0\u00fcberreicht.<\/p>\n<p>\u00dcberflutungen, St\u00fcrme, Hitzewellen &#8211; extreme Wetterereignisse nehmen als Folge des Klimawandels auch in Deutschland zu und gef\u00e4hrden nicht nur Menschenleben, sondern auch wirtschaftliche Existenzen, etwa, wenn Produktionsanlagen durch Unwettersch\u00e4den ausfallen oder Lieferketten nachhaltig gest\u00f6rt werden.<\/p>\n<p>\u201eWas fr\u00fcher an Unwettern als Ausnahmeerscheinung und Jahrhundertereignis bezeichnet wurde, hat mittlerweile einen beunruhigend kontinuierlichen Charakter bekommen\u201c, so Dominic H\u00f6ffgen, Vorstand der Erich Utsch AG. F\u00fcr eine moderne und verantwortungsvolle Unternehmensf\u00fchrung sei daher die Frage entscheidend: Wie geht man strategisch mit solchen Extremen um und wie kann man deren Auswirkungen auf den eigenen Gesch\u00e4ftsbetrieb minimieren um klimaresilient werden?<\/p>\n<p>Einen Weg dahin bietet das Land Nordrhein-Westfalen im Rahmen des Klimaanpassungsgesetzes und dem darin enthaltenen Angebot an Unternehmen, sich im Rahmen eines Evaluationsverfahrens als \u201eKlimasicheres Unternehme\u201c zertifizieren zu lassen. Diesen Prozess hat die Erich Utsch AG unter Federf\u00fchrung des Projektteams \u201eKlimaSicher\u201c (bestehend aus Thomas Gr\u00fcger und Gerhard Blecher) in den vergangenen Monaten erfolgreich durchlaufen.<\/p>\n<p>\u201eMit der Zertifizierung als klimasicheres Unternehmen wollen wir das Signal an unsere Kunden und Partner senden, dass wir Klimarisiken ernst nehmen und uns bestm\u00f6glich auf alle Eventualit\u00e4ten vorbereiten wollen, soweit dies technisch machbar und menschenm\u00f6glich ist\u201c, so Gr\u00fcger. Letztlich gehe es dabei auch um den hart erarbeiteten Ruf als zuverl\u00e4ssiger Lieferant und Dienstleister, ein wichtiges Aktivum also f\u00fcr die starke Marktstellung von UTSCH im In- und Ausland.<\/p>\n<p>Laut Gerhard Blecher wolle man sich auf der frisch erworbenen Zertifizierung daher nicht ausruhen, im Gegenteil: \u201eDas Konzept des klimasicheren Unternehmens erfordert eine st\u00e4ndige Anpassung und \u00dcberpr\u00fcfung der getroffenen Ma\u00dfnahmen, auch und insbesondere mit Blick auf die aktuellen und potentiellen Gefahrenlagen \u2013 hier sind wir bereit, dauerhaft Verantwortung f\u00fcr uns und andere zu \u00fcbernehmen\u201c.<\/p>\n<p>Text und Foto:\u00a0<a href=\"https:\/\/www.utsch.com\/\" target=\"_blank\" rel=\"noopener noreferrer\">Erich Utsch AG<\/a><\/p>\n","protected":false},"excerpt":{"rendered":"<p>Im Rahmen eines Programms des Landes NRW, des Kreises Siegen-Wittgenstein, der RWTH Aachen und der TU Dortmund wurde der Erich Utsch AG am 30. Mai&#8230;<\/p>\n","protected":false},"author":6,"featured_media":28824,"comment_status":"open","ping_status":"open","sticky":false,"template":"","format":"standard","meta":{"_jetpack_memberships_contains_paid_content":false,"footnotes":""},"categories":[1,32,10],"tags":[],"class_list":["post-28823","post","type-post","status-publish","format-standard","has-post-thumbnail","hentry","category-aktuell","category-infos","category-unternehmen"],"jetpack_featured_media_url":"https:\/\/www.vdsm.net\/wronline\/wp-content\/uploads\/2022\/06\/Zertifikat-Verleihung-Website_WEB.jpg","jetpack_sharing_enabled":true,"_links":{"self":[{"href":"https:\/\/www.vdsm.net\/wronline\/wp-json\/wp\/v2\/posts\/28823","targetHints":{"allow":["GET"]}}],"collection":[{"href":"https:\/\/www.vdsm.net\/wronline\/wp-json\/wp\/v2\/posts"}],"about":[{"href":"https:\/\/www.vdsm.net\/wronline\/wp-json\/wp\/v2\/types\/post"}],"author":[{"embeddable":true,"href":"https:\/\/www.vdsm.net\/wronline\/wp-json\/wp\/v2\/users\/6"}],"replies":[{"embeddable":true,"href":"https:\/\/www.vdsm.net\/wronline\/wp-json\/wp\/v2\/comments?post=28823"}],"version-history":[{"count":2,"href":"https:\/\/www.vdsm.net\/wronline\/wp-json\/wp\/v2\/posts\/28823\/revisions"}],"predecessor-version":[{"id":28826,"href":"https:\/\/www.vdsm.net\/wronline\/wp-json\/wp\/v2\/posts\/28823\/revisions\/28826"}],"wp:featuredmedia":[{"embeddable":true,"href":"https:\/\/www.vdsm.net\/wronline\/wp-json\/wp\/v2\/media\/28824"}],"wp:attachment":[{"href":"https:\/\/www.vdsm.net\/wronline\/wp-json\/wp\/v2\/media?parent=28823"}],"wp:term":[{"taxonomy":"category","embeddable":true,"href":"https:\/\/www.vdsm.net\/wronline\/wp-json\/wp\/v2\/categories?post=28823"},{"taxonomy":"post_tag","embeddable":true,"href":"https:\/\/www.vdsm.net\/wronline\/wp-json\/wp\/v2\/tags?post=28823"}],"curies":[{"name":"wp","href":"https:\/\/api.w.org\/{rel}","templated":true}]}}