{"id":28817,"date":"2022-06-13T15:08:23","date_gmt":"2022-06-13T13:08:23","guid":{"rendered":"https:\/\/www.vdsm.net\/wronline\/?p=28817"},"modified":"2022-06-13T15:15:20","modified_gmt":"2022-06-13T13:15:20","slug":"mit-startpunkt57-in-die-hoehle-der-loewen-und-noch-weiter-meilensteine-eines-start-ups","status":"publish","type":"post","link":"https:\/\/www.vdsm.net\/wronline\/mit-startpunkt57-in-die-hoehle-der-loewen-und-noch-weiter-meilensteine-eines-start-ups\/","title":{"rendered":"Mit Startpunkt57 in \u201eDie H\u00f6hle der L\u00f6wen\u201c und noch weiter \u2013 Meilensteine eines Start-ups"},"content":{"rendered":"<p>Anfang Mai wurde ein Millionenpublikum Zeuge, wie Torsten Schuh den Deal klarmachte. Er hatte sich in die VOX-TV-Show \u201eDie H\u00f6hle der L\u00f6wen\u201c gewagt, konnte gleich zwei Investoren von seinem Vorhaben \u00fcberzeugen und entschied sich f\u00fcr Ralf D\u00fcmmel, Inhaber der DS Group. Wie der Gr\u00fcnder gestartet ist und welche Meilensteine er zur\u00fcckgelegt hat, verriet er in einem Interview.<\/p>\n<p>Die Idee zu Hans Ranke wurde Ende 2018 geboren: Eine gesunde und schnelle Mahlzeit auf Basis von H\u00fclsenfr\u00fcchten. Ein \u00f6ffentliches Testessen gab Gewissheit \u00fcber die gute Rezeptur und 2019 konnte das Start-up das Gr\u00fcnderstipendium NRW f\u00fcr sich gewinnen. Die breit aufgestellten Netzwerke des Gr\u00fcnderb\u00fcros der Universit\u00e4t Siegen und der Sparkasse Siegen unterst\u00fctzten Torsten Schuh in der kommenden Planungsphase. Mit dem Einstieg des Siegerlandfonds als Mitgesellschafter kam es im Sommer 2020 zur Gr\u00fcndung von \u201eHans Ranke\u201c in Siegen. Kurz danach startete die Crowdfundingkampagne zur Finanzierung der Erstproduktion und erzielte 30.000 Euro. Der n\u00e4chste Schritt, die Listung im regionalen Lebensmittelhandel, erfolgte und Torsten Schuh bewarb sich bei \u201eDie H\u00f6hle der L\u00f6wen\u201c.<\/p>\n<p>Auf die Frage, was sich f\u00fcr das Start-up durch den Deal ver\u00e4ndert hat und welche Vorteile dieser mit sich bringt, antwortet Torsten Schuh: \u201eDie Erh\u00f6hung der Aufmerksamkeit, die Steigerung der Reichweite und die Erweiterung des Netzwerks durch die Kontakte des Investors. So finden Kunden die 3-Minuten-Mahlzeiten von Hans Ranke ab sofort bundesweit in vielen Lebensmittelm\u00e4rkten und auf anderen Vertriebsplattformen.\u201c<\/p>\n<p>Dass die enge Zusammenarbeit der am Gr\u00fcndungsprozess beteiligten Einrichtungen wesentlich zu diesem Erfolg beigetragen hat, wei\u00df Torsten Schuh sehr zu sch\u00e4tzen. Startpunkt57 als regionale Gr\u00fcnderinitiative b\u00fcndelt diese kompetenten Ansprechpartner und schafft somit ein Netzwerk, von dem Gr\u00fcnderinnen und Gr\u00fcnder in Siegen-Wittgenstein profitieren. Neben der Universit\u00e4t, der Sparkasse Siegen und dem Siegerlandfonds sind derzeit 18 weitere Partnereinrichtungen Mitglied in Startpunkt57.<\/p>\n<p>Mit dem Einstieg des Investors D\u00fcmmel und mit dessen Vertriebsnetzwerk im R\u00fccken plant das Start-up Hans Ranke f\u00fcr die Zukunft eine Erweiterung des Sortiments, um weitere vollwertige, schnelle und leckere Ideen f\u00fcr seine Kunden anzubieten.<\/p>\n<p>Startpunkt57 und das ventUS-Programm der Universit\u00e4t Siegen unterst\u00fctzen Gr\u00fcnderinnen, Gr\u00fcnder und ihre innovativen Gesch\u00e4ftsideen mit Coachings, Netzwerken und Workshops. Weitere Hinweise zu diesem Inkubatorprogramm gibt es unter <a href=\"http:\/\/www.one-small-step.io\" target=\"_blank\" rel=\"noopener\">www.one-small-step.io<\/a>.<\/p>\n<p>Text: <a href=\"https:\/\/www.startpunkt57.de\/\" target=\"_blank\" rel=\"noopener\">Startpunkt57 &#8211; Die Initiative f\u00fcr Gr\u00fcnder e.V.<\/a>; Foto: RTL, Bernd-Michael Maurer<\/p>\n","protected":false},"excerpt":{"rendered":"<p>Anfang Mai wurde ein Millionenpublikum Zeuge, wie Torsten Schuh den Deal klarmachte. Er hatte sich in die VOX-TV-Show \u201eDie H\u00f6hle der L\u00f6wen\u201c gewagt, konnte gleich&#8230;<\/p>\n","protected":false},"author":6,"featured_media":28818,"comment_status":"open","ping_status":"open","sticky":false,"template":"","format":"standard","meta":{"_jetpack_memberships_contains_paid_content":false,"footnotes":""},"categories":[32,30,11],"tags":[],"class_list":["post-28817","post","type-post","status-publish","format-standard","has-post-thumbnail","hentry","category-infos","category-vermischtes","category-regionale-wirtschaft"],"jetpack_featured_media_url":"https:\/\/www.vdsm.net\/wronline\/wp-content\/uploads\/2022\/06\/Torsten-Schuh-und-Ralf-Duemmel_WEB.jpg","jetpack_sharing_enabled":true,"_links":{"self":[{"href":"https:\/\/www.vdsm.net\/wronline\/wp-json\/wp\/v2\/posts\/28817","targetHints":{"allow":["GET"]}}],"collection":[{"href":"https:\/\/www.vdsm.net\/wronline\/wp-json\/wp\/v2\/posts"}],"about":[{"href":"https:\/\/www.vdsm.net\/wronline\/wp-json\/wp\/v2\/types\/post"}],"author":[{"embeddable":true,"href":"https:\/\/www.vdsm.net\/wronline\/wp-json\/wp\/v2\/users\/6"}],"replies":[{"embeddable":true,"href":"https:\/\/www.vdsm.net\/wronline\/wp-json\/wp\/v2\/comments?post=28817"}],"version-history":[{"count":4,"href":"https:\/\/www.vdsm.net\/wronline\/wp-json\/wp\/v2\/posts\/28817\/revisions"}],"predecessor-version":[{"id":28822,"href":"https:\/\/www.vdsm.net\/wronline\/wp-json\/wp\/v2\/posts\/28817\/revisions\/28822"}],"wp:featuredmedia":[{"embeddable":true,"href":"https:\/\/www.vdsm.net\/wronline\/wp-json\/wp\/v2\/media\/28818"}],"wp:attachment":[{"href":"https:\/\/www.vdsm.net\/wronline\/wp-json\/wp\/v2\/media?parent=28817"}],"wp:term":[{"taxonomy":"category","embeddable":true,"href":"https:\/\/www.vdsm.net\/wronline\/wp-json\/wp\/v2\/categories?post=28817"},{"taxonomy":"post_tag","embeddable":true,"href":"https:\/\/www.vdsm.net\/wronline\/wp-json\/wp\/v2\/tags?post=28817"}],"curies":[{"name":"wp","href":"https:\/\/api.w.org\/{rel}","templated":true}]}}