{"id":28812,"date":"2022-06-13T10:49:52","date_gmt":"2022-06-13T08:49:52","guid":{"rendered":"https:\/\/www.vdsm.net\/wronline\/?p=28812"},"modified":"2022-06-13T10:49:52","modified_gmt":"2022-06-13T08:49:52","slug":"kreisklinikum-siegen-erhaelt-spende-fuer-die-behandlung-von-als-patienten-in-der-region","status":"publish","type":"post","link":"https:\/\/www.vdsm.net\/wronline\/kreisklinikum-siegen-erhaelt-spende-fuer-die-behandlung-von-als-patienten-in-der-region\/","title":{"rendered":"Kreisklinikum Siegen erh\u00e4lt Spende f\u00fcr die Behandlung von ALS-Patienten in der Region"},"content":{"rendered":"<p>\u00dcber die stolze Spendensumme von 500 Euro durfte sich k\u00fcrzlich die Klinik f\u00fcr Neurologie des Kreisklinikum Siegen freuen. Gesammelt wurde das Geld im Rahmen eines Benefizkonzerts des Bach-Chors Siegen, welches Anfang M\u00e4rz unter dem Titel \u201eSolitude\u201c stattfand. Mit den Einnahmen wird ein Teil der Kosten eines Hospitationsstipendiums f\u00fcr einen Arzt des Kreisklinikums an der ALS-Ambulanz der Berliner Charit\u00e9 finanziert und somit die Versorgung von Patienten mit der Krankheit Amyotrophe Lateralsklerose, kurz ALS, verbessert. Initiiert wurde das Konzert durch Fl\u00f6tistin Almut Pieck, die Mitglied im Bach-Chor Siegen ist und im privaten Umfeld mit der Erkrankung ALS in Kontakt kam.<\/p>\n<p>\u201eWir freuen uns sehr \u00fcber die Spende des Bach-Chors Siegen. Durch die Hospitation in Berlin k\u00f6nnen wir noch mehr Know-How zur Erkrankung ins Siegerland holen und das Niveau der Versorgung von ALS-Patienten weiter steigern\u201c, erkl\u00e4rt Prof. Dr. Martin Grond, \u00c4rztlicher Direktor und Chefarzt der Klinik f\u00fcr Neurologie am Kreisklinikum Siegen. Auch Dr. Mathias Scheer, 1. Vorsitzender des Bach-Chors zeigte sich gl\u00fccklich dar\u00fcber, dass das Konzert, trotz der aktuellen Bedingungen, Anfang M\u00e4rz stattfinden konnte: \u201eDas Benefizkonzert war eine der ersten Veranstaltungen, welche wir nach der pandemiebedingten Pause wieder durchf\u00fchren konnten. Umso sch\u00f6ner ist es nat\u00fcrlich, dass diese Veranstaltung einem guten Zweck gedient hat\u201c, so Dr. Scheer.<\/p>\n<p>Eine Wiederholung des Benefizkonzerts, um noch weitere Spenden f\u00fcr die Finanzierung des Stipendiums zu sammeln, schlie\u00dfen alle Beteiligten nicht aus. \u201eDa das Konzert, trotz der schwierigen Rahmenbedingungen, so einen guten Anklang fand, laufen derzeit \u00dcberlegungen das Ganze nochmal im Sommer zu wiederholen\u201c, erl\u00e4utert Initiatorin Almut Pieck.<\/p>\n<p>Bei ALS handelt es sich um eine chronisch-degenerative Erkrankung des Nervensystems, bei der durch den Untergang von Nervenzellen fortschreitende Muskell\u00e4hmungen, Schluckst\u00f6rungen und Sprechst\u00f6rungen entstehen wobei die Betroffenen den Krankheitsverlauf bei vollem Bewusstsein erleben. Die Erkrankung gilt mit nur 1 bis 3 F\u00e4llen pro 100.000 Einwohner als selten. ALS tritt typischerweise nach dem 50. und vor dem 70. Lebensjahr auf, mit meist rasch fortschreitendem degenerativen Verlauf, bei einer Lebenserwartung von nur wenigen Jahren. M\u00e4nner sind dabei etwas h\u00e4ufiger betroffen als Frauen.<\/p>\n<p>Text und Foto:\u00a0<a href=\"https:\/\/www.kreisklinikum-siegen.de\/\" target=\"_blank\" rel=\"noopener\">Kreisklinikum Siegen GmbH<\/a><\/p>\n","protected":false},"excerpt":{"rendered":"<p>\u00dcber die stolze Spendensumme von 500 Euro durfte sich k\u00fcrzlich die Klinik f\u00fcr Neurologie des Kreisklinikum Siegen freuen. Gesammelt wurde das Geld im Rahmen eines&#8230;<\/p>\n","protected":false},"author":6,"featured_media":28815,"comment_status":"open","ping_status":"open","sticky":false,"template":"","format":"standard","meta":{"_jetpack_memberships_contains_paid_content":false,"footnotes":""},"categories":[32,30,10],"tags":[],"class_list":["post-28812","post","type-post","status-publish","format-standard","has-post-thumbnail","hentry","category-infos","category-vermischtes","category-unternehmen"],"jetpack_featured_media_url":"https:\/\/www.vdsm.net\/wronline\/wp-content\/uploads\/2022\/06\/SPENDE4.jpg","jetpack_sharing_enabled":true,"_links":{"self":[{"href":"https:\/\/www.vdsm.net\/wronline\/wp-json\/wp\/v2\/posts\/28812","targetHints":{"allow":["GET"]}}],"collection":[{"href":"https:\/\/www.vdsm.net\/wronline\/wp-json\/wp\/v2\/posts"}],"about":[{"href":"https:\/\/www.vdsm.net\/wronline\/wp-json\/wp\/v2\/types\/post"}],"author":[{"embeddable":true,"href":"https:\/\/www.vdsm.net\/wronline\/wp-json\/wp\/v2\/users\/6"}],"replies":[{"embeddable":true,"href":"https:\/\/www.vdsm.net\/wronline\/wp-json\/wp\/v2\/comments?post=28812"}],"version-history":[{"count":2,"href":"https:\/\/www.vdsm.net\/wronline\/wp-json\/wp\/v2\/posts\/28812\/revisions"}],"predecessor-version":[{"id":28816,"href":"https:\/\/www.vdsm.net\/wronline\/wp-json\/wp\/v2\/posts\/28812\/revisions\/28816"}],"wp:featuredmedia":[{"embeddable":true,"href":"https:\/\/www.vdsm.net\/wronline\/wp-json\/wp\/v2\/media\/28815"}],"wp:attachment":[{"href":"https:\/\/www.vdsm.net\/wronline\/wp-json\/wp\/v2\/media?parent=28812"}],"wp:term":[{"taxonomy":"category","embeddable":true,"href":"https:\/\/www.vdsm.net\/wronline\/wp-json\/wp\/v2\/categories?post=28812"},{"taxonomy":"post_tag","embeddable":true,"href":"https:\/\/www.vdsm.net\/wronline\/wp-json\/wp\/v2\/tags?post=28812"}],"curies":[{"name":"wp","href":"https:\/\/api.w.org\/{rel}","templated":true}]}}