{"id":28748,"date":"2022-06-03T12:02:33","date_gmt":"2022-06-03T10:02:33","guid":{"rendered":"https:\/\/www.vdsm.net\/wronline\/?p=28748"},"modified":"2022-06-03T12:03:05","modified_gmt":"2022-06-03T10:03:05","slug":"neuauflage-der-workshopreihe-gesundheitsscouts-startet-am-23-juni","status":"publish","type":"post","link":"https:\/\/www.vdsm.net\/wronline\/neuauflage-der-workshopreihe-gesundheitsscouts-startet-am-23-juni\/","title":{"rendered":"Neuauflage der Workshopreihe \u201eGesundheitsscouts\u201c startet am 23. Juni"},"content":{"rendered":"<p>Angesichts des demografischen Wandels und des Fachkr\u00e4ftemangels erweist sich die betriebliche Gesundheitsf\u00f6rderung als ein immer wichtigeres Instrument, um Mitarbeiter im Unternehmen zu halten sowie Zufriedenheit, Leistungsniveau und Motivation zu steigern. Daher wird der \u201eArbeitskreis Demografie\u201c, dem unter anderem die Regionalagentur der Kreise Siegen-Wittgenstein und Olpe sowie die IHK Siegen angeh\u00f6ren, zum zweiten Mal die Workshop-Reihe \u201eGesundheitsscouts \u2013 Mehr Gesundheit im Unternehmen\u201c durchf\u00fchren. Stephan H\u00e4ger, Referatsleiter der IHK Siegen: \u201eWenn es darum geht, das Gesundheitsbewusstsein zu f\u00f6rdern, herrscht bei einigen Unternehmen noch Unsicherheit dar\u00fcber, welche Ma\u00dfnahmen wirklich sinnvoll und zielf\u00fchrend sind. Dabei lohnen sich Investitionen in die betriebliche Gesundheitsf\u00f6rderung, in gesunde Ern\u00e4hrung und in mehr Bewegung. Zudem r\u00fcckt die psychische Gesundheit immer mehr in den Fokus. Jeder Euro, der in Pr\u00e4ventionsma\u00dfnahmen investiert wird, kann sich doppelt und dreifach auszahlen. Genau hier setzt unsere Workshop-Reihe an.\u201c<\/p>\n<p>Die kostenfreie Workshop-Reihe zielt darauf ab, insbesondere kleine und mittelst\u00e4ndische Unternehmen noch st\u00e4rker f\u00fcr das Thema zu sensibilisieren. Die Auftakt-Veranstaltung findet am Donnerstag, 23. Juni von 16.00 bis 18.30 Uhr in der IHK Siegen statt. Dr. Anne M\u00fcller von der Technologieberatungsstelle Dortmund f\u00fchrt in das Thema ein und wird der Frage auf den Grund gehen, was Besch\u00e4ftigte gesund h\u00e4lt. Bis November werden in f\u00fcnf Workshops unterschiedliche gesundheitsrelevante Themenschwerpunkte behandelt. Experten vermitteln ihr Fach- und Methodenwissen anhand praktischer Beispiele. Neben den Impulsvortr\u00e4gen stehen verschiedene Praxis\u00fcbungen im Mittelpunkt.<\/p>\n<p>Eine Anmeldung ist bis Mittwoch, 15. Juni m\u00f6glich \u00fcber:<\/p>\n<p>Mona Dachmann: 0271 333-1171, <a href=\"mailto:m.dachmann@siegen-wittgenstein.de\">m.dachmann@siegen-wittgenstein.de <\/a><\/p>\n<p>Stephan H\u00e4ger: 0271 3302-315, <a href=\"mailto:stephan.haeger@siegen.ihk.de\">stephan.haeger@siegen.ihk.de <\/a><\/p>\n<p><strong>Zum Hintergrund:<\/strong><\/p>\n<p>Der \u201eArbeitskreis Demografie\u201c setzt sich aus der federf\u00fchrenden Regionalagentur der Kreise Siegen-Wittgenstein und Olpe, der IHK Siegen, dem Arbeitsmedizinischen Zentrum Siegerland e.V., der AOK Nordwest Regionaldirektion Siegen, dem Deutschen Gewerkschaftsbund Region S\u00fcdwestfalen, den Arbeitgeberverb\u00e4nden Siegen-Wittgenstein, der Universit\u00e4t Siegen sowie dem Kreis Siegen-Wittgenstein zusammen. Ziel der regionalen Kooperation ist ein gemeinsames Service- und Informationsangebot zum Thema Gesundheitsmanagement, insbesondere f\u00fcr die betriebliche Praxis.<\/p>\n<p>Text: <a href=\"http:\/\/www.ihk-siegen.de\" target=\"_blank\" rel=\"noopener\">IHK Siegen<\/a><\/p>\n","protected":false},"excerpt":{"rendered":"<p>Angesichts des demografischen Wandels und des Fachkr\u00e4ftemangels erweist sich die betriebliche Gesundheitsf\u00f6rderung als ein immer wichtigeres Instrument, um Mitarbeiter im Unternehmen zu halten sowie Zufriedenheit,&#8230;<\/p>\n","protected":false},"author":6,"featured_media":4018,"comment_status":"open","ping_status":"open","sticky":false,"template":"","format":"standard","meta":{"_jetpack_memberships_contains_paid_content":false,"footnotes":""},"categories":[32,30,34,11],"tags":[],"class_list":["post-28748","post","type-post","status-publish","format-standard","has-post-thumbnail","hentry","category-infos","category-vermischtes","category-termine","category-regionale-wirtschaft"],"jetpack_featured_media_url":"https:\/\/www.vdsm.net\/wronline\/wp-content\/uploads\/2016\/06\/wronline-ihk.jpg","jetpack_sharing_enabled":true,"_links":{"self":[{"href":"https:\/\/www.vdsm.net\/wronline\/wp-json\/wp\/v2\/posts\/28748","targetHints":{"allow":["GET"]}}],"collection":[{"href":"https:\/\/www.vdsm.net\/wronline\/wp-json\/wp\/v2\/posts"}],"about":[{"href":"https:\/\/www.vdsm.net\/wronline\/wp-json\/wp\/v2\/types\/post"}],"author":[{"embeddable":true,"href":"https:\/\/www.vdsm.net\/wronline\/wp-json\/wp\/v2\/users\/6"}],"replies":[{"embeddable":true,"href":"https:\/\/www.vdsm.net\/wronline\/wp-json\/wp\/v2\/comments?post=28748"}],"version-history":[{"count":1,"href":"https:\/\/www.vdsm.net\/wronline\/wp-json\/wp\/v2\/posts\/28748\/revisions"}],"predecessor-version":[{"id":28750,"href":"https:\/\/www.vdsm.net\/wronline\/wp-json\/wp\/v2\/posts\/28748\/revisions\/28750"}],"wp:featuredmedia":[{"embeddable":true,"href":"https:\/\/www.vdsm.net\/wronline\/wp-json\/wp\/v2\/media\/4018"}],"wp:attachment":[{"href":"https:\/\/www.vdsm.net\/wronline\/wp-json\/wp\/v2\/media?parent=28748"}],"wp:term":[{"taxonomy":"category","embeddable":true,"href":"https:\/\/www.vdsm.net\/wronline\/wp-json\/wp\/v2\/categories?post=28748"},{"taxonomy":"post_tag","embeddable":true,"href":"https:\/\/www.vdsm.net\/wronline\/wp-json\/wp\/v2\/tags?post=28748"}],"curies":[{"name":"wp","href":"https:\/\/api.w.org\/{rel}","templated":true}]}}