{"id":28741,"date":"2022-06-03T08:30:43","date_gmt":"2022-06-03T06:30:43","guid":{"rendered":"https:\/\/www.vdsm.net\/wronline\/?p=28741"},"modified":"2022-06-03T08:31:32","modified_gmt":"2022-06-03T06:31:32","slug":"elf-unternehmen-aus-siegen-wittgenstein-als-klimasicher-ausgezeichnet","status":"publish","type":"post","link":"https:\/\/www.vdsm.net\/wronline\/elf-unternehmen-aus-siegen-wittgenstein-als-klimasicher-ausgezeichnet\/","title":{"rendered":"Elf Unternehmen aus Siegen-Wittgenstein als \u201eKlimaSicher\u201c ausgezeichnet"},"content":{"rendered":"<p>Damit sich Unternehmen nachhaltig vor Klimawandelgefahren sch\u00fctzen k\u00f6nnen, wurde von der TU Dortmund und der RWTH Aachen das Projekt \u201eKlimaSicher\u201c ins Leben gerufen. Ziel ist es, Unternehmen dabei zu unterst\u00fctzen, sich auf die Folgen des Klimawandels einzustellen und sich f\u00fcr die Zukunft mit geeigneten Ma\u00dfnahmen zu r\u00fcsten. Der Kreis Siegen-Wittgenstein ist als einer von drei Kreisen beim Pilotversuch mit dabei.<\/p>\n<p>Mit Workshops, Infoveranstaltungen und einer individuellen Expertise bei einem Vor-Ort-Besuch wurden zahlreiche Unternehmen aus NRW fit in Sachen Klimafolgenanpassung gemacht. Jetzt gab es den verdienten Lohn f\u00fcr viele Monate Arbeit. Mit der \u00dcberreichung der KlimaSicher-Zertifikate ist das Verbundprojekt der drei Kreise Siegen-Wittgenstein, Soest und Warendorf nun beendet worden. Jetzt sind die Unternehmen an der Reihe, die individuell erforderlichen Ma\u00dfnahmen umzusetzen und das Projekt kann nach dem erfolgreichen Pilotversuch NRW-weit durchstarten.<\/p>\n<p>Die Antwort auf die Frage: \u201eWarum das Ganze?\u201c ist schnell zu beantworten: Hitzeperioden, Starkregenereignisse und St\u00fcrme traten in der Vergangenheit auch in Siegen-Wittgenstein immer h\u00e4ufiger auf und k\u00f6nnen immense Sch\u00e4den an Geb\u00e4uden und Infrastrukturen anrichten. Aber auch auf uns Menschen und speziell unsere Gesundheit haben die klimatischen Ver\u00e4nderungen negative Auswirkungen.<\/p>\n<p>F\u00fcr privatwirtschaftliche Unternehmen k\u00f6nnen erhebliche Sachsch\u00e4den, z.B. durch geflutete Lagerr\u00e4ume, schnell zum Problem werden. Aufgrund der Mittelgebirgslandschaft ist Siegen-Wittgenstein speziell durch Starkregen gef\u00e4hrdet. Auch die allermeisten Gewerbegebiete liegen im Tal und sind stark versiegelt. Neben Sch\u00e4den durch Hochwasser kann auch Hitzestau zum Problem werden. Im Projektverlauf hat sich gezeigt: Viele Unternehmen haben bereits Sch\u00e4den durch Unwetterereignisse oder Klimafolgen gehabt.<\/p>\n<p>Mit finanzieller Unterst\u00fctzung der Europ\u00e4ischen Union und einer Kofinanzierung des Landes NRW wurde in dem zweij\u00e4hrigen KlimaSicher-Prozess eine Methode zur Klimaanpassungsberatung sowie ein Leitfaden entwickelt, der wichtige Erkenntnisse insbesondere zu Hemmnissen und Erfolgsfaktoren hinsichtlich der Klimaanpassung von Unternehmen liefert. \u201eElf Unternehmen im Kreis haben jetzt das R\u00fcstzeug sich gegen sch\u00e4dliche Klimafolgen zu sch\u00fctzen und wurden f\u00fcr das Thema sensibilisiert. Das ist ein toller Erfolg und animiert hoffentlich noch viele weitere Unternehmen dazu, sich mit dem Thema Klimaanpassung auseinanderzusetzen\u201c, so Markus Menn, Leiter der Stabsstelle Wirtschaftsf\u00f6rderung, Klimaschutz und Mobilit\u00e4t vom Kreis Siegen-Wittgenstein.<\/p>\n<p>Die Abschlussveranstaltung bot nochmal die Gelegenheit, sich untereinander zu vernetzen und auszutauschen. Dazu soll das neue Netzwerk \u201eKlimaanpassung &amp; Unternehmen\u201c in NRW, das im Rahmen der Veranstaltung vorgestellt wurde, einen wichtigen Beitrag leisten (<a href=\"http:\/\/www.klimaanpassung-unternehmen.nrw\" target=\"_blank\" rel=\"noopener\">www.klimaanpassung-unternehmen.nrw<\/a>).<\/p>\n<p>Diese Unternehmen aus dem Kreis Siegen-Wittgenstein wurden beim Verbundprojekt \u201eKlimaSicher\u201c zertifiziert: Bikar-Metalle, Regupol BSW, Erich Utsch AG, Kr\u00fcckemeyer, fbMedia, Alfred Schellenberg, Rotamill, Gerhard Pfeil, Osterrath, Henkel Rohrverformungstechnik und Gontermann-Peipers.<\/p>\n<p>Text: <a href=\"http:\/\/www.siegen-wittgenstein.de\" target=\"_blank\" rel=\"noopener\">Kreis Siegen-Wittgenstein<\/a>; Foto: Kreis Soest, M\u00fcschenborn<\/p>\n","protected":false},"excerpt":{"rendered":"<p>Damit sich Unternehmen nachhaltig vor Klimawandelgefahren sch\u00fctzen k\u00f6nnen, wurde von der TU Dortmund und der RWTH Aachen das Projekt \u201eKlimaSicher\u201c ins Leben gerufen. Ziel ist&#8230;<\/p>\n","protected":false},"author":6,"featured_media":28742,"comment_status":"open","ping_status":"open","sticky":false,"template":"","format":"standard","meta":{"_jetpack_memberships_contains_paid_content":false,"footnotes":""},"categories":[1,32,30,10],"tags":[],"class_list":["post-28741","post","type-post","status-publish","format-standard","has-post-thumbnail","hentry","category-aktuell","category-infos","category-vermischtes","category-unternehmen"],"jetpack_featured_media_url":"https:\/\/www.vdsm.net\/wronline\/wp-content\/uploads\/2022\/06\/Klimasicher-Abschluss-Kreis-Siegen-Wittgenstein_WEB.jpg","jetpack_sharing_enabled":true,"_links":{"self":[{"href":"https:\/\/www.vdsm.net\/wronline\/wp-json\/wp\/v2\/posts\/28741","targetHints":{"allow":["GET"]}}],"collection":[{"href":"https:\/\/www.vdsm.net\/wronline\/wp-json\/wp\/v2\/posts"}],"about":[{"href":"https:\/\/www.vdsm.net\/wronline\/wp-json\/wp\/v2\/types\/post"}],"author":[{"embeddable":true,"href":"https:\/\/www.vdsm.net\/wronline\/wp-json\/wp\/v2\/users\/6"}],"replies":[{"embeddable":true,"href":"https:\/\/www.vdsm.net\/wronline\/wp-json\/wp\/v2\/comments?post=28741"}],"version-history":[{"count":2,"href":"https:\/\/www.vdsm.net\/wronline\/wp-json\/wp\/v2\/posts\/28741\/revisions"}],"predecessor-version":[{"id":28744,"href":"https:\/\/www.vdsm.net\/wronline\/wp-json\/wp\/v2\/posts\/28741\/revisions\/28744"}],"wp:featuredmedia":[{"embeddable":true,"href":"https:\/\/www.vdsm.net\/wronline\/wp-json\/wp\/v2\/media\/28742"}],"wp:attachment":[{"href":"https:\/\/www.vdsm.net\/wronline\/wp-json\/wp\/v2\/media?parent=28741"}],"wp:term":[{"taxonomy":"category","embeddable":true,"href":"https:\/\/www.vdsm.net\/wronline\/wp-json\/wp\/v2\/categories?post=28741"},{"taxonomy":"post_tag","embeddable":true,"href":"https:\/\/www.vdsm.net\/wronline\/wp-json\/wp\/v2\/tags?post=28741"}],"curies":[{"name":"wp","href":"https:\/\/api.w.org\/{rel}","templated":true}]}}