{"id":2873,"date":"2015-10-29T10:44:54","date_gmt":"2015-10-29T09:44:54","guid":{"rendered":"http:\/\/www.vdsm.net\/wronline\/?p=2873"},"modified":"2015-10-29T10:44:54","modified_gmt":"2015-10-29T09:44:54","slug":"laengere-akkulaufzeit-dank-siegener-erfindung","status":"publish","type":"post","link":"https:\/\/www.vdsm.net\/wronline\/laengere-akkulaufzeit-dank-siegener-erfindung\/","title":{"rendered":"L\u00e4ngere Akkulaufzeit dank Siegener Erfindung"},"content":{"rendered":"<p>Eine lange Batterielaufzeit w\u00fcnscht sich jeder f\u00fcr seine Elektroger\u00e4te. Prof. Dr. Hans-J\u00f6rg Deiseroth und sein Team des Instituts f\u00fcr Anorganische Chemie an der Universit\u00e4t Siegen haben einen Festelektrolyten entwickelt, der ein Teil von so genannten \u201eAll-solid-state-Batterien\u201c sein k\u00f6nnte. Er basiert auf einem nicht brennbaren Material und besitzt eine wesentlich h\u00f6here Temperaturbest\u00e4ndigkeit als die bisher verwendeten fl\u00fcssigen Elektrolyten.<\/p>\n<p>Im Gegensatz zu herk\u00f6mmlichen Lithium-Batterien mit Fl\u00fcssigelektrolyten enthalten All-solid-state-Batterien ausschlie\u00dflich feste Komponenten. Der Festelektrolyt von Prof. Dr. Deiseroth kann als Material f\u00fcr einen elektrischen Energiespeicher dienen und somit beispielsweise in Hybridfahrzeugen oder Smartphones eingesetzt werden.<\/p>\n<p>Die Firma PROvendis hat im Auftrag der Uni Siegen Patente in Europa, China und den USA angemeldet und konnte nach mehrj\u00e4hirger Vorbereitung die Erfindung f\u00fcr die Uni Siegen erfolgreich vermarkten. \u201eMit der Entwicklung und dem Verkauf des Siegener Festelektrolyten an ein weltmarktf\u00fchrendes Unternehmen r\u00fcckt die Batterie des Zukunft ein gro\u00dfes St\u00fcck n\u00e4her\u201c, erkl\u00e4ren Dr. Andreas Voigt, Teamleiter des Applied Sciences-Teams bei PROvendis und Dr. Thorsten Schaefer, Manager f\u00fcr Patente und Lizenzen.<\/p>\n","protected":false},"excerpt":{"rendered":"<p>Eine lange Batterielaufzeit w\u00fcnscht sich jeder f\u00fcr seine Elektroger\u00e4te. Prof. Dr. Hans-J\u00f6rg Deiseroth und sein Team des Instituts f\u00fcr Anorganische Chemie an der Universit\u00e4t Siegen&#8230;<\/p>\n","protected":false},"author":2,"featured_media":1755,"comment_status":"open","ping_status":"open","sticky":false,"template":"","format":"standard","meta":{"_jetpack_memberships_contains_paid_content":false,"footnotes":""},"categories":[11],"tags":[],"class_list":["post-2873","post","type-post","status-publish","format-standard","has-post-thumbnail","hentry","category-regionale-wirtschaft"],"jetpack_featured_media_url":"https:\/\/www.vdsm.net\/wronline\/wp-content\/uploads\/2013\/12\/Universitaet-siegen-e1486484587478.jpg","jetpack_sharing_enabled":true,"_links":{"self":[{"href":"https:\/\/www.vdsm.net\/wronline\/wp-json\/wp\/v2\/posts\/2873","targetHints":{"allow":["GET"]}}],"collection":[{"href":"https:\/\/www.vdsm.net\/wronline\/wp-json\/wp\/v2\/posts"}],"about":[{"href":"https:\/\/www.vdsm.net\/wronline\/wp-json\/wp\/v2\/types\/post"}],"author":[{"embeddable":true,"href":"https:\/\/www.vdsm.net\/wronline\/wp-json\/wp\/v2\/users\/2"}],"replies":[{"embeddable":true,"href":"https:\/\/www.vdsm.net\/wronline\/wp-json\/wp\/v2\/comments?post=2873"}],"version-history":[{"count":1,"href":"https:\/\/www.vdsm.net\/wronline\/wp-json\/wp\/v2\/posts\/2873\/revisions"}],"predecessor-version":[{"id":2874,"href":"https:\/\/www.vdsm.net\/wronline\/wp-json\/wp\/v2\/posts\/2873\/revisions\/2874"}],"wp:featuredmedia":[{"embeddable":true,"href":"https:\/\/www.vdsm.net\/wronline\/wp-json\/wp\/v2\/media\/1755"}],"wp:attachment":[{"href":"https:\/\/www.vdsm.net\/wronline\/wp-json\/wp\/v2\/media?parent=2873"}],"wp:term":[{"taxonomy":"category","embeddable":true,"href":"https:\/\/www.vdsm.net\/wronline\/wp-json\/wp\/v2\/categories?post=2873"},{"taxonomy":"post_tag","embeddable":true,"href":"https:\/\/www.vdsm.net\/wronline\/wp-json\/wp\/v2\/tags?post=2873"}],"curies":[{"name":"wp","href":"https:\/\/api.w.org\/{rel}","templated":true}]}}