{"id":28717,"date":"2022-06-01T08:16:47","date_gmt":"2022-06-01T06:16:47","guid":{"rendered":"https:\/\/www.vdsm.net\/wronline\/?p=28717"},"modified":"2022-06-01T15:27:04","modified_gmt":"2022-06-01T13:27:04","slug":"arndt-g-kirchhoff-fuer-weitere-zwei-jahre-praesident-der-nordrheinwestfaelischen-metallarbeitgeber","status":"publish","type":"post","link":"https:\/\/www.vdsm.net\/wronline\/arndt-g-kirchhoff-fuer-weitere-zwei-jahre-praesident-der-nordrheinwestfaelischen-metallarbeitgeber\/","title":{"rendered":"Arndt G. Kirchhoff f\u00fcr weitere zwei Jahre Pr\u00e4sident der nordrheinwestf\u00e4lischen Metallarbeitgeber"},"content":{"rendered":"<p>Die nordrhein-westf\u00e4lischen Metallarbeitgeber haben auf ihrer Mitgliederversammlung 2022 Arndt G. Kirchhoff (67) f\u00fcr weitere zwei Jahre in seinem Amt als Pr\u00e4sident best\u00e4tigt. Das teilte der Verband der Metall- und Elektro-Industrie Nordrhein-Westfalen (METALL NRW) am Dienstag in D\u00fcsseldorf mit. Der mittelst\u00e4ndische Unternehmer aus Iserlohn f\u00fchrt den bundesweit mitgliederst\u00e4rksten Metallarbeitgeberverband seit dem Jahr 2014. Ebenfalls wiedergew\u00e4hlt als Vizepr\u00e4sidenten wurden Dr. Margarete Haase (Arbeitgeberverband k\u00f6lnmetall), Dr. Stephan A. Kufferath-Kassner (Arbeitgeberverband der Metallindustrie von D\u00fcren, J\u00fclich, Euskirchen und Umgebung), Friedrich-Wilhelm Wengeler (Arbeitgeberverband der Metall- und Elektroindustrie Ruhr\/Vest) sowie Dr. Ernst Wolf (Unternehmerverband f\u00fcr den Kreis G\u00fctersloh \u2013 Fachgruppe Metall). Als Vizepr\u00e4sidenten neu gew\u00e4hlt wurden Dr. Marcus Korth\u00e4uer (Unternehmerverband Metall Ruhr-Niederrhein) und Michael Vitz (Arbeitgeberverband der Metallindustrie von Wuppertal und Niederberg). In seinem Amt als Schatzmeister best\u00e4tigt wurde Egbert Neuhaus (Unternehmensverband Westfalen-Mitte).<\/p>\n<p>Die aktuelle wirtschaftliche Lage in der nordrhein-westf\u00e4lischen Metall- und Elektroindustrie bezeichnete Kirchhoff als \u201eextrem angespannt\u201c. Rezession und Corona-Pandemie h\u00e4tten die Unternehmen bereits in den vergangenen drei Jahren enorm belastet und in der wirtschaftlichen Entwicklung zur\u00fcckgeworfen. Dieser Trend habe sich in den letzten Monaten noch einmal massiv verst\u00e4rkt durch die tiefe Verunsicherung \u00fcber die wirtschaftlichen Folgen des Krieges in der Ukraine, die massiven globalen Lieferengp\u00e4sse und die teilweise extremen Steigerungen von Energie-, Rohstoff- und Beschaffungspreisen. \u201eDas Gros unserer Unternehmen arbeitet derzeit an der Grenze ihrer Leistungsf\u00e4higkeit, um auf dem Weltmarkt wettbewerbsf\u00e4hig bleiben zu k\u00f6nnen\u201c, sagte der Metallarbeitgeberpr\u00e4sident. Abseits der konjunkturellen Schieflage habe dieser Industriezweig gleichzeitig die gewaltigen strukturellen Umbr\u00fcche der digitalen und nachhaltigen Transformation und des demografischen Wandels zu meistern. \u201eJede Herausforderung f\u00fcr sich ist schon ein dickes Brett, alles zusammen verlangt unseren Unternehmen erhebliche Anstrengungen ab\u201c, betonte Kirchhoff.<\/p>\n<p>Mit Blick auf die im Herbst 2022 anstehende Tarifrunde f\u00fcr die rund 700.000 Besch\u00e4ftigten dieses Industriezweigs in Nordrhein-Westfalen erkl\u00e4rte Kirchhoff, die Unternehmen h\u00e4tten in den vergangenen Jahren in schwierigstem Umfeld Arbeitspl\u00e4tze halten und Realeinkommen sichern k\u00f6nnen. Zu diesem Kraftakt habe auch das verantwortungsvolle Miteinander der Tarifpartner beigetragen. \u201eDiesen Kurs d\u00fcrfen wir auch jetzt nicht verlassen, nachdem sich die Welt f\u00fcr uns alle noch dramatischer ver\u00e4ndert hat\u201c, sagte Kirchhoff. Ihm sei bewusst, dass hohe Preise f\u00fcr Energie und Lebensmittel auch den Geldbeutel der Besch\u00e4ftigten belasteten. Auf der anderen Seite st\u00fcnden jedoch durch massive Kostensteigerungen auch die Unternehmen erheblich unter Druck. Die kommende Tarifrunde werde daher \u00e4u\u00dferst herausfordernd. \u201eDie Tarifvertragsparteien der deutschen Metall- und Elektroindustrie stehen in den kommenden Monaten m\u00f6glicherweise vor einer ihrer gr\u00f6\u00dften Bew\u00e4hrungsproben\u201c, betonte Kirchhoff.<\/p>\n<p>Text und Foto: <a href=\"https:\/\/www.metall.nrw\/\" target=\"_blank\" rel=\"noopener\">Metall NRW<\/a><\/p>\n","protected":false},"excerpt":{"rendered":"<p>Die nordrhein-westf\u00e4lischen Metallarbeitgeber haben auf ihrer Mitgliederversammlung 2022 Arndt G. Kirchhoff (67) f\u00fcr weitere zwei Jahre in seinem Amt als Pr\u00e4sident best\u00e4tigt. Das teilte der&#8230;<\/p>\n","protected":false},"author":6,"featured_media":25985,"comment_status":"open","ping_status":"open","sticky":false,"template":"","format":"standard","meta":{"_jetpack_memberships_contains_paid_content":false,"footnotes":""},"categories":[1,32,30,11],"tags":[],"class_list":["post-28717","post","type-post","status-publish","format-standard","has-post-thumbnail","hentry","category-aktuell","category-infos","category-vermischtes","category-regionale-wirtschaft"],"jetpack_featured_media_url":"https:\/\/www.vdsm.net\/wronline\/wp-content\/uploads\/2021\/11\/21-8-20-AGK_Redaktionsbesuc.jpg","jetpack_sharing_enabled":true,"_links":{"self":[{"href":"https:\/\/www.vdsm.net\/wronline\/wp-json\/wp\/v2\/posts\/28717","targetHints":{"allow":["GET"]}}],"collection":[{"href":"https:\/\/www.vdsm.net\/wronline\/wp-json\/wp\/v2\/posts"}],"about":[{"href":"https:\/\/www.vdsm.net\/wronline\/wp-json\/wp\/v2\/types\/post"}],"author":[{"embeddable":true,"href":"https:\/\/www.vdsm.net\/wronline\/wp-json\/wp\/v2\/users\/6"}],"replies":[{"embeddable":true,"href":"https:\/\/www.vdsm.net\/wronline\/wp-json\/wp\/v2\/comments?post=28717"}],"version-history":[{"count":5,"href":"https:\/\/www.vdsm.net\/wronline\/wp-json\/wp\/v2\/posts\/28717\/revisions"}],"predecessor-version":[{"id":28729,"href":"https:\/\/www.vdsm.net\/wronline\/wp-json\/wp\/v2\/posts\/28717\/revisions\/28729"}],"wp:featuredmedia":[{"embeddable":true,"href":"https:\/\/www.vdsm.net\/wronline\/wp-json\/wp\/v2\/media\/25985"}],"wp:attachment":[{"href":"https:\/\/www.vdsm.net\/wronline\/wp-json\/wp\/v2\/media?parent=28717"}],"wp:term":[{"taxonomy":"category","embeddable":true,"href":"https:\/\/www.vdsm.net\/wronline\/wp-json\/wp\/v2\/categories?post=28717"},{"taxonomy":"post_tag","embeddable":true,"href":"https:\/\/www.vdsm.net\/wronline\/wp-json\/wp\/v2\/tags?post=28717"}],"curies":[{"name":"wp","href":"https:\/\/api.w.org\/{rel}","templated":true}]}}