{"id":28611,"date":"2022-05-18T14:03:46","date_gmt":"2022-05-18T12:03:46","guid":{"rendered":"https:\/\/www.vdsm.net\/wronline\/?p=28611"},"modified":"2022-05-18T14:05:12","modified_gmt":"2022-05-18T12:05:12","slug":"ausbildungsmesse-mit-mintoringsi","status":"publish","type":"post","link":"https:\/\/www.vdsm.net\/wronline\/ausbildungsmesse-mit-mintoringsi\/","title":{"rendered":"Ausbildungsmesse mit &#8222;MINToringSi&#8220;"},"content":{"rendered":"<p>Heute und morgen findet die Ausbildungsmesse in der Siegerlandhalle in Siegen (Tagungs- und Kongresszentrum Siegerlandhalle, Koblenzer Stra\u00dfe 151, 57072 Siegen) statt. An beiden Tagen treffen jeweils von 13.00 Uhr bis 18.00 Uhr Sch\u00fclerinnen und Sch\u00fcler, deren Eltern, Lehrerinnen und Lehrer sowie alle Interessierten auf mehr als 130 Aussteller in der gesamten Siegerlandhalle. Neben den Ausstellern im Au\u00dfenbereich, Foyer, Gro\u00dfen Saal sowie auf der Galerie finden sich dieses Jahr auch Unternehmen, Bildungseinrichtungen und Institutionen im Spandauer Saal und Leonhard-Gl\u00e4sersaal.<\/p>\n<p>In diesem Jahr gibt es erstmalig ein so genanntes MINT-Zentrum. Ziel des MINT-Zentrums ist es, Berufe erlebbar zu machen \u2013 und zwar auf spielerische Art und Weise. Daher sind neben traditionellen Messest\u00e4nden der Aussteller im Leonhard-Gl\u00e4ser-Saal auch<br \/>\nAktionsfl\u00e4chen zu finden, auf denen Besucherinnen und Besucher selbst aktiv werden k\u00f6nnen. Zu den Ausstellern im MINT-Zentrum geh\u00f6ren die Unternehmen Achenbach Buschh\u00fctten GmbH &amp; Co. KG, Br\u00fchl Safety GmbH, Dango &amp; Dienenthal Maschinenbau<br \/>\nGmbH, EJOT Holding GmbH &amp; Co. KG, H. Kleinknecht &amp; Co. GmbH, Heinrich Georg GmbH Maschinenfabrik, IPG Laser GmbH, SMS group GmbH, STAUF Klebstoffwerk GmbH sowie die Arbeitgeberverb\u00e4nde Siegen-Wittgenstein, die gemeinsam mit der Universit\u00e4t Siegen ihr Bildungsprogramm MINToringSi vorstellen werden.<\/p>\n<p>MINToringSi ist ein gemeinsames Programm des VdSM als Verband der Siegerl\u00e4nder Metallindustriellen e.V., der Naturwissenschaftlich-Technischen Fakult\u00e4t der Universit\u00e4t Siegen und der Bezirksregierung Arnsberg. Seit 2008 f\u00f6rdert es in jeweils drei Jahre langen Mentoren-Beziehungen den \u00dcbergang vom Abitur bis in die ersten Semester an der Universit\u00e4t. Dadurch sollen die Teilnehmerinnen und Teilnehmer von MINToringSi bei ihrer Studienorientierung in einem MINT-Fach unterst\u00fctzt werden. Die Abk\u00fcrzung \u201eMINT\u201c steht dabei f\u00fcr die Bereiche Mathematik, Informatik, Naturwissenschaft und Technik. \u201eMithilfe von MINToringSi m\u00f6chten wir unseren Beitrag dazu leisten, dass es hierzulande weiterhin qualifizierte Fachkr\u00e4fte in den MINT-Bereichen gibt. Qualifizierte Fachkr\u00e4fte zu finden, wird immer schwieriger \u2013 insbesondere auch in Corona-Zeiten\u201c, sagte Julia F\u00f6rster, die als Programmkoordinatorin f\u00fcr den VdSM t\u00e4tig ist. &#8222;Daher ist es wichtig, junge Menschen zu f\u00f6rdern und dazu zu motivieren ein MINT-Studium aufzunehmen, denn sie sind die zuk\u00fcnftigen Fachkr\u00e4fte&#8220;, erg\u00e4nzt Dr. Thomas Reppel, der MINToringSi-Programmkordinator f\u00fcr die Universit\u00e4t Siegen.<\/p>\n<p>Die Arbeitgeberverb\u00e4nde Siegen-Wittgenstein unterst\u00fctzen die Bem\u00fchungen der Unternehmen zur Gewinnung von qualifizierten Nachwuchskr\u00e4ften aber nicht nur mit MINToringSi, sondern auch mit dem M+E-InfoTruck.<\/p>\n<p>Das mit modernster Informations- und Produktionstechnik ausgestattete Fahrzeug ist eine we\u00adsentliche S\u00e4ule der Werbeaktivit\u00e4ten f\u00fcr die gewerblich-technischen Ausbildungsberufe in der M+E-Industrie. Seit 2014 setzt der mit vier Millionen Besch\u00e4ftigten bedeutendste deutsche Industriezweig bundesweit doppelst\u00f6ckige InfoTrucks ein. Von den zehn hochmodernen High-Tech-Brummis fahren alleine zwei durch Nordrhein-Westfalen. Auf zwei Etagen mit einer 80 m\u00b2 gro\u00dfen Pr\u00e4sentationsfl\u00e4che sorgen neueste Multimedia-Anwendungen und anschauliche Ex\u00adperimentierstationen f\u00fcr spannende und nachhaltige Einblicke in die Berufswelt der Metall- und Elektroindustrie.<\/p>\n<p>Infos: <a href=\"https:\/\/mintoringsi.de\/\" target=\"_blank\" rel=\"noopener\">MINToringSi<\/a>; Foto: MINToringSi\/Bahaa Aldin Banna<\/p>\n","protected":false},"excerpt":{"rendered":"<p>Heute und morgen findet die Ausbildungsmesse in der Siegerlandhalle in Siegen (Tagungs- und Kongresszentrum Siegerlandhalle, Koblenzer Stra\u00dfe 151, 57072 Siegen) statt. An beiden Tagen treffen&#8230;<\/p>\n","protected":false},"author":6,"featured_media":28618,"comment_status":"open","ping_status":"open","sticky":false,"template":"","format":"standard","meta":{"_jetpack_memberships_contains_paid_content":false,"footnotes":""},"categories":[1,8,32,30],"tags":[],"class_list":["post-28611","post","type-post","status-publish","format-standard","has-post-thumbnail","hentry","category-aktuell","category-ausbildung","category-infos","category-vermischtes"],"jetpack_featured_media_url":"https:\/\/www.vdsm.net\/wronline\/wp-content\/uploads\/2022\/05\/Ausbildungsmesse_01-Foto-Banna_WEB.jpg","jetpack_sharing_enabled":true,"_links":{"self":[{"href":"https:\/\/www.vdsm.net\/wronline\/wp-json\/wp\/v2\/posts\/28611","targetHints":{"allow":["GET"]}}],"collection":[{"href":"https:\/\/www.vdsm.net\/wronline\/wp-json\/wp\/v2\/posts"}],"about":[{"href":"https:\/\/www.vdsm.net\/wronline\/wp-json\/wp\/v2\/types\/post"}],"author":[{"embeddable":true,"href":"https:\/\/www.vdsm.net\/wronline\/wp-json\/wp\/v2\/users\/6"}],"replies":[{"embeddable":true,"href":"https:\/\/www.vdsm.net\/wronline\/wp-json\/wp\/v2\/comments?post=28611"}],"version-history":[{"count":5,"href":"https:\/\/www.vdsm.net\/wronline\/wp-json\/wp\/v2\/posts\/28611\/revisions"}],"predecessor-version":[{"id":28620,"href":"https:\/\/www.vdsm.net\/wronline\/wp-json\/wp\/v2\/posts\/28611\/revisions\/28620"}],"wp:featuredmedia":[{"embeddable":true,"href":"https:\/\/www.vdsm.net\/wronline\/wp-json\/wp\/v2\/media\/28618"}],"wp:attachment":[{"href":"https:\/\/www.vdsm.net\/wronline\/wp-json\/wp\/v2\/media?parent=28611"}],"wp:term":[{"taxonomy":"category","embeddable":true,"href":"https:\/\/www.vdsm.net\/wronline\/wp-json\/wp\/v2\/categories?post=28611"},{"taxonomy":"post_tag","embeddable":true,"href":"https:\/\/www.vdsm.net\/wronline\/wp-json\/wp\/v2\/tags?post=28611"}],"curies":[{"name":"wp","href":"https:\/\/api.w.org\/{rel}","templated":true}]}}