{"id":28386,"date":"2022-05-03T10:19:51","date_gmt":"2022-05-03T08:19:51","guid":{"rendered":"https:\/\/www.vdsm.net\/wronline\/?p=28386"},"modified":"2022-05-03T10:19:51","modified_gmt":"2022-05-03T08:19:51","slug":"arbeitsmarkt-weiterhin-bestaendig-arbeitgeber-melden-jedoch-weniger-stellen","status":"publish","type":"post","link":"https:\/\/www.vdsm.net\/wronline\/arbeitsmarkt-weiterhin-bestaendig-arbeitgeber-melden-jedoch-weniger-stellen\/","title":{"rendered":"Arbeitsmarkt weiterhin best\u00e4ndig \u2013 Arbeitgeber melden jedoch weniger Stellen"},"content":{"rendered":"<div id=\"attachment_28387\" style=\"width: 210px\" class=\"wp-caption alignright\"><a href=\"https:\/\/www.vdsm.net\/wronline\/wp-content\/uploads\/2022\/05\/Tomczak_Daniela_WEB.jpg\"><img loading=\"lazy\" decoding=\"async\" aria-describedby=\"caption-attachment-28387\" class=\"size-medium wp-image-28387\" src=\"https:\/\/www.vdsm.net\/wronline\/wp-content\/uploads\/2022\/05\/Tomczak_Daniela_WEB-200x300.jpg\" alt=\"\" width=\"200\" height=\"300\" srcset=\"https:\/\/www.vdsm.net\/wronline\/wp-content\/uploads\/2022\/05\/Tomczak_Daniela_WEB-200x300.jpg 200w, https:\/\/www.vdsm.net\/wronline\/wp-content\/uploads\/2022\/05\/Tomczak_Daniela_WEB-683x1024.jpg 683w, https:\/\/www.vdsm.net\/wronline\/wp-content\/uploads\/2022\/05\/Tomczak_Daniela_WEB-768x1152.jpg 768w, https:\/\/www.vdsm.net\/wronline\/wp-content\/uploads\/2022\/05\/Tomczak_Daniela_WEB.jpg 777w\" sizes=\"auto, (max-width: 200px) 100vw, 200px\" \/><\/a><p id=\"caption-attachment-28387\" class=\"wp-caption-text\">Daniela Tomczak, Vorsitzende der Gesch\u00e4ftsf\u00fchrung der Siegener Arbeitsagentur<\/p><\/div>\n<p>\u201eDer heimische Arbeitsmarkt zeigt sich zur\u00fcckhaltender als noch zu Anfang des Jahres. Unsere Unternehmen haben im April weniger Arbeitsstellen gemeldet, als es sonst zu dieser Zeit \u00fcblich ist\u201c, berichtet Daniela Tomczak, Vorsitzende der Gesch\u00e4ftsf\u00fchrung der Siegener Arbeitsagentur. Im April sind 122 Arbeitsstellen (-12,0 Prozent) weniger gemeldet worden als im Vormonat. F\u00fcr die Arbeitsmarktexpertin k\u00f6nnten diese Ver\u00e4nderungen bei den Stellenzug\u00e4ngen die ersten Anzeichen f\u00fcr die Folgen des Ukraine-Krieges sein. Tomczak ist jedoch weiterhin zuversichtlich: \u201eDie n\u00e4chsten Monate werden zeigen, ob sich diese negative Entwicklung verfestigen wird. Insgesamt zeigt sich der Arbeitsmarkt in den Kreisen Siegen-Wittgenstein und Olpe weiterhin best\u00e4ndig und stabil. Besch\u00e4ftigung und Arbeitslosigkeit liegen auf gutem Niveau, das d\u00fcrfte auch in den kommenden Monaten so bleiben. Auch wenn die Unternehmen aufgrund der fehlenden Planungssicherheit weniger einstellen, halten sie weiterhin das bestehende Personal\u201c.<\/p>\n<p><strong>Der Arbeitsmarkt im \u00dcberblick<\/strong><\/p>\n<p><strong>Arbeitslosigkeit <\/strong><\/p>\n<p>Die Zahl der Arbeitslosen im Agenturbezirk Siegen ist im April 2022 gesunken. Insgesamt waren 9.822 Personen arbeitslos gemeldet. Verglichen mit den Zahlen des Vormonates sind dies 241 Personen oder 2,4 Prozent weniger. Im Vergleich zum April des Vorjahres sinkt die Zahl der Arbeitslosen um 2.573 Personen bzw. 20,8 Prozent. Die Arbeitslosenquote auf Basis aller zivilen Erwerbspersonen betr\u00e4gt 4,2 Prozent. Vor einem Jahr belief sie sich auf 5,2 Prozent (-1,0 Prozentpunkte).<\/p>\n<p><strong>Jugendarbeitslosigkeit<\/strong><\/p>\n<p>899 Arbeitslose sind im Berichtsmonat im Agenturbezirk Siegen unter 25 Jahre alt. Im Vormonat waren dies noch 25 und im gleichen Monat des Vorjahres 335 junge Menschen mehr. Die prozentuale Ver\u00e4nderung bel\u00e4uft sich somit auf -2,7 Prozent zum vorherigen Monat bzw. -27,1 Prozent im Vorjahresvergleich.<\/p>\n<p><strong>\u00c4ltere Arbeitslose<\/strong><\/p>\n<p>Die Anzahl arbeitsloser Personen ab 50 Jahre ist im Vergleich zum Vormonat gesunken (-98 Personen oder &#8211; 2,5 Prozent). Im Vergleich zum Vorjahr sind es 645 Arbeitslose weniger (-14,7 Prozent).) Insgesamt sind 3.747 Menschen ab 50 Jahre in der Arbeitsagentur Siegen von Arbeitslosigkeit betroffen.<\/p>\n<p><strong>Langzeitarbeitslose<\/strong><\/p>\n<p>Die Zahl der Langzeitarbeitslosen ist im Berichtsmonat gesunken. 3.752 Personen waren l\u00e4nger als ein Jahr nicht sozialversicherungspflichtig besch\u00e4ftigt, darunter z\u00e4hlen 80,9 Prozent (3.035 Personen) zur Grundsicherung. Verglichen mit den Gesamtzahlen des Vormonates sind dies 75 Langzeitarbeitslose weniger.\u00a0 Im Vergleich zum Vorjahr sinkt die Zahl dieser Arbeitslosen um 1.022 Personen.<\/p>\n<p><strong>Entwicklung in der Arbeitslosenversicherung \u2013 SGB III<\/strong><\/p>\n<p>Im Bereich der Arbeitslosenversicherung wurden in diesem Monat 3.711 Personen gemeldet. Die Zahl hat sich im Vergleich zum Vormonat um 186 Personen bzw. 4,8 Prozent verringert. Im Vorjahresvergleich bedeutet dies eine Verringerung um 1.428 Personen oder 27,8 Prozent.<\/p>\n<p><strong>Entwicklung in der Grundsicherung \u2013 SGB II<\/strong><\/p>\n<p>In der Grundsicherung sind 55 Arbeitslose weniger als im Vormonat und 1.145 weniger als im Vorjahr zu verzeichnen. Im Verh\u00e4ltnis entspricht dies -0,9 Prozent zum Vormonat bzw. -15,8 Prozent zum Vorjahr. Insgesamt sind es 6.111 Personen und damit 62,2 Prozent aller Arbeitslosen, die zur Grundsicherung gem\u00e4\u00df SGB II z\u00e4hlen.<\/p>\n<p><strong>\u00a0<\/strong><\/p>\n<p><strong>Kreis Siegen-Wittgenstein<\/strong><\/p>\n<p><strong>Arbeitslosigkeit<\/strong><\/p>\n<p>Die Zahl der Arbeitslosen im Kreis Siegen-Wittgenstein ist im April 2022 gesunken. Insgesamt waren 7.232 Personen arbeitslos gemeldet. Verglichen mit den Zahlen des Vormonates sind dies 198 Personen oder 2,7 Prozent weniger.\u00a0 Im Vergleich zum April des Vorjahres sinkt die Zahl der Arbeitslosen um 1.873 Personen bzw. 20,6 Prozent. Die Arbeitslosenquote auf Basis aller zivilen Erwerbspersonen betr\u00e4gt 4,6 Prozent. Vor einem Jahr belief sie sich auf 5,8 Prozent (-1,2 Prozentpunkte).<\/p>\n<p><strong>Entwicklung in der Arbeitslosenversicherung \u2013 SGB III<\/strong><\/p>\n<p>Im Bereich der Arbeitslosenversicherung wurden in diesem Monat 2.456 Personen gemeldet. Die Zahl hat sich im Vergleich zum Vormonat um 146 Personen bzw. 5,6 Prozent verringert. Im Vorjahresvergleich bedeutet dies eine Verringerung um 1.032 Personen oder 29,6 Prozent.<\/p>\n<p><strong>Entwicklung in der Grundsicherung \u2013 SGB II<\/strong><\/p>\n<p>In der Grundsicherung sind 52 Arbeitslose weniger als im Vormonat und 841 weniger als im Vorjahr zu verzeichnen. Im Verh\u00e4ltnis entspricht dies -1,1 Prozent zum Vormonat bzw. -15,0 Prozent zum Vorjahr. Insgesamt sind es 4.776 Personen und damit 66,0 Prozent aller Arbeitslosen, die zur Grundsicherung gem\u00e4\u00df SGB II z\u00e4hlen.<\/p>\n<p><strong>Kreis Olpe<\/strong><\/p>\n<p><strong>Arbeitslosigkeit<\/strong><\/p>\n<p>Die Zahl der Arbeitslosen im Kreis Olpe ist im April 2022 gesunken. Insgesamt waren 2.590 Personen arbeitslos gemeldet. Verglichen mit den Zahlen des Vormonates sind dies 43 Personen oder 1,6 Prozent weniger.\u00a0 Im Vergleich zum April des Vorjahres sinkt die Zahl der Arbeitslosen um 700 Personen bzw. 21,3 Prozent. Die Arbeitslosenquote auf Basis aller zivilen Erwerbspersonen betr\u00e4gt 3,3 Prozent. Vor einem Jahr belief sie sich auf 4,1 Prozent (-0,8 Prozentpunkte).<\/p>\n<p><strong>Entwicklung in der Arbeitslosenversicherung \u2013 SGB III<\/strong><\/p>\n<p>Im Bereich der Arbeitslosenversicherung wurden in diesem Monat 1.255 Personen gemeldet. Die Zahl hat sich im Vergleich zum Vormonat um 40 Personen bzw. 3,1 Prozent verringert. Im Vorjahresvergleich bedeutet dies eine Verringerung um 396 Personen oder 24,0 Prozent.<\/p>\n<p><strong>Entwicklung in der Grundsicherung \u2013 SGB II<\/strong><\/p>\n<p>In der Grundsicherung sind 3 Arbeitslose weniger als im Vormonat und 304 weniger als im Vorjahr zu verzeichnen. Im Verh\u00e4ltnis entspricht dies -0,2 Prozent zum Vormonat bzw. -18,5 Prozent zum Vorjahr. Insgesamt sind es 1.335 Personen und damit 51,5 Prozent aller Arbeitslosen, die zur Grundsicherung gem\u00e4\u00df SGB II z\u00e4hlen.<\/p>\n<p><strong>Der Ausbildungsmarkt im Agenturbezirk Siegen<\/strong><\/p>\n<p><strong>Agenturbezirk Siegen<\/strong><\/p>\n<p>Bis April 2022 sind im Agenturbezirk Siegen insgesamt 3.484 Berufsausbildungsstellen gemeldet worden. Dem gegen\u00fcber stehen 1.697 Bewerber und Bewerberinnen, die sich im Laufe des Berichtsjahres bei den Agenturen f\u00fcr Arbeit vor Ort gemeldet haben. Auf eine\/n Bewerber\/in kommen damit 2,1 Ausbildungspl\u00e4tze. Zurzeit sind noch 795 junge Frauen und M\u00e4nner auf der Suche nach einer Ausbildungsstelle. Gleichzeitig sind noch 2.006 Ausbildungspl\u00e4tze unbesetzt. Auf jede\/n unversorgte\/n Bewerber\/in 2,5 unbesetzte Berufsausbildungsstellen. Im Vergleich zum Vorjahr ist die Anzahl von Bewerber\/innen um 0,5 Prozent gestiegen. Im gleichen Zeitraum ist die Zahl der Ausbildungsstellen um 13,7 Prozent gestiegen.<\/p>\n<p><strong>Kreis Siegen-Wittgenstein<\/strong><\/p>\n<p>1.159 Jugendliche aus dem Kreis Siegen-Wittgenstein haben sich seit Oktober 2021 an die Berufsberatung der heimischen Agenturen f\u00fcr Arbeit gewandt, um einen Ausbildungsplatz zu finden. Insgesamt sind das 34 Personen (3,0 Prozent) mehr als im Vorjahr. 533 Jugendliche sind davon aktuell noch unversorgt: 12 Personen (-2,2 Prozent) weniger als ein Jahr zuvor. Die Unternehmen haben seit Beginn des Berufsberatungsjahres 2.049 Ausbildungsstellen gemeldet, von denen aktuell noch 1.219 unbesetzt sind. Im Vergleich zum Vorjahr sind 336 Ausbildungsstellen (19,6 Prozent) mehr gemeldet worden.<\/p>\n<p><strong>K<\/strong><strong>reis Olpe<\/strong><\/p>\n<p>538 Jugendliche aus dem Kreis Olpe haben sich seit Oktober 2021 an die Berufsberatung der heimischen Agenturen f\u00fcr Arbeit gewandt, um einen Ausbildungsplatz zu finden. Insgesamt sind das 25 Personen (-4,4 Prozent) weniger als im Vorjahr. 262 Jugendliche sind aktuell noch unversorgt, das sind 14 Personen (-5,1 Prozent) weniger als ein Jahr zuvor. Die Unternehmen haben seit Beginn des Berufsberatungsjahres 1.435 Ausbildungsstellen gemeldet, von denen aktuell noch 787 Ausbildungspl\u00e4tze unbesetzt sind. Im Vergleich zum Vorjahr sind 83 Ausbildungsstellen (6,1 Prozent) mehr gemeldet worden.<\/p>\n<p>Text und Foto: Agentur f\u00fcr Arbeit Siegen<\/p>\n","protected":false},"excerpt":{"rendered":"<p>\u201eDer heimische Arbeitsmarkt zeigt sich zur\u00fcckhaltender als noch zu Anfang des Jahres. Unsere Unternehmen haben im April weniger Arbeitsstellen gemeldet, als es sonst zu dieser&#8230;<\/p>\n","protected":false},"author":6,"featured_media":22637,"comment_status":"open","ping_status":"open","sticky":false,"template":"","format":"standard","meta":{"_jetpack_memberships_contains_paid_content":false,"footnotes":""},"categories":[16,32,30],"tags":[],"class_list":["post-28386","post","type-post","status-publish","format-standard","has-post-thumbnail","hentry","category-arbeitsmarkt","category-infos","category-vermischtes"],"jetpack_featured_media_url":"https:\/\/www.vdsm.net\/wronline\/wp-content\/uploads\/2021\/03\/wronline-header-arbeitsmark.jpg","jetpack_sharing_enabled":true,"_links":{"self":[{"href":"https:\/\/www.vdsm.net\/wronline\/wp-json\/wp\/v2\/posts\/28386","targetHints":{"allow":["GET"]}}],"collection":[{"href":"https:\/\/www.vdsm.net\/wronline\/wp-json\/wp\/v2\/posts"}],"about":[{"href":"https:\/\/www.vdsm.net\/wronline\/wp-json\/wp\/v2\/types\/post"}],"author":[{"embeddable":true,"href":"https:\/\/www.vdsm.net\/wronline\/wp-json\/wp\/v2\/users\/6"}],"replies":[{"embeddable":true,"href":"https:\/\/www.vdsm.net\/wronline\/wp-json\/wp\/v2\/comments?post=28386"}],"version-history":[{"count":3,"href":"https:\/\/www.vdsm.net\/wronline\/wp-json\/wp\/v2\/posts\/28386\/revisions"}],"predecessor-version":[{"id":28390,"href":"https:\/\/www.vdsm.net\/wronline\/wp-json\/wp\/v2\/posts\/28386\/revisions\/28390"}],"wp:featuredmedia":[{"embeddable":true,"href":"https:\/\/www.vdsm.net\/wronline\/wp-json\/wp\/v2\/media\/22637"}],"wp:attachment":[{"href":"https:\/\/www.vdsm.net\/wronline\/wp-json\/wp\/v2\/media?parent=28386"}],"wp:term":[{"taxonomy":"category","embeddable":true,"href":"https:\/\/www.vdsm.net\/wronline\/wp-json\/wp\/v2\/categories?post=28386"},{"taxonomy":"post_tag","embeddable":true,"href":"https:\/\/www.vdsm.net\/wronline\/wp-json\/wp\/v2\/tags?post=28386"}],"curies":[{"name":"wp","href":"https:\/\/api.w.org\/{rel}","templated":true}]}}