{"id":28381,"date":"2022-05-03T09:42:27","date_gmt":"2022-05-03T07:42:27","guid":{"rendered":"https:\/\/www.vdsm.net\/wronline\/?p=28381"},"modified":"2022-05-03T10:02:06","modified_gmt":"2022-05-03T08:02:06","slug":"starkes-zeichen-fuer-gruendungen","status":"publish","type":"post","link":"https:\/\/www.vdsm.net\/wronline\/starkes-zeichen-fuer-gruendungen\/","title":{"rendered":"Starkes Zeichen f\u00fcr Gr\u00fcndungen"},"content":{"rendered":"<p>Das \u201eHaus der Innovation\u201c in der Siegener Sandstra\u00dfe ist seit November 2020 die zentrale Adresse f\u00fcr alle Gr\u00fcnderinnen, Gr\u00fcnder und Gr\u00fcndungsinteressierten. Hier haben die Universit\u00e4t Siegen und Startpunkt57 einen Ort geschaffen, der Startups nicht nur R\u00e4umlichkeiten, sondern mit Beratungsleistungen und einem breit gef\u00e4cherten Veranstaltungsangebot, Transparenz und Orientierung f\u00fcr jeden Schritt im Gr\u00fcndungsprozess bietet. Mit der Unterzeichnung eines Kooperationsvertrages zwischen der Universit\u00e4t Siegen und der Sparkasse Siegen wurde nun der Rahmen geschaffen, der die Zusammenarbeit bei der Gr\u00fcndungsf\u00f6rderung bekundet und st\u00e4rkt. Ulf Richter, Kanzler der Universit\u00e4t und Burkhard Braach, Vorstandsmitglied der Sparkasse Siegen, trafen sich gemeinsam mit Prof. Dr. Volker Wulf, Prorektor f\u00fcr Digitales und Regionales der Universit\u00e4t, zur Unterzeichnung der Vereinbarung in den R\u00e4umen der Sparkasse Siegen.<\/p>\n<p>\u201eDie Verzahnung der Universit\u00e4t mit der Region und den Wirtschaftspartnern in der Region ist f\u00fcr das Haus der Innovation sehr wichtig\u201c, betonte Kanzler Richter. Die Sparkasse biete ein solides finanzielles Fundament f\u00fcr das \u201eHaus der Innovation\u201c, das mit seinen exzellenten Infrastrukturen die Gr\u00fcndung neuer Unternehmen ansto\u00dfen, begleiten und etablieren k\u00f6nne.<\/p>\n<p>Die Sparkasse Siegen begleitet schon seit vielen Jahren aktiv das Gr\u00fcndungsgeschehen der Region. \u201eWir m\u00f6chten dazu beitragen, dass kreative und mutige Menschen mit ihren Ideen f\u00fcr neue Unternehmen die besten Voraussetzungen finden. Es ist uns wichtig, dass unserer Region keine gute Idee verloren geht\u201c, so Burkhard Braach. \u201eIm Gr\u00fcnderwerk an der K\u00f6lner Stra\u00dfe in Siegen hat die Sparkasse Siegen ihr Angebot f\u00fcr Startups und junge Unternehmen geb\u00fcndelt. Wir freuen uns, dass mit dem Haus der Innovation eine weitere Anlaufstelle hinzukommt, die f\u00fcr Kompetenz und Kooperation beim Thema Gr\u00fcndung steht.\u201c<\/p>\n<p>Das Ziel sei es, Innovations- und Gr\u00fcndungsideen in der Region zu f\u00f6rdern und nachhaltig zu st\u00e4rken, erg\u00e4nzte Prof. Dr. Volker Wulf. \u201eMit dem Haus der Innovation wollen wir langfristig dazu beitragen, dass neue und interessante Unternehmen in der Region entstehen und sich mit existierenden Mittelst\u00e4ndlern eng vernetzen.\u201c<\/p>\n<p>Das \u201eHaus der Innovation\u201c umfasst vier Bereiche. Es beginnt mit dem Scouting, also der Suche nach den kreativen Ideen und den Menschen dahinter. Unter dem Dach des Hauses soll dem Innovationsgeschehen der Region insgesamt ein positives Umfeld verliehen werden; es bietet den optimalen Raum und den passenden Rahmen f\u00fcr die Entwicklung und Entfaltung innovativer Ideen und Forschungsprojekte.<\/p>\n<p>Und wenn aus diesen Ideen konkrete Gesch\u00e4ftsmodelle weiterentwickelt werden sollen, finden Gr\u00fcnderinnen und Gr\u00fcnder den besten \u201eN\u00e4hrboden\u201c beim Startpunkt57. Wer sich mit seinem Gr\u00fcndungsvorhaben erfolgreich beim Startpunkt57 beworben hat, kann sich \u00fcber einen Platz im Inkubator freuen, der ebenfalls r\u00e4umlich im Haus der Innovation angesiedelt ist. 12 bis 18 Monate haben die Gr\u00fcnderinnen und Gr\u00fcnder dabei Zeit, ihr Gesch\u00e4ftskonzept zu entwickeln. Nicht nur R\u00e4ume, sondern auch Coaching und ein Netzwerk von Ratgeberinnen und Ratgeber stehen den Gr\u00fcnderinnen und Gr\u00fcndern in der Zeit zur Verf\u00fcgung. Darauf folgt gegebenenfalls die Aufnahme in einen Akzelerator, also eine Einrichtung, in der das Gesch\u00e4ftsmodell wachsen kann. Am Ende geht es um die Ansiedlung der Unternehmen. \u201eNat\u00fcrlich gern in der Region\u201c, sind sich Ulf Richter und Burkhard Braach einig.<\/p>\n<p>Das \u201eHaus der Innovation\u201c bietet Platz f\u00fcr 40 Gr\u00fcnderinnen und Gr\u00fcnder. Das Gr\u00fcnderb\u00fcro, das Fab Lab und das EXIST-Projekt ventUS der Universit\u00e4t Siegen sind ebenso dort untergebracht wie das Zentrum f\u00fcr die Digitalisierung der Wirtschaft und das Team von Startpunkt57, bestehend aus Vertreterinnen und Vertretern der Mitgliedseinrichtungen. Dazu geh\u00f6ren Universit\u00e4t Siegen, Kreis Siegen-Wittgenstein, IHK Siegen, die drei Sparkassen und drei Volksbanken im Kreis Siegen-Wittgenstein, der Siegerlandfonds, sechs St\u00e4dte und Gemeinden (darunter die Stadt Siegen), die Wirtschaftsjunioren S\u00fcdwestfalen, die Kreishandwerkerschaft, die WCG und die Hill GmbH.<\/p>\n<p>Das Thema Gr\u00fcndung ist an der Universit\u00e4t Siegen stark verankert. So wird das Projekt EnableUS vom NRW-Ministerium f\u00fcr Wirtschaft, Innovation, Digitalisierung und Energie mit rund 2,2 Millionen Euro gef\u00f6rdert. Bis Ende 2024 soll dadurch die Anzahl von Gr\u00fcndungen aus der Universit\u00e4t deutlich steigen, insbesondere im sozialen Bereich.<\/p>\n<p>Text und Foto: <a href=\"https:\/\/www.uni-siegen.de\/start\/\" target=\"_blank\" rel=\"noopener\">Universit\u00e4t Siegen<\/a><\/p>\n","protected":false},"excerpt":{"rendered":"<p>Das \u201eHaus der Innovation\u201c in der Siegener Sandstra\u00dfe ist seit November 2020 die zentrale Adresse f\u00fcr alle Gr\u00fcnderinnen, Gr\u00fcnder und Gr\u00fcndungsinteressierten. Hier haben die Universit\u00e4t&#8230;<\/p>\n","protected":false},"author":6,"featured_media":28382,"comment_status":"open","ping_status":"open","sticky":false,"template":"","format":"standard","meta":{"_jetpack_memberships_contains_paid_content":false,"footnotes":""},"categories":[1,32,30,11],"tags":[],"class_list":["post-28381","post","type-post","status-publish","format-standard","has-post-thumbnail","hentry","category-aktuell","category-infos","category-vermischtes","category-regionale-wirtschaft"],"jetpack_featured_media_url":"https:\/\/www.vdsm.net\/wronline\/wp-content\/uploads\/2022\/05\/Uni-Vertrag-Sparkasse-Medien_WEB.jpg","jetpack_sharing_enabled":true,"_links":{"self":[{"href":"https:\/\/www.vdsm.net\/wronline\/wp-json\/wp\/v2\/posts\/28381","targetHints":{"allow":["GET"]}}],"collection":[{"href":"https:\/\/www.vdsm.net\/wronline\/wp-json\/wp\/v2\/posts"}],"about":[{"href":"https:\/\/www.vdsm.net\/wronline\/wp-json\/wp\/v2\/types\/post"}],"author":[{"embeddable":true,"href":"https:\/\/www.vdsm.net\/wronline\/wp-json\/wp\/v2\/users\/6"}],"replies":[{"embeddable":true,"href":"https:\/\/www.vdsm.net\/wronline\/wp-json\/wp\/v2\/comments?post=28381"}],"version-history":[{"count":3,"href":"https:\/\/www.vdsm.net\/wronline\/wp-json\/wp\/v2\/posts\/28381\/revisions"}],"predecessor-version":[{"id":28385,"href":"https:\/\/www.vdsm.net\/wronline\/wp-json\/wp\/v2\/posts\/28381\/revisions\/28385"}],"wp:featuredmedia":[{"embeddable":true,"href":"https:\/\/www.vdsm.net\/wronline\/wp-json\/wp\/v2\/media\/28382"}],"wp:attachment":[{"href":"https:\/\/www.vdsm.net\/wronline\/wp-json\/wp\/v2\/media?parent=28381"}],"wp:term":[{"taxonomy":"category","embeddable":true,"href":"https:\/\/www.vdsm.net\/wronline\/wp-json\/wp\/v2\/categories?post=28381"},{"taxonomy":"post_tag","embeddable":true,"href":"https:\/\/www.vdsm.net\/wronline\/wp-json\/wp\/v2\/tags?post=28381"}],"curies":[{"name":"wp","href":"https:\/\/api.w.org\/{rel}","templated":true}]}}