{"id":28250,"date":"2022-04-20T15:15:11","date_gmt":"2022-04-20T13:15:11","guid":{"rendered":"https:\/\/www.vdsm.net\/wronline\/?p=28250"},"modified":"2022-04-20T15:15:27","modified_gmt":"2022-04-20T13:15:27","slug":"70-jahre-ruettelplatten-made-by-weber-mt","status":"publish","type":"post","link":"https:\/\/www.vdsm.net\/wronline\/70-jahre-ruettelplatten-made-by-weber-mt\/","title":{"rendered":"70 Jahre R\u00fcttelplatten \u201eMade by Weber MT\u201c"},"content":{"rendered":"<p>Als sich der gelernte Maurer, G\u00fcnther Weber, 1952 in seinem Heimatort R\u00fcckershausen mit dem Handel von Bauwerkzeugen selbst\u00e4ndig machte, ahnte er wohl noch nicht, dass aus den kleinen Anf\u00e4ngen sp\u00e4ter ein branchenbekanntes Unternehmen hervorgehen sollte.<\/p>\n<p>Nach einigen Jahren Handelst\u00e4tigkeit konnte Weber auf die Anfrage eines Kunden nach einer R\u00fcttelplatte f\u00fcr ein bestimmtes Einsatzgebiet nichts Ad\u00e4quates anbieten und t\u00fcftelte fortan an eigenen Produkten. Sein erstes Modell einer R\u00fcttel- bzw. Vibrationsplatte trug die Bezeichnung WVP 450 &#8211; der Sprung in das produzierende Gewerbe war gemacht.<\/p>\n<p>Heute sieht sich Weber MT, so die Kurzform der Weber Maschinentechnik GmbH, als Spezialist f\u00fcr handgef\u00fchrte Verdichtungstechnik. Die Produkte kommen im Baugewerbe zum Einsatz und dienen beispielsweise der Verdichtung von Erde, Kies und Sand oder sind unerl\u00e4ssliche Helfer bei Pflasterarbeiten. Innerhalb Europas z\u00e4hlt man zu den Marktf\u00fchrern. Grund genug, um einen Blick auf die 70-j\u00e4hrige Geschichte zu werfen.<\/p>\n<p><strong>Der Weg zum Global-Player<\/strong><\/p>\n<p>Der Ausbau der Produktpalette, zahlreiche technische Weiterentwicklungen und Patente bereiteten den Weg f\u00fcr die heutige Gr\u00f6\u00dfe des Unternehmens. Die Erfindung der sogenannten Wefix-Schaltung erm\u00f6glichte es zum Beispiel, auch leichtere R\u00fcttelplatten mit Vor- und R\u00fccklauf zu betreiben. In den 1970er Jahren fertigte man bei Weber zeitweise reversierbare Bodenverdichter f\u00fcr namhafte Gro\u00dfmaschinenhersteller, die dadurch ihr Programm erg\u00e4nzten. In der Folgezeit stellte sich Weber MT zunehmend international st\u00e4rker auf. Parallel zum Ausbau des Exports erfolgte die Gr\u00fcndung mehrerer Tochterfirmen. Zun\u00e4chst in Frankreich und den Niederlanden; sp\u00e4ter kamen die USA, Brasilien, Polen und Tschechien hinzu.<\/p>\n<p>Zur Jahrtausendwende schied der Firmengr\u00fcnder G\u00fcnther Weber aus dem Unternehmen aus. Sein Sohn Wolfgang Weber, der bislang als Gesch\u00e4ftsf\u00fchrer Vertrieb fungierte, \u00fcbernahm die alleinige Gesch\u00e4ftsf\u00fchrung. Eine Restrukturierung des Unternehmens pr\u00e4gte die folgenden Jahre. Forschung und Entwicklung wurden ausgebaut, zahlreiche Produkte nach und nach \u00fcberarbeitet und der Fokus auf die Kernkompetenz des Unternehmens gelegt. Ein neues Logo und die Produktfarben Blau und Grau verdeutlichten die Neuausrichtung.<\/p>\n<p>F\u00fcr Aufsehen in der Branche sorgte Weber MT im Jahr 2004. Auf der Fachmesse BAUMA in M\u00fcnchen wurde unter der Produktbezeichnung COMPATROL die erste fl\u00e4chendeckende Verdichtungskontrolle f\u00fcr handgef\u00fchrte Bodenverdichter vorgestellt. In Zusammenarbeit mit der Universit\u00e4t Siegen und nach unz\u00e4hligen Testl\u00e4ufen konnte eine Verdichtungskontrolle der \u00d6ffentlichkeit pr\u00e4sentiert werden, die bis dato nur bei gro\u00dfen Stra\u00dfenwalzen zu finden war. Heute werden \u00e4hnliche Messsysteme auch von anderen bedeutenden Herstellern handgef\u00fchrter Bodenverdichter angeboten. Aber, wie sagt man so sch\u00f6n: Wer hat\u2019s erfunden?<\/p>\n<p><strong>Familienunternehmen in dritter Generation<\/strong><\/p>\n<p>Vor vier Jahren ging die Gesch\u00e4ftsf\u00fchrung flie\u00dfend auf die nunmehr dritte Generation \u00fcber. Katharina Weber, kaufm\u00e4nnische Gesch\u00e4ftsf\u00fchrerin, und Matthias Weber, technischer Gesch\u00e4ftsf\u00fchrer, vertreten gemeinsam das Unternehmen, nachdem sie es durch unterschiedliche Aufgaben und Leitungsfunktionen von allen Seiten kennengelernt haben.<\/p>\n<p>\u201eDie Digitalisierung wird in viele Bereiche und Produkte weiterhin Einzug halten\u201c, so kommentiert Gesch\u00e4ftsf\u00fchrer Matthias Weber eine der k\u00fcnftigen Herausforderungen. \u201eBereits vor ein paar Jahren haben wir die Fertigung auf die sogenannte One-Piece-Flow-Produktion umgestellt. Diese Art der Fertigung erm\u00f6glicht eine flexible und st\u00e4rker an den Bedarf angepasste Produktion. Ein neues ERP-System unterst\u00fctzt uns bei der Planung.\u201c<\/p>\n<p>Seinen Kunden bietet Weber MT seit kurzem eine Service-App an. Diese Handy-Anwendung erm\u00f6glicht zum Beispiel den On- und Offline Zugang zu Bedienungsanleitungen, Ersatzteillisten und Service-Videos. Einzigartig auf dem Markt ist ein sogenannter MDM-Motorschutz, der bestimmte Parameter des Antriebsmotors \u00fcberwacht und ihn damit vor Ausf\u00e4llen sch\u00fctzt. In diesem Zusammenhang wird zus\u00e4tzlich eine Telematikfunktion mit GPS-Ortung der Maschine angeboten. Den Anforderungen an emissionsfreie Baustellen folgend, begann zum Saisonstart 2022 die Pr\u00e4sentation von f\u00fcnf unterschiedlichen Maschinen, die mit Elektromotor bzw. Akkutechnik ausgestattet sind.<\/p>\n<p><strong>Marktposition weiter ausbauen<\/strong><\/p>\n<div id=\"attachment_28252\" style=\"width: 310px\" class=\"wp-caption alignright\"><a href=\"https:\/\/www.vdsm.net\/wronline\/wp-content\/uploads\/2022\/04\/WeberMT-Montage-Bodenverdichter2_WEB.jpg\"><img loading=\"lazy\" decoding=\"async\" aria-describedby=\"caption-attachment-28252\" class=\"size-medium wp-image-28252\" src=\"https:\/\/www.vdsm.net\/wronline\/wp-content\/uploads\/2022\/04\/WeberMT-Montage-Bodenverdichter2_WEB-300x200.jpg\" alt=\"\" width=\"300\" height=\"200\" srcset=\"https:\/\/www.vdsm.net\/wronline\/wp-content\/uploads\/2022\/04\/WeberMT-Montage-Bodenverdichter2_WEB-300x200.jpg 300w, https:\/\/www.vdsm.net\/wronline\/wp-content\/uploads\/2022\/04\/WeberMT-Montage-Bodenverdichter2_WEB-768x512.jpg 768w, https:\/\/www.vdsm.net\/wronline\/wp-content\/uploads\/2022\/04\/WeberMT-Montage-Bodenverdichter2_WEB.jpg 777w\" sizes=\"auto, (max-width: 300px) 100vw, 300px\" \/><\/a><p id=\"caption-attachment-28252\" class=\"wp-caption-text\">Das Produktportfolio von Weber MT umfasst vorw\u00e4rtslaufende Vibrationsplatten, reversierbare Bodenverdichter, Vibrationsstampfer, handgef\u00fchrte Walzen und Grabenwalzen. Beton-Innenr\u00fcttler zur Verdichtung von Beton und Fugenschneider erg\u00e4nzen das Angebot.<\/p><\/div>\n<p>Weber MT ist nach wie vor ein inhabergef\u00fchrtes Familienunternehmen und besch\u00e4ftigt rund 200 Mitarbeiter\/innen, inklusive der Tochterfirmen. Zuletzt verlie\u00dfen rund 18.000 Produkte pro Jahr die Fertigungshallen am zentralen Unternehmensstandort R\u00fcckershausen \u2013 Tendenz steigend. Das Produktportfolio umfasst vorw\u00e4rtslaufende Vibrationsplatten, reversierbare Bodenverdichter, Vibrationsstampfer, handgef\u00fchrte Walzen und Grabenwalzen. Beton-Innenr\u00fcttler zur Verdichtung von Beton und Fugenschneider erg\u00e4nzen das Angebot. Knapp 60 Prozent des Umsatzes werden im Export erzielt. Gr\u00f6\u00dfter und damit wichtigster Einzelmarkt sind die USA.<\/p>\n<p>In den letzten beiden Jahren konnte der Umsatz stark ausgebaut werden und Weber MT verzeichnete die umsatzst\u00e4rksten Jahre der Unternehmensgeschichte. Die Auftragsb\u00fccher der Bauindustrie &#8211; und bei Weber MT &#8211; sind gut gef\u00fcllt. Deshalb rechnet man mit einer weiteren Absatzsteigerung.<\/p>\n<p>\u201eWir setzen uns ambitionierte Ziele\u201c, so umschreibt Gesch\u00e4ftsf\u00fchrerin Katharina Weber die Zukunft des Unternehmens. \u201eDie Leidenschaft zur Technik und unser Anspruch an h\u00f6chste Qualit\u00e4t bieten eine gute Basis f\u00fcr weiteres Wachstum. Dabei haben wir zahlreiche M\u00e4rkte in Europa, S\u00fcdamerika und vor allem die USA fest im Blick. Hier wollen wir wachsen und unsere Marktposition weiter ausbauen.\u201c<\/p>\n<p>Text und Fotos: <a href=\"https:\/\/www.webermt.com\/\" target=\"_blank\" rel=\"noopener\">Weber Maschinentechnik GmbH<\/a><\/p>\n","protected":false},"excerpt":{"rendered":"<p>Als sich der gelernte Maurer, G\u00fcnther Weber, 1952 in seinem Heimatort R\u00fcckershausen mit dem Handel von Bauwerkzeugen selbst\u00e4ndig machte, ahnte er wohl noch nicht, dass&#8230;<\/p>\n","protected":false},"author":6,"featured_media":28251,"comment_status":"open","ping_status":"open","sticky":false,"template":"","format":"standard","meta":{"_jetpack_memberships_contains_paid_content":false,"footnotes":""},"categories":[1,32,10],"tags":[],"class_list":["post-28250","post","type-post","status-publish","format-standard","has-post-thumbnail","hentry","category-aktuell","category-infos","category-unternehmen"],"jetpack_featured_media_url":"https:\/\/www.vdsm.net\/wronline\/wp-content\/uploads\/2022\/04\/WeberMT-Geschaeftsleitung-CEO_WEB.jpg","jetpack_sharing_enabled":true,"_links":{"self":[{"href":"https:\/\/www.vdsm.net\/wronline\/wp-json\/wp\/v2\/posts\/28250","targetHints":{"allow":["GET"]}}],"collection":[{"href":"https:\/\/www.vdsm.net\/wronline\/wp-json\/wp\/v2\/posts"}],"about":[{"href":"https:\/\/www.vdsm.net\/wronline\/wp-json\/wp\/v2\/types\/post"}],"author":[{"embeddable":true,"href":"https:\/\/www.vdsm.net\/wronline\/wp-json\/wp\/v2\/users\/6"}],"replies":[{"embeddable":true,"href":"https:\/\/www.vdsm.net\/wronline\/wp-json\/wp\/v2\/comments?post=28250"}],"version-history":[{"count":1,"href":"https:\/\/www.vdsm.net\/wronline\/wp-json\/wp\/v2\/posts\/28250\/revisions"}],"predecessor-version":[{"id":28253,"href":"https:\/\/www.vdsm.net\/wronline\/wp-json\/wp\/v2\/posts\/28250\/revisions\/28253"}],"wp:featuredmedia":[{"embeddable":true,"href":"https:\/\/www.vdsm.net\/wronline\/wp-json\/wp\/v2\/media\/28251"}],"wp:attachment":[{"href":"https:\/\/www.vdsm.net\/wronline\/wp-json\/wp\/v2\/media?parent=28250"}],"wp:term":[{"taxonomy":"category","embeddable":true,"href":"https:\/\/www.vdsm.net\/wronline\/wp-json\/wp\/v2\/categories?post=28250"},{"taxonomy":"post_tag","embeddable":true,"href":"https:\/\/www.vdsm.net\/wronline\/wp-json\/wp\/v2\/tags?post=28250"}],"curies":[{"name":"wp","href":"https:\/\/api.w.org\/{rel}","templated":true}]}}