{"id":282,"date":"2011-12-22T13:41:28","date_gmt":"2011-12-22T12:41:28","guid":{"rendered":"http:\/\/www.vdsm.net\/wronline\/?p=282"},"modified":"2011-12-22T13:41:28","modified_gmt":"2011-12-22T12:41:28","slug":"schwierige-zeiten-fur-grunder-aus-der-arbeitslosigkeit","status":"publish","type":"post","link":"https:\/\/www.vdsm.net\/wronline\/schwierige-zeiten-fur-grunder-aus-der-arbeitslosigkeit\/","title":{"rendered":"Schwierige Zeiten f\u00fcr Gr\u00fcnder aus der Arbeitslosigkeit"},"content":{"rendered":"<p>Siegen, 22. Dezember 2011. Arbeitlose, die sich selbstst\u00e4ndig machen wollen, haben es k\u00fcnftig schwerer. Sie erhalten zwar nach wie vor von der Agentur f\u00fcr Arbeit den Gr\u00fcndungszuschuss zur Sicherung des Lebensunterhalts \u2013 aber die Bedingungen f\u00fcr die F\u00f6rderung werden sich \u00e4ndern. Rolf Kettler, Gr\u00fcndungsberater der Industrie- und Handelskammer Siegen (IHK): \u201eKonkret bedeutet das: Der Gr\u00fcndungszuschuss wird schwieriger zu erhalten sein und es gibt weniger Geld.\u201c<\/p>\n<p>Die mit den Neuregelungen verbundenen K\u00fcrzungen sind politisch beschlossen und werden in K\u00fcrze in Kraft treten. Nach dem \u201eGesetz zur Verbesserung der Eingliederungschancen am Arbeitsmarkt\u201c werden k\u00fcnftig die Arbeitsagenturen nach eigenem Ermessen entscheiden, ob der Zuschuss gew\u00e4hrt wird. Der bisher bestehende Rechtsanspruch auf F\u00f6rderung entf\u00e4llt damit. Die Zuschussf\u00f6rderung\u00a0 wird in der ersten F\u00f6rderphase von neun auf sechs Monate gek\u00fcrzt, entsprechend die zweite F\u00f6rderphase auf neun Monate verl\u00e4ngert. Und: Antragsteller m\u00fcssen noch mindestens 150 Tage Restanspruchsdauer auf ALG I nachweisen, bislang sind es 90 Tage. Ein Antragsteller mit einem Arbeitslosengeld-I-Anspruch von einem Jahr muss also ab Beginn seiner Arbeitslosigkeit innerhalb von sieben Monaten seinen Antrag stellen, bislang hat er neun Monate Zeit.<\/p>\n<p>Nach bisher vorliegenden Informationen werden sich auch die insgesamt von der Bundesagentur f\u00fcr Arbeit zur Verf\u00fcgung gestellten finanziellen Mittel deutlich reduzieren. Die Konsequenz wird sein, dass weniger Gr\u00fcndungswillige gef\u00f6rdert werden k\u00f6nnen. Insgesamt bleibt abzuwarten, wie sich das F\u00f6rdergeschehen in Zukunft entwickeln wird.<\/p>\n<p>Nach Erfahrungen der IHK Siegen hat sich in den letzten Jahren eine Vielzahl von Existenzgr\u00fcndern aus der Arbeitslosigkeit erfolgreich selbstst\u00e4ndig gemacht. In einer Blitzumfrage bei 350 gef\u00f6rderten Existenzgr\u00fcndern der Jahre 2009 bis 2011 hat die IHK Siegen die Bestandsf\u00e4higkeit und die Einstellung zum Gr\u00fcndungszuschuss festgestellt. Geantwortet haben 79 Personen. Hiervon \u00fcben 89 Prozent ihre selbst\u00e4ndige T\u00e4tigkeit noch aus, die restlichen Personen sind \u00fcberwiegend wieder in ein Besch\u00e4ftigungsverh\u00e4ltnis gewechselt. Bei knapp 59,9 Prozent der aktuell noch Selbst\u00e4ndigen haben sich die in die Existenzgr\u00fcndung gestellten Erwartungen erf\u00fcllt. Was den finanziellen Stellenwert des Gr\u00fcndungszuschusses betrifft sind 97 Prozent der Meinung, die F\u00f6rderung hat ihnen bei der Aufnahme der Selbst\u00e4ndigkeit sehr geholfen. Von 47 Prozent der Selbst\u00e4ndigen wird die alte F\u00f6rderdauer von 9 Monaten als angemessen beurteilt; 51 Prozent sind der Auffassung, dass sie zu kurz gewesen sei. Auch wenn die Ergebnisse nur ein Trend und eine Momentaufnahme sind, hat sich die F\u00f6rderung aus der Sicht der Gr\u00fcnder bew\u00e4hrt, so die IHK. Ob sich dieser positive Trend auch unter Ber\u00fccksichtigung der neuen F\u00f6rdermodalit\u00e4ten fortsetzen wird, bleibt abzuwarten.<\/p>\n<p>Die IHK m\u00f6chte jeden von der Arbeitslosigkeit Betroffenen ermutigen, die Alternative \u201eUnternehmerische Selbst\u00e4ndigkeit\u201c zu pr\u00fcfen. Stimmen die pers\u00f6nlichen Voraussetzungen, die Qualifikation und das Unternehmenskonzept, kann die Existenzgr\u00fcndung eine sinnvolle Alternative zur Arbeitslosigkeit und auch zum Besch\u00e4ftigungsverh\u00e4ltnis darstellen. Vor dem Schritt in die Selbst\u00e4ndigkeit ist jedoch wichtig, sich umfassend zu informieren.<\/p>\n","protected":false},"excerpt":{"rendered":"<p>Siegen, 22. Dezember 2011. Arbeitlose, die sich selbstst\u00e4ndig machen wollen, haben es k\u00fcnftig schwerer. Sie erhalten zwar nach wie vor von der Agentur f\u00fcr Arbeit&#8230;<\/p>\n","protected":false},"author":2,"featured_media":0,"comment_status":"open","ping_status":"open","sticky":false,"template":"","format":"standard","meta":{"_jetpack_memberships_contains_paid_content":false,"footnotes":""},"categories":[16],"tags":[],"class_list":["post-282","post","type-post","status-publish","format-standard","hentry","category-arbeitsmarkt"],"jetpack_featured_media_url":"","jetpack_sharing_enabled":true,"_links":{"self":[{"href":"https:\/\/www.vdsm.net\/wronline\/wp-json\/wp\/v2\/posts\/282","targetHints":{"allow":["GET"]}}],"collection":[{"href":"https:\/\/www.vdsm.net\/wronline\/wp-json\/wp\/v2\/posts"}],"about":[{"href":"https:\/\/www.vdsm.net\/wronline\/wp-json\/wp\/v2\/types\/post"}],"author":[{"embeddable":true,"href":"https:\/\/www.vdsm.net\/wronline\/wp-json\/wp\/v2\/users\/2"}],"replies":[{"embeddable":true,"href":"https:\/\/www.vdsm.net\/wronline\/wp-json\/wp\/v2\/comments?post=282"}],"version-history":[{"count":1,"href":"https:\/\/www.vdsm.net\/wronline\/wp-json\/wp\/v2\/posts\/282\/revisions"}],"predecessor-version":[{"id":283,"href":"https:\/\/www.vdsm.net\/wronline\/wp-json\/wp\/v2\/posts\/282\/revisions\/283"}],"wp:attachment":[{"href":"https:\/\/www.vdsm.net\/wronline\/wp-json\/wp\/v2\/media?parent=282"}],"wp:term":[{"taxonomy":"category","embeddable":true,"href":"https:\/\/www.vdsm.net\/wronline\/wp-json\/wp\/v2\/categories?post=282"},{"taxonomy":"post_tag","embeddable":true,"href":"https:\/\/www.vdsm.net\/wronline\/wp-json\/wp\/v2\/tags?post=282"}],"curies":[{"name":"wp","href":"https:\/\/api.w.org\/{rel}","templated":true}]}}