{"id":28191,"date":"2022-04-13T09:27:13","date_gmt":"2022-04-13T07:27:13","guid":{"rendered":"https:\/\/www.vdsm.net\/wronline\/?p=28191"},"modified":"2022-04-13T16:35:05","modified_gmt":"2022-04-13T14:35:05","slug":"kreis-erhaelt-guetesiegel-mittelstandsorientierte-kommunalverwaltung","status":"publish","type":"post","link":"https:\/\/www.vdsm.net\/wronline\/kreis-erhaelt-guetesiegel-mittelstandsorientierte-kommunalverwaltung\/","title":{"rendered":"Kreis erh\u00e4lt G\u00fctesiegel \u201eMittelstandsorientierte Kommunalverwaltung\u201c"},"content":{"rendered":"<p>\u201eDie Kreisverwaltung Siegen-Wittgenstein versteht sich als Partner unserer erfolgreichen heimischen Unternehmen\u201c, sagt Landrat Andreas M\u00fcller: \u201eDiese ben\u00f6tigen eine schnelle und zuverl\u00e4ssige Kommunalverwaltung, um sich weiterentwickeln und auch k\u00fcnftig erfolgreich vor der Haust\u00fcre und auf den weltweiten M\u00e4rkten agieren zu k\u00f6nnen. Deshalb sind Wirtschaftsfreundlichkeit und Mittelstandsorientierung ganz wesentliche strategische Ziele der Kreisverwaltung\u201c, so M\u00fcller.<\/p>\n<p>Um dies auch nach au\u00dfen sichtbar zu machen, hat sich die Kreisverwaltung jetzt auf den Pr\u00fcfstand gestellt und das Verfahren zur Zertifizierung mit dem RAL-G\u00fctezeichen \u201eMittelstandsorientierte Kommunalverwaltung\u201c durchlaufen. Der T\u00dcV Nord hat die Zertifizierung durchgef\u00fchrt \u2013 mit positivem Ergebnis: Die Kreisverwaltung Siegen-Wittgenstein darf sich jetzt ganz offiziell \u201eMittelstandsorientierte Verwaltung\u201c nennen. Das G\u00fctezeichen wurde nun von Madita Beeckmann, Gesch\u00e4ftsf\u00fchrerin der G\u00fctegemeinschaft \u201eMittelstandsorientierte Kommunalverwaltung\u201c, an Landrat Andreas M\u00fcller \u00fcberreicht.<\/p>\n<p>Im April 2006 hatte sich die G\u00fctegemeinschaft Mittelstandsorientierte Kommunalverwaltungen e.V. mit Unterst\u00fctzung und F\u00f6rderung durch das NRW-Wirtschaftsministerium in D\u00fcsseldorf gegr\u00fcndet, um bundesweit einheitliche G\u00fctekriterien f\u00fcr die Mittelstandsorientierung von Kommunen zu entwickeln.<\/p>\n<p>Das G\u00fctesiegel wird verliehen, wenn eine Verwaltung 14 Serviceversprechen einh\u00e4lt. Zu den Serviceversprechen z\u00e4hlt unter anderem der Versand einer qualifizierten Eingangsbest\u00e4tigung innerhalb von sieben Arbeitstagen bzw. im Optimalfall die Bewilligung des Antrags. So muss eine Entscheidung \u00fcber gewerbliche Bauvorhaben innerhalb von 40 Arbeitstagen gef\u00e4llt sowie Auftragsrechnungen mittelst\u00e4ndischer Unternehmen innerhalb von 15 Arbeitstagen bezahlt werden. Genehmigungen von Schwertransporten m\u00fcssen rechtzeitig vor Transportbeginn erteilt und auf Beschwerden innerhalb von maximal drei Arbeitstagen reagiert werden. Wenn ein Unternehmen telefonisch oder per Mail eine Anfrage stellt, muss diese innerhalb eines Arbeitstages beantwortet werden. Ein Verwaltungswegweiser f\u00fcr den Mittelstand direkt auf der Startseite der Homepage des Kreises enth\u00e4lt alle Ansprechpartner f\u00fcr Themen wie Wirtschaftsf\u00f6rderung, Existenzgr\u00fcndung oder auch Genehmigung von Bauvorhaben.<\/p>\n<p>Bisher haben sich bundesweit erst 28 Kommunalverwaltungen mit dem G\u00fctesiegel \u201eMittelstandsorientierte Kommunalverwaltung\u201c zertifizieren lassen. \u201eDamit sind wir nun eine von bisher nur 16 Kreisverwaltungen, die diese Serviceversprechen von besonders kurzen Bearbeitungs- und Genehmigungszeiten vom T\u00dcV \u00fcberpr\u00fcft einhalten\u201c, unterstreicht der Landrat: \u201eDas ist die beste Wirtschaftsf\u00f6rderung f\u00fcr die Region: Sich als Unternehmen auf seine Verwaltung verlassen zu k\u00f6nnen, wenn es drauf ankommt!\u201c so Andreas M\u00fcller.<\/p>\n<p>Durch die Umsetzung der Serviceversprechen schafft der Kreis Siegen-Wittgenstein mehr Transparenz in Verwaltungsleistungen und gibt durch feste Terminzusagen mittelst\u00e4ndischen Unternehmen zeitliche und finanzielle Planungssicherheit. \u201eDas ist in einem Umfeld, das immer schnellere Entscheidungsprozesse erfordert, nicht nur f\u00fcr unsere zahlreichen Weltmarktf\u00fchrer enorm wichtig\u201c, betont Markus Menn, Leiter der Stabsstelle Wirtschaftsf\u00f6rderung, Klimaschutz und Mobilit\u00e4t: \u201eMit dem RAL G\u00fctezeichen \u201aMittelstandsorientierte Kommunalverwaltung\u2018 kann die Kreisverwaltung nun auch nach au\u00dfen sichtbar dokumentieren, dass wir uns als kompetenter und verl\u00e4sslicher Partner f\u00fcr unsere Wirtschaft verstehen.\u201c<\/p>\n<p>Die Einhaltung der Bestimmungen wird regelm\u00e4\u00dfig durch die Verwaltungen selbst und alle zwei Jahre durch ein neutrales Pr\u00fcfinstitut \u00fcberwacht. Und so ist die Verleihung des G\u00fctezeichens f\u00fcr den Landrat auch kein Schlusspunkt, sondern st\u00e4ndiger Auftrag zur Weiterentwicklung: \u201eDenn damit senden wir nicht nur an heimische Unternehmen, sondern auch an Investoren das Signal: Wir nehmen Ihre Interessen ernst. Bei uns sind Sie gut aufgehoben!\u201c<\/p>\n<p>Text und Foto: <a href=\"http:\/\/www.siegen-wittgenstein.de\" target=\"_blank\" rel=\"noopener\">Kreis Siegen-Wittgenstein<\/a><\/p>\n","protected":false},"excerpt":{"rendered":"<p>\u201eDie Kreisverwaltung Siegen-Wittgenstein versteht sich als Partner unserer erfolgreichen heimischen Unternehmen\u201c, sagt Landrat Andreas M\u00fcller: \u201eDiese ben\u00f6tigen eine schnelle und zuverl\u00e4ssige Kommunalverwaltung, um sich weiterentwickeln&#8230;<\/p>\n","protected":false},"author":6,"featured_media":28192,"comment_status":"open","ping_status":"open","sticky":false,"template":"","format":"standard","meta":{"_jetpack_memberships_contains_paid_content":false,"footnotes":""},"categories":[1,32,30],"tags":[],"class_list":["post-28191","post","type-post","status-publish","format-standard","has-post-thumbnail","hentry","category-aktuell","category-infos","category-vermischtes"],"jetpack_featured_media_url":"https:\/\/www.vdsm.net\/wronline\/wp-content\/uploads\/2022\/04\/Uebergabe-RAL-Guetezeichen_WEB.jpg","jetpack_sharing_enabled":true,"_links":{"self":[{"href":"https:\/\/www.vdsm.net\/wronline\/wp-json\/wp\/v2\/posts\/28191","targetHints":{"allow":["GET"]}}],"collection":[{"href":"https:\/\/www.vdsm.net\/wronline\/wp-json\/wp\/v2\/posts"}],"about":[{"href":"https:\/\/www.vdsm.net\/wronline\/wp-json\/wp\/v2\/types\/post"}],"author":[{"embeddable":true,"href":"https:\/\/www.vdsm.net\/wronline\/wp-json\/wp\/v2\/users\/6"}],"replies":[{"embeddable":true,"href":"https:\/\/www.vdsm.net\/wronline\/wp-json\/wp\/v2\/comments?post=28191"}],"version-history":[{"count":1,"href":"https:\/\/www.vdsm.net\/wronline\/wp-json\/wp\/v2\/posts\/28191\/revisions"}],"predecessor-version":[{"id":28193,"href":"https:\/\/www.vdsm.net\/wronline\/wp-json\/wp\/v2\/posts\/28191\/revisions\/28193"}],"wp:featuredmedia":[{"embeddable":true,"href":"https:\/\/www.vdsm.net\/wronline\/wp-json\/wp\/v2\/media\/28192"}],"wp:attachment":[{"href":"https:\/\/www.vdsm.net\/wronline\/wp-json\/wp\/v2\/media?parent=28191"}],"wp:term":[{"taxonomy":"category","embeddable":true,"href":"https:\/\/www.vdsm.net\/wronline\/wp-json\/wp\/v2\/categories?post=28191"},{"taxonomy":"post_tag","embeddable":true,"href":"https:\/\/www.vdsm.net\/wronline\/wp-json\/wp\/v2\/tags?post=28191"}],"curies":[{"name":"wp","href":"https:\/\/api.w.org\/{rel}","templated":true}]}}