{"id":28073,"date":"2022-03-31T11:25:49","date_gmt":"2022-03-31T09:25:49","guid":{"rendered":"https:\/\/www.vdsm.net\/wronline\/?p=28073"},"modified":"2022-03-31T11:28:42","modified_gmt":"2022-03-31T09:28:42","slug":"arbeitsmarkt-auch-im-maerz-stabil-zahl-der-beschaeftigten-steigt","status":"publish","type":"post","link":"https:\/\/www.vdsm.net\/wronline\/arbeitsmarkt-auch-im-maerz-stabil-zahl-der-beschaeftigten-steigt\/","title":{"rendered":"Arbeitsmarkt auch im M\u00e4rz stabil &#8211; Zahl der Besch\u00e4ftigten steigt"},"content":{"rendered":"<p>Auch in diesem Monat zeigt sich der regionale Arbeitsmarkt stabil. Die Zahl der Arbeitslosen in den Kreisen Siegen-Wittgenstein und Olpe ist erneut gesunken. \u201eSeit der Wiedervereinigung k\u00f6nnen wir f\u00fcr den Agenturbezirk den zweitgeringsten Bestand an Arbeitslosen in einem M\u00e4rz verzeichnen. Nur das Konjunkturhoch in 2019 bescherte uns geringere Zahlen\u201c, berichtet Daniela Tomczak, Leiterin der Agentur f\u00fcr Arbeit Siegen. In diesem Monat kann die Arbeitsagentur nun auch die Zahl der versicherungspflichtig Besch\u00e4ftigten aus September 2021, dem letzten Quartalsstichtag der Besch\u00e4ftigungsstatistik mit gesicherten Angaben, auswerten. \u201eTrotz der pandemiebedingten Ma\u00dfnahmen ist die Zahl der sozialversicherungspflichtig Besch\u00e4ftigten im Vergleich zum Vorjahr um 1.631 Personen auf 180.649 Besch\u00e4ftigte gestiegen\u201c, so Tomczak. Die Expertin sieht trotz der positiven Entwicklung deutliche Auswirkungen der Pandemie auf die Besch\u00e4ftigtenstruktur. \u201eVor allem in den Bereichen Heime und Sozialwesen und im Baugewerbe wurden w\u00e4hrend Corona mehr Arbeitskr\u00e4fte eingestellt und hier ist der h\u00f6chste Anstieg der Besch\u00e4ftigten zu erkennen. Das ist f\u00fcr unsere gewerblich gepr\u00e4gte Branchenstruktur eher ungew\u00f6hnlich\u201c, erkl\u00e4rt sie.<\/p>\n<p><strong>Der Arbeitsmarkt im \u00dcberblick<\/strong><\/p>\n<p><strong>Arbeitslosigkeit<br \/>\n<\/strong>Die Zahl der Arbeitslosen im Agenturbezirk Siegen ist im M\u00e4rz 2022 gesunken. Insgesamt waren 10.063 Personen arbeitslos gemeldet. Verglichen mit den Zahlen des Vormonates sind dies 284 Personen oder 2,7 Prozent weniger. Im Vergleich zum M\u00e4rz des Vorjahres sinkt die Zahl der Arbeitslosen um 2.453 Personen bzw. 19,6 Prozent. Die Arbeitslosenquote auf Basis aller zivilen Erwerbspersonen betr\u00e4gt 4,3 Prozent. Vor einem Jahr belief sie sich auf 5,3 Prozent (-1,0 Prozentpunkte).<\/p>\n<p><strong>Jugendarbeitslosigkeit<br \/>\n<\/strong>924 Arbeitslose sind im Berichtsmonat unter 25 Jahre alt. Im Vormonat waren dies noch 68 und im gleichen Monat des Vorjahres 383 junge Menschen mehr. Die prozentuale Ver\u00e4nderung bel\u00e4uft sich somit auf -6,9 Prozent zum vorherigen Monat bzw. -29,3 Prozent im Vorjahresvergleich.<\/p>\n<p><strong>\u00c4ltere Arbeitslose<br \/>\n<\/strong>Die Anzahl arbeitsloser Personen ab 50 Jahre ist im Vergleich zum Vormonat um 97 Personen oder 2,5 Prozent gesunken. Im Vergleich zum Vorjahr sind es 510 Arbeitslose weniger (-11,7 Prozent).) Insgesamt sind 3.845 Menschen ab 50 Jahre in der Arbeitsagentur Siegen von Arbeitslosigkeit betroffen.<\/p>\n<p><strong>Langzeitarbeitslose<br \/>\n<\/strong>Die Zahl der Langzeitarbeitslosen ist im Berichtsmonat gesunken. 3.827 Personen waren l\u00e4nger als ein Jahr nicht sozialversicherungspflichtig besch\u00e4ftigt, darunter z\u00e4hlen 81,5 Prozent (3.118 Personen) zur Grundsicherung. Verglichen mit den Gesamtzahlen des Vormonates sind dies 169 Langzeitarbeitslose weniger.\u00a0 Im Vergleich zum Vorjahr sinkt die Zahl dieser Arbeitslosen um 769 Personen.<\/p>\n<p><strong>Entwicklung in der Arbeitslosenversicherung \u2013 SGB III<br \/>\n<\/strong>Im Bereich der Arbeitslosenversicherung wurden in diesem Monat 3.897 Personen gemeldet. Die Zahl hat sich im Vergleich zum Vormonat um 218 Personen bzw. 5,3 Prozent verringert. Im Vorjahresvergleich bedeutet dies eine Verringerung um 1.480 Personen oder 27,5 Prozent.<\/p>\n<p><strong>Entwicklung in der Grundsicherung \u2013 SGB II<br \/>\n<\/strong>In der Grundsicherung sind 66 Arbeitslose weniger als im Vormonat und 973 weniger als im Vorjahr zu verzeichnen. Im Verh\u00e4ltnis entspricht dies -1,1 Prozent zum Vormonat bzw. -13,6 Prozent zum Vorjahr. Insgesamt sind es 6.166 Personen und damit 61,3 Prozent aller Arbeitslosen, die zur Grundsicherung gem\u00e4\u00df SGB II z\u00e4hlen.<\/p>\n<p><strong>Stellenangebote<\/strong><br \/>\nUnternehmen aus der Region haben in diesem Monat 1.020 neue Stellen gemeldet (143 weniger als im Vormonat). Im Bestand befanden sich insgesamt 4.622 offene Stellen, 167 mehr als im Vormonat und 1.706 mehr als im Vorjahresmonat.<\/p>\n<p><strong><br \/>\nKreis Siegen-Wittgenstein<\/strong><\/p>\n<p><strong>Arbeitslosigkeit<\/strong><br \/>\nDie Zahl der Arbeitslosen im Kreis Siegen-Wittgenstein ist im M\u00e4rz 2022 gesunken. Insgesamt waren 7.430 Personen arbeitslos gemeldet. Verglichen mit den Zahlen des Vormonates sind dies 221 Personen oder 2,9 Prozent weniger. Im Vergleich zum M\u00e4rz des Vorjahres sinkt die Zahl der Arbeitslosen um 1.656 Personen bzw. 18,2 Prozent. Die Arbeitslosenquote auf Basis aller zivilen Erwerbspersonen betr\u00e4gt 4,8 Prozent. Vor einem Jahr belief sie sich auf 5,8 Prozent (-1,0 Prozentpunkte).<\/p>\n<p><strong>Entwicklung in der Arbeitslosenversicherung \u2013 SGB III<\/strong><br \/>\nIm Bereich der Arbeitslosenversicherung wurden in diesem Monat 2.602 Personen gemeldet. Die Zahl hat sich im Vergleich zum Vormonat um 156 Personen bzw. 5,7 Prozent verringert. Im Vorjahresvergleich bedeutet dies eine Verringerung um 992 Personen oder 27,6 Prozent.<\/p>\n<p><strong>Entwicklung in der Grundsicherung \u2013 SGB II<\/strong><br \/>\nIn der Grundsicherung sind 65 Arbeitslose weniger als im Vormonat und 664 weniger als im Vorjahr zu verzeichnen. Im Verh\u00e4ltnis entspricht dies -1,3 Prozent zum Vormonat bzw. -12,1 Prozent zum Vorjahr. Insgesamt sind es 4.828 Personen und damit 65,0 Prozent aller Arbeitslosen, die zur Grundsicherung gem\u00e4\u00df SGB II z\u00e4hlen.<\/p>\n<p><strong><br \/>\nKreis Olpe<\/strong><\/p>\n<p><strong>Arbeitslosigkeit<\/strong><br \/>\nDie Zahl der Arbeitslosen ist im Kreis Olpe im M\u00e4rz 2022 gesunken. Insgesamt waren 2.633 Personen arbeitslos gemeldet. Verglichen mit den Zahlen des Vormonates sind dies 63 Personen oder 2,3 Prozent weniger. Im Vergleich zum M\u00e4rz des Vorjahres sinkt die Zahl der Arbeitslosen um 797 Personen bzw. 23,2 Prozent. Die Arbeitslosenquote auf Basis aller zivilen Erwerbspersonen betr\u00e4gt im M\u00e4rz 3,3 Prozent. Vor einem Jahr belief sie sich auf 4,3 Prozent (-1,0 Prozentpunkte).<\/p>\n<p><strong>Entwicklung in der Arbeitslosenversicherung \u2013 SGB III<\/strong><br \/>\nIm Bereich der Arbeitslosenversicherung wurden in diesem Monat 1.295 Personen gemeldet. Die Zahl hat sich im Vergleich zum Vormonat verringert um 62 Personen bzw. 4,6 Prozent. Im Vorjahresvergleich bedeutet dies eine Verringerung um 488 Personen oder 27,4 Prozent.<\/p>\n<p><strong>Entwicklung in der Grundsicherung \u2013 SGB II<\/strong><br \/>\nIn der Grundsicherung sind 1 Arbeitslose weniger als im Vormonat und 309 weniger als im Vorjahr zu verzeichnen. Im Verh\u00e4ltnis entspricht dies -0,1 Prozent zum Vormonat bzw. -18,8 Prozent zum Vorjahr. Insgesamt sind es 1.338 Personen und damit 50,8 Prozent aller Arbeitslosen, die zur Grundsicherung gem\u00e4\u00df SGB II z\u00e4hlen.<\/p>\n<p>Text und Foto: Agentur f\u00fcr Arbeit Siegen<\/p>\n","protected":false},"excerpt":{"rendered":"<p>Auch in diesem Monat zeigt sich der regionale Arbeitsmarkt stabil. Die Zahl der Arbeitslosen in den Kreisen Siegen-Wittgenstein und Olpe ist erneut gesunken. \u201eSeit der&#8230;<\/p>\n","protected":false},"author":6,"featured_media":22637,"comment_status":"open","ping_status":"open","sticky":false,"template":"","format":"standard","meta":{"_jetpack_memberships_contains_paid_content":false,"footnotes":""},"categories":[16,32,30],"tags":[],"class_list":["post-28073","post","type-post","status-publish","format-standard","has-post-thumbnail","hentry","category-arbeitsmarkt","category-infos","category-vermischtes"],"jetpack_featured_media_url":"https:\/\/www.vdsm.net\/wronline\/wp-content\/uploads\/2021\/03\/wronline-header-arbeitsmark.jpg","jetpack_sharing_enabled":true,"_links":{"self":[{"href":"https:\/\/www.vdsm.net\/wronline\/wp-json\/wp\/v2\/posts\/28073","targetHints":{"allow":["GET"]}}],"collection":[{"href":"https:\/\/www.vdsm.net\/wronline\/wp-json\/wp\/v2\/posts"}],"about":[{"href":"https:\/\/www.vdsm.net\/wronline\/wp-json\/wp\/v2\/types\/post"}],"author":[{"embeddable":true,"href":"https:\/\/www.vdsm.net\/wronline\/wp-json\/wp\/v2\/users\/6"}],"replies":[{"embeddable":true,"href":"https:\/\/www.vdsm.net\/wronline\/wp-json\/wp\/v2\/comments?post=28073"}],"version-history":[{"count":2,"href":"https:\/\/www.vdsm.net\/wronline\/wp-json\/wp\/v2\/posts\/28073\/revisions"}],"predecessor-version":[{"id":28075,"href":"https:\/\/www.vdsm.net\/wronline\/wp-json\/wp\/v2\/posts\/28073\/revisions\/28075"}],"wp:featuredmedia":[{"embeddable":true,"href":"https:\/\/www.vdsm.net\/wronline\/wp-json\/wp\/v2\/media\/22637"}],"wp:attachment":[{"href":"https:\/\/www.vdsm.net\/wronline\/wp-json\/wp\/v2\/media?parent=28073"}],"wp:term":[{"taxonomy":"category","embeddable":true,"href":"https:\/\/www.vdsm.net\/wronline\/wp-json\/wp\/v2\/categories?post=28073"},{"taxonomy":"post_tag","embeddable":true,"href":"https:\/\/www.vdsm.net\/wronline\/wp-json\/wp\/v2\/tags?post=28073"}],"curies":[{"name":"wp","href":"https:\/\/api.w.org\/{rel}","templated":true}]}}