{"id":28071,"date":"2022-03-31T08:30:22","date_gmt":"2022-03-31T06:30:22","guid":{"rendered":"https:\/\/www.vdsm.net\/wronline\/?p=28071"},"modified":"2022-03-30T16:25:26","modified_gmt":"2022-03-30T14:25:26","slug":"bewerbungsunterlagen-digital-gestalten","status":"publish","type":"post","link":"https:\/\/www.vdsm.net\/wronline\/bewerbungsunterlagen-digital-gestalten\/","title":{"rendered":"Bewerbungsunterlagen digital gestalten"},"content":{"rendered":"<p>Sie planen Ihren Wiedereinstieg in das Berufsleben oder m\u00f6chten sich beruflich umorientieren? Nadine El Moussaoui, Yeliz Yilmaz Pfeifer und Mira Fleper-Tr\u00f6ster, die Beauftragten f\u00fcr Chancengleichheit am Arbeitsmarkt der Siegener Arbeitsagentur und der beiden Jobcenter Kreis Siegen-Wittgenstein und Kreis Olpe, laden allen Interessieren ein, sich auf den aktuellsten Stand zu bringen. Am Mittwoch, den <strong>06.04.2022<\/strong>, findet die Informationsveranstaltung <strong>Bewerbung digital &#8211; Ich bin vorbereitet<\/strong> in der Zeit von <strong>09.15 Uhr- 11.15 Uhr<\/strong> per Skype statt.<\/p>\n<p>In Fachvortr\u00e4gen von DIAS.komm und der Berufsberatung im Erwerbsleben zu den Themen <em>Online Bewerbungen leicht gemacht<\/em> und <em>Digital zum Job \u2013 Wie l\u00e4uft die Stellensuche im Netz?<\/em> erhalten die Teilnehmerinnen und Teilnehmer n\u00fctzliche Tipps bei der Stellensuche, der Erstellung ihrer Bewerbungsunterlagen und der Vorbereitung auf ein Online-Vorstellungsgespr\u00e4ch.<\/p>\n<p>Die Teilnahme an der Veranstaltung ist kostenfrei, eine vorherige Anmeldung \u00fcber <a href=\"mailto:Siegen.BCA@arbeitsagentur.de\">Siegen.BCA@arbeitsagentur.de<\/a> ist notwendig.\u00a0Weitere Informationen zu Veranstaltungen der Agentur f\u00fcr Arbeit Siegen finden Sie unter <a href=\"http:\/\/www.arbeitsagentur.de\/veranstaltungen\" target=\"_blank\" rel=\"noopener\">www.arbeitsagentur.de\/veranstaltungen<\/a>.<\/p>\n<p>Text: Agentur f\u00fcr Arbeit Siegen<\/p>\n","protected":false},"excerpt":{"rendered":"<p>Sie planen Ihren Wiedereinstieg in das Berufsleben oder m\u00f6chten sich beruflich umorientieren? Nadine El Moussaoui, Yeliz Yilmaz Pfeifer und Mira Fleper-Tr\u00f6ster, die Beauftragten f\u00fcr Chancengleichheit&#8230;<\/p>\n","protected":false},"author":6,"featured_media":22637,"comment_status":"open","ping_status":"open","sticky":false,"template":"","format":"standard","meta":{"_jetpack_memberships_contains_paid_content":false,"footnotes":""},"categories":[16,32,34],"tags":[],"class_list":["post-28071","post","type-post","status-publish","format-standard","has-post-thumbnail","hentry","category-arbeitsmarkt","category-infos","category-termine"],"jetpack_featured_media_url":"https:\/\/www.vdsm.net\/wronline\/wp-content\/uploads\/2021\/03\/wronline-header-arbeitsmark.jpg","jetpack_sharing_enabled":true,"_links":{"self":[{"href":"https:\/\/www.vdsm.net\/wronline\/wp-json\/wp\/v2\/posts\/28071","targetHints":{"allow":["GET"]}}],"collection":[{"href":"https:\/\/www.vdsm.net\/wronline\/wp-json\/wp\/v2\/posts"}],"about":[{"href":"https:\/\/www.vdsm.net\/wronline\/wp-json\/wp\/v2\/types\/post"}],"author":[{"embeddable":true,"href":"https:\/\/www.vdsm.net\/wronline\/wp-json\/wp\/v2\/users\/6"}],"replies":[{"embeddable":true,"href":"https:\/\/www.vdsm.net\/wronline\/wp-json\/wp\/v2\/comments?post=28071"}],"version-history":[{"count":1,"href":"https:\/\/www.vdsm.net\/wronline\/wp-json\/wp\/v2\/posts\/28071\/revisions"}],"predecessor-version":[{"id":28072,"href":"https:\/\/www.vdsm.net\/wronline\/wp-json\/wp\/v2\/posts\/28071\/revisions\/28072"}],"wp:featuredmedia":[{"embeddable":true,"href":"https:\/\/www.vdsm.net\/wronline\/wp-json\/wp\/v2\/media\/22637"}],"wp:attachment":[{"href":"https:\/\/www.vdsm.net\/wronline\/wp-json\/wp\/v2\/media?parent=28071"}],"wp:term":[{"taxonomy":"category","embeddable":true,"href":"https:\/\/www.vdsm.net\/wronline\/wp-json\/wp\/v2\/categories?post=28071"},{"taxonomy":"post_tag","embeddable":true,"href":"https:\/\/www.vdsm.net\/wronline\/wp-json\/wp\/v2\/tags?post=28071"}],"curies":[{"name":"wp","href":"https:\/\/api.w.org\/{rel}","templated":true}]}}