{"id":28045,"date":"2022-03-29T09:59:17","date_gmt":"2022-03-29T07:59:17","guid":{"rendered":"https:\/\/www.vdsm.net\/wronline\/?p=28045"},"modified":"2022-03-29T09:59:17","modified_gmt":"2022-03-29T07:59:17","slug":"arbeitsagenturen-in-nrw-veranstalten-tag-der-qualifizierung-am-5-april","status":"publish","type":"post","link":"https:\/\/www.vdsm.net\/wronline\/arbeitsagenturen-in-nrw-veranstalten-tag-der-qualifizierung-am-5-april\/","title":{"rendered":"Arbeitsagenturen in NRW veranstalten Tag der Qualifizierung am 5. April"},"content":{"rendered":"<p>Die Agentur f\u00fcr Arbeit Siegen beteiligt sich ebenfalls am <strong>\u201eQ-Day\u201c\u2013 dem Tag zum Thema Qualifizierung am 5. April 2022.<\/strong>\u00a0 In NRW werden an diesem Tag insgesamt zehn digitale Veranstaltungen angeboten z.B. Durchstarten mit 50 Plus, Berufsabschluss w\u00e4hrend der Arbeitszeit, Wege in Engpassberufe, Digitalisierung und die Entwicklung der Berufswelt sowie finanzielle Realisierungsm\u00f6glichkeiten von Weiterbildung.<\/p>\n<p>Das Online-Angebot richtet sich vor allem an Berufst\u00e4tige und Menschen, die sich auch ohne eine drohende Arbeitslosigkeit, mit Fragen rund um die eigene berufliche Qualifikation besch\u00e4ftigen. Digitalisierung, neue berufliche Ziele, Strukturwandel und die Folgen der Corona-Pandemie &#8211; die Arbeitswelt ver\u00e4ndert sich. H\u00e4ufiger kommt es dadurch auch zu Jobwechseln oder Br\u00fcchen im Lebenslauf. Der Schl\u00fcssel zu all diesen Ver\u00e4nderungen ist eine gute berufliche Qualifizierung.<\/p>\n<p>Zus\u00e4tzlich zu dem Online-Angebot sind die Beraterinnen und Berater des Teams der Berufsberatung im Erwerbsleben an dem Tag von 08.00 Uhr bis 18.00 Uhr telefonisch unter 0241 897-1111 erreichbar und bieten im selben Zeitraum auch eine Videoberatung an.<\/p>\n<p>Eine vorherige Anmeldung\u00a0 f\u00fcr die Veranstaltungen ist nicht erforderlich. Interessierte k\u00f6nnen sich per E-Mail, <a href=\"mailto:Siegen.381-Berufsberatung-im-Erwerbsleben@arbeitsagentur.de\">Siegen.381-Berufsberatung-im-Erwerbsleben@arbeitsagentur.de<\/a> an das Team der Berufsberatung im Erwerbsleben wenden.<\/p>\n<p>Der Link zur Videoberatung und alle Veranstaltungen im \u00dcberblick sind auf <a href=\"http:\/\/www.arbeitsagentur.de\/vor-ort\/rd-nrw\/aktionswoche\" target=\"_blank\" rel=\"noopener\">www.arbeitsagentur.de\/vor-ort\/rd-nrw\/aktionswoche<\/a> zu finden.<\/p>\n<p>Text: Agentur f\u00fcr Arbeit Siegen<\/p>\n","protected":false},"excerpt":{"rendered":"<p>Die Agentur f\u00fcr Arbeit Siegen beteiligt sich ebenfalls am \u201eQ-Day\u201c\u2013 dem Tag zum Thema Qualifizierung am 5. April 2022.\u00a0 In NRW werden an diesem Tag&#8230;<\/p>\n","protected":false},"author":6,"featured_media":22637,"comment_status":"open","ping_status":"open","sticky":false,"template":"","format":"standard","meta":{"_jetpack_memberships_contains_paid_content":false,"footnotes":""},"categories":[16,32,30,34],"tags":[],"class_list":["post-28045","post","type-post","status-publish","format-standard","has-post-thumbnail","hentry","category-arbeitsmarkt","category-infos","category-vermischtes","category-termine"],"jetpack_featured_media_url":"https:\/\/www.vdsm.net\/wronline\/wp-content\/uploads\/2021\/03\/wronline-header-arbeitsmark.jpg","jetpack_sharing_enabled":true,"_links":{"self":[{"href":"https:\/\/www.vdsm.net\/wronline\/wp-json\/wp\/v2\/posts\/28045","targetHints":{"allow":["GET"]}}],"collection":[{"href":"https:\/\/www.vdsm.net\/wronline\/wp-json\/wp\/v2\/posts"}],"about":[{"href":"https:\/\/www.vdsm.net\/wronline\/wp-json\/wp\/v2\/types\/post"}],"author":[{"embeddable":true,"href":"https:\/\/www.vdsm.net\/wronline\/wp-json\/wp\/v2\/users\/6"}],"replies":[{"embeddable":true,"href":"https:\/\/www.vdsm.net\/wronline\/wp-json\/wp\/v2\/comments?post=28045"}],"version-history":[{"count":2,"href":"https:\/\/www.vdsm.net\/wronline\/wp-json\/wp\/v2\/posts\/28045\/revisions"}],"predecessor-version":[{"id":28047,"href":"https:\/\/www.vdsm.net\/wronline\/wp-json\/wp\/v2\/posts\/28045\/revisions\/28047"}],"wp:featuredmedia":[{"embeddable":true,"href":"https:\/\/www.vdsm.net\/wronline\/wp-json\/wp\/v2\/media\/22637"}],"wp:attachment":[{"href":"https:\/\/www.vdsm.net\/wronline\/wp-json\/wp\/v2\/media?parent=28045"}],"wp:term":[{"taxonomy":"category","embeddable":true,"href":"https:\/\/www.vdsm.net\/wronline\/wp-json\/wp\/v2\/categories?post=28045"},{"taxonomy":"post_tag","embeddable":true,"href":"https:\/\/www.vdsm.net\/wronline\/wp-json\/wp\/v2\/tags?post=28045"}],"curies":[{"name":"wp","href":"https:\/\/api.w.org\/{rel}","templated":true}]}}