{"id":2788,"date":"2015-09-30T10:25:10","date_gmt":"2015-09-30T08:25:10","guid":{"rendered":"http:\/\/www.vdsm.net\/wronline\/?p=2788"},"modified":"2015-09-30T10:25:10","modified_gmt":"2015-09-30T08:25:10","slug":"jugendarbeitslosigkeit-geht-deutlich-zurueck","status":"publish","type":"post","link":"https:\/\/www.vdsm.net\/wronline\/jugendarbeitslosigkeit-geht-deutlich-zurueck\/","title":{"rendered":"Jugendarbeitslosigkeit geht deutlich zur\u00fcck"},"content":{"rendered":"<p>Die Jugendarbeitslosigkeit ist im September deutlich zur\u00fcckgegangen. 204 bisher arbeitslose Jugendliche und junge Erwachsene konnten einen neuen Job oder noch einen Ausbildungsplatz finden. Damit waren im September nur noch 1.371 junge Menschen zwischen 15 und 25 Jahren arbeitslos. Die Arbeitslosenquote in der Gruppe der unter 25-j\u00e4hringen sinkt damit um 0,8 Prozentpunkte auf nun 4,9 Prozent. Das sei der niedrigste Wert der letzten vier Jahre, verk\u00fcndet Dr. Bettina Wolf zufrieden: \u201eWir freuen uns sehr, dass so viele junge Menschen schnell wieder einen Arbeitsplatz gefunden haben. Schlie\u00dflich sind sie die Fachkr\u00e4fte von morgen, die unsere Unternehmen dringend brauchen.\u201c Die Vorsitzende der Gesch\u00e4ftsf\u00fchrung der Arbeitsagentur Siegen hatte im Juli noch einen starken Anstieg auf 5,8 Prozent hinnehmen m\u00fcssen, da viele Jugendliche nach der Ausbildung nicht \u00fcbernommen wurden. \u201eJetzt wollen wir auch den \u00fcbrigen Jugendlichen und jungen Erwachsenen helfen, eine Ausbildung oder eine Besch\u00e4ftigung zu finden\u201c, verspricht Dr. Wolf, dass die Agentur f\u00fcr Arbeit auch weiterhin viel Zeit und Arbeitskraft f\u00fcr die jungen Menschen investieren werde.<\/p>\n<p>Der R\u00fcckgang der Jugendarbeitslosigkeit hat auch einen positiven Einfluss auf die allgemeine Arbeitslosigkeit: Die Arbeitslosenquote sinkt im September von 5,2 auf 5,0 Prozent. Die Zahl der Arbeitslosen im Bezirk der Agentur f\u00fcr Arbeit Siegen verringert sich um 3,3 Prozent auf 11.559 M\u00e4nner und Frauen. Im Vergleich zum Vorjahr, als im September 404 Personen mehr arbeitslos waren, geht die Zahl der Arbeitslosen um 3,4 Prozent zur\u00fcck. Die Quote lag im letzten Jahr bei 5,2 Prozent. \u201eDer regionale Arbeitsmarkt entwickelt sich weiterhin sehr positiv. Viele Menschen konnten nach der kleinen aber saisontypischen Sommerflaute einen neuen Job finden\u201c, beschreibt Dr. Bettina Wolf.<\/p>\n<p>Die Arbeitgeber haben im September 930 neue Stellen gemeldet. Das sind 71 Stellen mehr als im Vormonat. Der Bestand an gemeldeten Arbeitsstellen steigt um 3 Prozent auf 2.315. Im Vergleich zum Vorjahr stehen den Arbeitssuchenden 3,5 Prozent mehr Stellen zur Verf\u00fcgung. \u201eDie wirtschaftliche Lage in der Region ist weiterhin gut und der Arbeitsmarkt ist sehr aufnahmef\u00e4hig. Die Unternehmen suchen dringend Mitarbeiter\u201c, bewertet Dr. Wolf die konstant hohe Zahl an freien Stellen.<\/p>\n<p>Die Arbeitslosen setzen sich aus Kunden der beiden Rechtskreise SGB II und III (Sozialgesetzbuch) zusammen. Kunden der Arbeitslosenversicherung und damit der Arbeitsagentur geh\u00f6ren dem Rechtskreis SGB III an. Jobcenter-Kunden erhalten Arbeitslosengeld II und geh\u00f6ren dem Rechtskreis SGB II an. W\u00e4hrend die Arbeitsagentur Siegen f\u00fcr beide Kreise zust\u00e4ndig ist, gibt es ein Jobcenter im Kreis Siegen-Wittgenstein und eins im Kreis Olpe.<\/p>\n<p>Im Bereich der Arbeitsagentur sinkt im September die Zahl der Arbeitslosen verglichen mit August um 161 Personen auf 4.049 M\u00e4nner und Frauen. Der Vergleich mit dem Vorjahr ist ebenfalls positiv: Die Arbeitslosenzahl ist um 310 Personen oder 7,1 Prozent zur\u00fcckgegangen. Im Rechtskreis der beiden Jobcenter sind mit 7.510 Menschen 233 Personen weniger arbeitslos als im August. Ein R\u00fcckgang von 3 Prozent. Im Jahresvergleich ergibt sich ein R\u00fcckgang von 1,2 Prozent, denn im September 2014 waren 94 M\u00e4nner und Frauen mehr arbeitslos.<\/p>\n<p>Dr. Bettina Wolf hat mit ihren Mitarbeiterinnen und Mitarbeitern weiterhin die Langzeitarbeitslosen besonders im Blick: \u201eViele von ihnen sind gut ausgebildet und motiviert und bringen reichhaltige Erfahrungen mit. Ihre Einstellung bietet viele Chancen.\u201c Gleichzeitig werde die Zahl der arbeitssuchenden humanit\u00e4ren Zuwanderer steigen, prognostiziert sie. Daher m\u00f6chten Dr. Bettina Wolf, Stephanie Kr\u00f6mer, Gesch\u00e4ftsf\u00fchrerin des Jobcenter Kreis Siegen-Wittgenstein und Hans-Georg V\u00f6llmicke, Gesch\u00e4ftsf\u00fchrer des Jobcenter Kreis Olpe die Zusammenarbeit intensivieren und auch die beiden Kreise und weitere Netzwerkpartner hinzu ziehen. \u201eDie Integration in Arbeit ist ein Schl\u00fcssel zur Integration in unsere Gesellschaft. Darum m\u00f6chten wir Fl\u00fcchtlinge mit Potenzial f\u00fcr den Arbeitsmarkt m\u00f6glichst fr\u00fch identifizieren, f\u00f6rdern und gemeinsam begleiten. Das gelingt am besten, wenn alle Akteure eng und auf kurzen Wegen zusammen arbeiten\u201c, erl\u00e4utert Dr. Wolf: \u201eDiese neue Aufgabe packen wir selbstverst\u00e4ndlich zus\u00e4tzlich zu unserem Engagement f\u00fcr die arbeitslosen und arbeitssuchenden Menschen in der Region an.\u201c<\/p>\n<p>Im Kreis Siegen-Wittgenstein waren im September 8.296 Menschen ohne Arbeit. Das sind 312 weniger als im August. Die Arbeitslosenquote sinkt um 0,2 Prozentpunkte auf 5,4 Prozent. Im Vorjahr waren 349 Personen mehr arbeitslos. Die Arbeitslosenquote betrug damals 5,7 Prozent. Von den Arbeitslosen sind im September 5.565 Personen Kunden des Jobcenters Kreis Siegen-Wittgenstein. Das sind 215 Personen weniger als im August. Verglichen mit September 2014 zeigt sich ebenfalls ein R\u00fcckgang um 1 Prozent oder 56 Personen.<\/p>\n<p>Im Kreis Olpe sinkt die Zahl der Arbeitslosen im September um 2,5 Prozent auf 3.263 Personen. Die Arbeitslosenquote betr\u00e4gt nun 4,2 Prozent, das sind 0,1 Prozentpunkte weniger als im August. Verglichen mit September 2014 sinkt die Zahl der Arbeitslosen um 55 Personen. Das Jobcenter Kreis Olpe betreute im September 1.945 Arbeitslose. Damit ergibt sich im Kreis Olpe in diesem Rechtskreis ein R\u00fcckgang um 18 Personen im Vergleich zum Vormonat und um 38 Personen zum letzten Jahr.<\/p>\n","protected":false},"excerpt":{"rendered":"<p>Die Jugendarbeitslosigkeit ist im September deutlich zur\u00fcckgegangen. 204 bisher arbeitslose Jugendliche und junge Erwachsene konnten einen neuen Job oder noch einen Ausbildungsplatz finden. Damit waren&#8230;<\/p>\n","protected":false},"author":2,"featured_media":2674,"comment_status":"open","ping_status":"open","sticky":false,"template":"","format":"standard","meta":{"_jetpack_memberships_contains_paid_content":false,"footnotes":""},"categories":[16],"tags":[],"class_list":["post-2788","post","type-post","status-publish","format-standard","has-post-thumbnail","hentry","category-arbeitsmarkt"],"jetpack_featured_media_url":"https:\/\/www.vdsm.net\/wronline\/wp-content\/uploads\/2015\/08\/wronline-header-arbeitsmarkt.jpg","jetpack_sharing_enabled":true,"_links":{"self":[{"href":"https:\/\/www.vdsm.net\/wronline\/wp-json\/wp\/v2\/posts\/2788","targetHints":{"allow":["GET"]}}],"collection":[{"href":"https:\/\/www.vdsm.net\/wronline\/wp-json\/wp\/v2\/posts"}],"about":[{"href":"https:\/\/www.vdsm.net\/wronline\/wp-json\/wp\/v2\/types\/post"}],"author":[{"embeddable":true,"href":"https:\/\/www.vdsm.net\/wronline\/wp-json\/wp\/v2\/users\/2"}],"replies":[{"embeddable":true,"href":"https:\/\/www.vdsm.net\/wronline\/wp-json\/wp\/v2\/comments?post=2788"}],"version-history":[{"count":2,"href":"https:\/\/www.vdsm.net\/wronline\/wp-json\/wp\/v2\/posts\/2788\/revisions"}],"predecessor-version":[{"id":2790,"href":"https:\/\/www.vdsm.net\/wronline\/wp-json\/wp\/v2\/posts\/2788\/revisions\/2790"}],"wp:featuredmedia":[{"embeddable":true,"href":"https:\/\/www.vdsm.net\/wronline\/wp-json\/wp\/v2\/media\/2674"}],"wp:attachment":[{"href":"https:\/\/www.vdsm.net\/wronline\/wp-json\/wp\/v2\/media?parent=2788"}],"wp:term":[{"taxonomy":"category","embeddable":true,"href":"https:\/\/www.vdsm.net\/wronline\/wp-json\/wp\/v2\/categories?post=2788"},{"taxonomy":"post_tag","embeddable":true,"href":"https:\/\/www.vdsm.net\/wronline\/wp-json\/wp\/v2\/tags?post=2788"}],"curies":[{"name":"wp","href":"https:\/\/api.w.org\/{rel}","templated":true}]}}